{"id":2758,"date":"2014-06-02T11:47:09","date_gmt":"2014-06-02T11:47:09","guid":{"rendered":"http:\/\/www.asukkaidenvantaa.fi\/?p=2758"},"modified":"2014-06-02T11:54:05","modified_gmt":"2014-06-02T11:54:05","slug":"vammaiset-markkinatalouden-pyorteissa","status":"publish","type":"post","link":"https:\/\/www.asukkaidenvantaa.fi\/?p=2758","title":{"rendered":"Vammaiset markkinatalouden py\u00f6rteiss\u00e4"},"content":{"rendered":"<p><strong>Pertti Kurikan nimip\u00e4iv\u00e4t \u2013yhtyeen Sami Helle ja Kari Aalto tekiv\u00e4t n\u00e4ytt\u00e4v\u00e4n ty\u00f6n Ei kilpailutukselle \u2013kansalaisaloitteellaan.\u00a0 He nostivat esille itselleen l\u00e4heisen ihmisoikeusn\u00e4k\u00f6kulman: kilpailutus ei ole se tapa, jolla kehitysvammaisten tarvitsemat palvelut voidaan tyydytt\u00e4v\u00e4sti turvata. <\/strong><\/p>\n<p>&nbsp;<\/p>\n<p>Helteen ja Aallon kampanja osaltaan paljasti sosiaalipolitiikkaan tunkeutuneen ylti\u00f6p\u00e4isen markkinahengen ja sen vahingollisuuden ihmisen kannalta.\u00a0 Esimerkiksi olemme j\u00e4\u00e4neet Euroopan Unionissa kaksin brittien kanssa kilpailuttamaan sosiaalista asumista.<\/p>\n<p>Samin ja Karin aloitetta pidet\u00e4\u00e4n oikeutetusti rohkeana. Tosin kaikki vammaisj\u00e4rjest\u00f6t ovat jo pitk\u00e4\u00e4n olleet kilpailuttamisen vastaisella kannalla. Niille toivon lis\u00e4\u00e4 rohkeutta ja profiilin nostoa yhteisen tavoitteen puolesta. Ja laajemminkin. Vanhukset sek\u00e4 mielenterveys- ja p\u00e4ihdekuntoutujat jakavat vastaavat ongelmat.<\/p>\n<p>&nbsp;<\/p>\n<p><strong>Sote-uudistus \u2013 vain yksityist\u00e4misen t\u00e4hden?<\/strong><\/p>\n<p>&nbsp;<\/p>\n<p>Mit\u00e4 uusi hankintalaki ja sote-uudistus tuo vammaisille? Sote-uudistuksella ei ole virallisia sis\u00e4ll\u00f6llisi\u00e4 tavoitteita, esimerkiksi koko v\u00e4est\u00f6n terveyserojen kaventaminen voisi sellainen olla. Sen sijaan <strong>Jouni J. S\u00e4rkij\u00e4rvi<\/strong> on raottanut ovea hallituksen ja ilmeisesti opposition p\u00e4\u00e4osan tahtotilaan kirjoituksellaan Soten askelmerkkej\u00e4. (17.4.2014 Uusi Suomi). Sen mukaan kaikki terveys- ja sosiaalipalvelut kilpailutetaan ja yksityistet\u00e4\u00e4n poikkeuksena vain virkavastuulla hoidettavat teht\u00e4v\u00e4t. Kolmannen sektorin toimijoita ei en\u00e4\u00e4 tarvita.<\/p>\n<p>Vammaistoimijoiden ja kaikkien kilpailuttamisen haitoista tietoisten on syyt\u00e4 irtisanoutua S\u00e4rkij\u00e4rven askelmerkeist\u00e4. Ne ovat kansainv\u00e4lisen hoivabisneksen lobbausta nykyist\u00e4 huonomman hankintalain puolesta.<\/p>\n<p>&nbsp;<\/p>\n<p><strong>Laitosasumisen purkaminen ei tarkoita vain seini\u00e4<\/strong><\/p>\n<p>&nbsp;<\/p>\n<p>Meneill\u00e4\u00e4n on suuria, nimenomaan vammaisia koskevia hankkeita, kuten laitosasumisen purkaminen, vammaislakien yhdist\u00e4minen, itsem\u00e4\u00e4r\u00e4\u00e4misoikeutta s\u00e4\u00e4t\u00e4v\u00e4 lakihanke ja YK:n vammaissopimuksen ratifiointi.\u00a0 Vammaisille on rakennettu laitosasumista korvaavia asumisyksik\u00f6it\u00e4. Toteutuuko niiss\u00e4 ihmisarvoisempi asuminen? Jos uudessa yksik\u00f6ss\u00e4 asuu yli 5 asukasta, tulevat laitosmaiset piirteet esiin. Onko tapahtunut muutosta parempaan, jos asukas ei voi osallistua kykyjens\u00e4 mukaan arkisiin askareisiin, kuten ruoanlaittoon, jos p\u00e4iv\u00e4t kuluvat ilman ty\u00f6t\u00e4 tai harrastuksia, jos henkil\u00f6kunnan pysyvyys, m\u00e4\u00e4r\u00e4 tai ammattitaito ei ole riitt\u00e4v\u00e4, jos omaa ohjaajaa ei ole. On k\u00e4yt\u00e4v\u00e4 julkinen keskustelu laitosta paremman asumisen kriteereist\u00e4. Kunnat ja tuleva sote-hallinto on saatava sulkemaan pois laitosmaiset piirteet, mik\u00e4 ei kilpailuttamalla onnistu.<\/p>\n<p>&nbsp;<\/p>\n<p><strong>Lains\u00e4\u00e4d\u00e4nn\u00f6ss\u00e4 ihmisoikeudet etusijalle<\/strong><\/p>\n<p>&nbsp;<\/p>\n<p>Kehitysvammalain \u00a742 ei ole saanut ansaitsemaansa huomiota keskustelussa k\u00e4ynniss\u00e4 olevista lakihankkeista. Tuo lains\u00e4\u00e4d\u00e4nt\u00f6mme vuodesta 1977 voimassa ollut h\u00e4pe\u00e4pilkku on ollut suurin este YK:n vammaissopimuksen ratifioinnille. Liian v\u00e4h\u00e4ist\u00e4 keskustelua ja ymm\u00e4rryst\u00e4 osoittaa se, ett\u00e4 laitoskulttuurin puoltajat sanovat tulleensa hyvin toimeen ko. lain kanssa. Vammaistutkimuksen akateemisiakin resursseja hy\u00f6dynt\u00e4en on syyt\u00e4 selvitt\u00e4\u00e4 ko. lain negatiiviset vaikutukset kehitysvammahuoltoon. Todenn\u00e4k\u00f6isesti on tapahtunut, mm. l\u00e4\u00e4kkeiden avulla, henkil\u00f6kohtaisen tuen, henkil\u00f6kunnan laadun ja m\u00e4\u00e4r\u00e4n, palveluasumisen laadun sek\u00e4 kehitysvammal\u00e4\u00e4ketieteen kehitt\u00e4misen laiminly\u00f6ntej\u00e4. Uuteen lains\u00e4\u00e4d\u00e4nt\u00f6\u00f6n on tulossa mielenterveyshoidossa k\u00e4yt\u00f6ss\u00e4 olevien pakkohoitok\u00e4yt\u00e4nteiden laajentaminen kehitysvammaisiin. On varmistettava, ettei uudella lains\u00e4\u00e4d\u00e4nn\u00f6ll\u00e4 pyrit\u00e4 vanhan lain \u00a742 mahdollistamiin taloudellisiin s\u00e4\u00e4st\u00f6ihin kehitysvammaisten kustannuksella.<\/p>\n<p><strong>Juha Kovanen<\/strong><\/p>\n<p>&nbsp;<\/p>\n","protected":false},"excerpt":{"rendered":"<p>Pertti Kurikan nimip\u00e4iv\u00e4t \u2013yhtyeen Sami Helle ja Kari Aalto tekiv\u00e4t n\u00e4ytt\u00e4v\u00e4n ty\u00f6n Ei kilpailutukselle \u2013kansalaisaloitteellaan.\u00a0 He nostivat esille itselleen l\u00e4heisen ihmisoikeusn\u00e4k\u00f6kulman: kilpailutus ei ole se tapa, jolla kehitysvammaisten tarvitsemat palvelut voidaan tyydytt\u00e4v\u00e4sti turvata. &nbsp; Helteen ja Aallon kampanja osaltaan paljasti sosiaalipolitiikkaan tunkeutuneen ylti\u00f6p\u00e4isen markkinahengen ja sen vahingollisuuden ihmisen kannalta.\u00a0 Esimerkiksi olemme j\u00e4\u00e4neet Euroopan Unionissa kaksin&hellip;<\/p>\n<p class=\"more-link-p\"><a class=\"more-link\" href=\"https:\/\/www.asukkaidenvantaa.fi\/?p=2758\">Lue lis\u00e4\u00e4 \u2192<\/a><\/p>\n","protected":false},"author":5006,"featured_media":0,"comment_status":"open","ping_status":"open","sticky":false,"template":"","format":"standard","meta":{"footnotes":""},"categories":[1,28],"tags":[342,341,340,338,339,275,173,99,343],"class_list":["post-2758","post","type-post","status-publish","format-standard","hentry","category-uncategorized","category-mielipiteet","tag-jouni-j-sarkijarvi","tag-juha-kovanen","tag-kari-aalto","tag-pertti-kurikan-nimipaivat","tag-sani-helle","tag-sote-uudistus","tag-vammainen","tag-vammaiset","tag-ykn-vammaissopimus"],"_links":{"self":[{"href":"https:\/\/www.asukkaidenvantaa.fi\/index.php?rest_route=\/wp\/v2\/posts\/2758","targetHints":{"allow":["GET"]}}],"collection":[{"href":"https:\/\/www.asukkaidenvantaa.fi\/index.php?rest_route=\/wp\/v2\/posts"}],"about":[{"href":"https:\/\/www.asukkaidenvantaa.fi\/index.php?rest_route=\/wp\/v2\/types\/post"}],"author":[{"embeddable":true,"href":"https:\/\/www.asukkaidenvantaa.fi\/index.php?rest_route=\/wp\/v2\/users\/5006"}],"replies":[{"embeddable":true,"href":"https:\/\/www.asukkaidenvantaa.fi\/index.php?rest_route=%2Fwp%2Fv2%2Fcomments&post=2758"}],"version-history":[{"count":4,"href":"https:\/\/www.asukkaidenvantaa.fi\/index.php?rest_route=\/wp\/v2\/posts\/2758\/revisions"}],"predecessor-version":[{"id":2761,"href":"https:\/\/www.asukkaidenvantaa.fi\/index.php?rest_route=\/wp\/v2\/posts\/2758\/revisions\/2761"}],"wp:attachment":[{"href":"https:\/\/www.asukkaidenvantaa.fi\/index.php?rest_route=%2Fwp%2Fv2%2Fmedia&parent=2758"}],"wp:term":[{"taxonomy":"category","embeddable":true,"href":"https:\/\/www.asukkaidenvantaa.fi\/index.php?rest_route=%2Fwp%2Fv2%2Fcategories&post=2758"},{"taxonomy":"post_tag","embeddable":true,"href":"https:\/\/www.asukkaidenvantaa.fi\/index.php?rest_route=%2Fwp%2Fv2%2Ftags&post=2758"}],"curies":[{"name":"wp","href":"https:\/\/api.w.org\/{rel}","templated":true}]}}