{"id":2750,"date":"2014-06-02T12:10:15","date_gmt":"2014-06-02T12:10:15","guid":{"rendered":"http:\/\/www.asukkaidenvantaa.fi\/?p=2750"},"modified":"2014-06-02T12:10:15","modified_gmt":"2014-06-02T12:10:15","slug":"wampolla-1-vuotis-synttarit","status":"publish","type":"post","link":"https:\/\/www.asukkaidenvantaa.fi\/?p=2750","title":{"rendered":"Wampolla 1-vuotis syntt\u00e4rit"},"content":{"rendered":"<p><strong>Wampon, Vantaan vammaispoliittinen ohjelma, syntt\u00e4reit\u00e4 vietet\u00e4\u00e4n 11.6. kaupungintalolla. Seminaarin: Mit\u00e4 on el\u00e4\u00e4 vammaisena Vantaalla ja kansanjuhlan merkeiss\u00e4.<\/strong><\/p>\n<p>Vantaan vammaispoliittista ohjelmaa Wampoa on toteutettu vuoden verran. On siis aika tarkastella mit\u00e4 on saatu aikaiseksi.<\/p>\n<p>Tapahtuma on kaksiosainen, seminaari ja kansanjuhla. Klo 9 aloitetaan valtuustosalissa julkaisemalla Wampon video, palkitaan vuoden urheiluteko, Tukholman vammaiasiamies Riitta-Leena Karlsson kertoo: Ajankohtaista vammaispolitiikassa, lopuksi paneelikeskustelu vammaisasioista.<br \/>\nKlo 11 siirryt\u00e4\u00e4n kaupungintalon pihalle jossa Resonaari orkesteri viihdytt\u00e4\u00e4 musiikillaan ja soppatykist\u00e4 tarjotaan keittoa.<br \/>\nValtuustosalin osuuteen on ilmoittautuminen 6.6. menness\u00e4, ilmoittautumisosoite ja lis\u00e4\u00e4 tilaisuudesta l\u00f6ytyy Vantaan kotisivulta.<br \/>\nUlkoilmaosuuteen toivotetaan kaikki tervetulleiksi.<\/p>\n<div id=\"attachment_2763\" style=\"width: 551px\" class=\"wp-caption aligncenter\"><a href=\"\/wp-content\/uploads\/sites\/31\/2014\/06\/wAMPO.jpg\"><img loading=\"lazy\" decoding=\"async\" aria-describedby=\"caption-attachment-2763\" src=\"\/wp-content\/uploads\/sites\/31\/2014\/06\/wAMPO.jpg\" alt=\"\" title=\"wAMPO\" width=\"541\" height=\"293\" class=\"size-full wp-image-2763\" srcset=\"https:\/\/www.asukkaidenvantaa.fi\/wp-content\/uploads\/sites\/31\/2014\/06\/wAMPO.jpg 541w, https:\/\/www.asukkaidenvantaa.fi\/wp-content\/uploads\/sites\/31\/2014\/06\/wAMPO-300x162.jpg 300w\" sizes=\"auto, (max-width: 541px) 100vw, 541px\" \/><\/a><p id=\"caption-attachment-2763\" class=\"wp-caption-text\">Wampon viisi keih\u00e4\u00e4nk\u00e4rke\u00e4 joiden sis\u00e4\u00e4n on asetettu suuri joukko toiveita ja toimenpiteit\u00e4.<\/p><\/div>\n","protected":false},"excerpt":{"rendered":"<p>Wampon, Vantaan vammaispoliittinen ohjelma, syntt\u00e4reit\u00e4 vietet\u00e4\u00e4n 11.6. kaupungintalolla. Seminaarin: Mit\u00e4 on el\u00e4\u00e4 vammaisena Vantaalla ja kansanjuhlan merkeiss\u00e4. Vantaan vammaispoliittista ohjelmaa Wampoa on toteutettu vuoden verran. On siis aika tarkastella mit\u00e4 on saatu aikaiseksi. Tapahtuma on kaksiosainen, seminaari ja kansanjuhla. Klo 9 aloitetaan valtuustosalissa julkaisemalla Wampon video, palkitaan vuoden urheiluteko, Tukholman vammaiasiamies Riitta-Leena Karlsson kertoo: Ajankohtaista&hellip;<\/p>\n<p class=\"more-link-p\"><a class=\"more-link\" href=\"https:\/\/www.asukkaidenvantaa.fi\/?p=2750\">Lue lis\u00e4\u00e4 \u2192<\/a><\/p>\n","protected":false},"author":5003,"featured_media":0,"comment_status":"open","ping_status":"open","sticky":false,"template":"","format":"standard","meta":{"footnotes":""},"categories":[35],"tags":[],"class_list":["post-2750","post","type-post","status-publish","format-standard","hentry","category-tapahtumat"],"_links":{"self":[{"href":"https:\/\/www.asukkaidenvantaa.fi\/index.php?rest_route=\/wp\/v2\/posts\/2750","targetHints":{"allow":["GET"]}}],"collection":[{"href":"https:\/\/www.asukkaidenvantaa.fi\/index.php?rest_route=\/wp\/v2\/posts"}],"about":[{"href":"https:\/\/www.asukkaidenvantaa.fi\/index.php?rest_route=\/wp\/v2\/types\/post"}],"author":[{"embeddable":true,"href":"https:\/\/www.asukkaidenvantaa.fi\/index.php?rest_route=\/wp\/v2\/users\/5003"}],"replies":[{"embeddable":true,"href":"https:\/\/www.asukkaidenvantaa.fi\/index.php?rest_route=%2Fwp%2Fv2%2Fcomments&post=2750"}],"version-history":[{"count":10,"href":"https:\/\/www.asukkaidenvantaa.fi\/index.php?rest_route=\/wp\/v2\/posts\/2750\/revisions"}],"predecessor-version":[{"id":2770,"href":"https:\/\/www.asukkaidenvantaa.fi\/index.php?rest_route=\/wp\/v2\/posts\/2750\/revisions\/2770"}],"wp:attachment":[{"href":"https:\/\/www.asukkaidenvantaa.fi\/index.php?rest_route=%2Fwp%2Fv2%2Fmedia&parent=2750"}],"wp:term":[{"taxonomy":"category","embeddable":true,"href":"https:\/\/www.asukkaidenvantaa.fi\/index.php?rest_route=%2Fwp%2Fv2%2Fcategories&post=2750"},{"taxonomy":"post_tag","embeddable":true,"href":"https:\/\/www.asukkaidenvantaa.fi\/index.php?rest_route=%2Fwp%2Fv2%2Ftags&post=2750"}],"curies":[{"name":"wp","href":"https:\/\/api.w.org\/{rel}","templated":true}]}}