{"id":2741,"date":"2014-05-22T16:32:00","date_gmt":"2014-05-22T16:32:00","guid":{"rendered":"http:\/\/www.asukkaidenvantaa.fi\/?p=2741"},"modified":"2014-05-22T16:32:00","modified_gmt":"2014-05-22T16:32:00","slug":"hakunilan-terveysasema-takaisin-kaupungin-hoitoon","status":"publish","type":"post","link":"https:\/\/www.asukkaidenvantaa.fi\/?p=2741","title":{"rendered":"Hakunilan terveysasema takaisin kaupungin hoitoon"},"content":{"rendered":"<p><strong>Attendolle l\u00e4ht\u00f6passit Hakunilasta.<\/strong><br \/>\nSosiaali- ja terveyslautakunta p\u00e4\u00e4tti kokouksessaan 19.5. palauttaa Hakunilan terveysaseman hoidon takaisin Vantaan kaupungille vuoden 2015 alusta.<\/p>\n<p><strong>Yksityiset terveyspalvelut tulevat kalliimmiksi.<\/strong><br \/>\nVantaa teetti konsulttiyritys KPGM:ll\u00e4 selvityksen vaihtoehtoisten tapojen taloudellisista vaikutuksista Hakunilan terveysaseman osalta. Selvitys osoitti, ett\u00e4 toiminta kaupungin omana toimintana tulee edullisemmaksi. <\/p>\n<p>L\u00e4\u00e4k\u00e4ritilanne arvioitiin my\u00f6s paremmaksi kuin vuonna 2012 jolloin Attedo sai Hakunilan terveysaseman hoitoonsa. Huono l\u00e4\u00e4k\u00e4rien saatavuus oli yksi peruste Hakunilan terveysaseman silloiselle yksityist\u00e4miselle.<br \/>\nMy\u00f6s monissa muissa kunnissa on palattu omaan palvelutuotantoon, juuri taloudellisista syist\u00e4. Innokkaimmat yksityist\u00e4misen ajajat ovat perustelleet yksityisten palveluiden tulevan edullisemmiksi. K\u00e4yt\u00e4nt\u00f6 on kuitenkin osoittautunut  p\u00e4invastaiseksi.<br \/>\nSiit\u00e4 huolimatta yksityiset palvelut Vantaallakin laajenevat. Yksityiset rynniv\u00e4t uusille aloille, p\u00e4iv\u00e4kotitoiminta n\u00e4ytt\u00e4\u00e4 olevan kovassa paineessa ja alalle on tulossa isoja ulkomaisia ketjuja.<br \/>\n<div id=\"attachment_2742\" style=\"width: 510px\" class=\"wp-caption aligncenter\"><a href=\"\/wp-content\/uploads\/sites\/31\/2014\/05\/Hakunilan-terveysasema.jpg\"><img loading=\"lazy\" decoding=\"async\" aria-describedby=\"caption-attachment-2742\" src=\"\/wp-content\/uploads\/sites\/31\/2014\/05\/Hakunilan-terveysasema-e1400776068153.jpg\" alt=\"\" title=\"Hakunilan terveysasema\" width=\"500\" height=\"332\" class=\"size-full wp-image-2742\" \/><\/a><p id=\"caption-attachment-2742\" class=\"wp-caption-text\">Hakunilan terveysaseman jokseenkin ankea sis\u00e4\u00e4nk\u00e4ynti. P\u00e4\u00e4asia tietysti on, ett\u00e4 palvelut toimivat.<\/p><\/div>\n<p><strong>Lautakunta p\u00e4\u00e4tti my\u00f6s saattohoidon uudistamisesta.<\/strong><br \/>\nK\u00e4ytt\u00f6\u00f6n otetaan kolmiportainen malli joka perustuu sosiaali- ja terveysministeri\u00f6n ja HYKS:n saattohoidon malleihin.<br \/>\nSaattohoidosta pyrit\u00e4\u00e4n tekem\u00e4\u00e4n potilaalle aikaisempaa joustavampaa. <\/p>\n","protected":false},"excerpt":{"rendered":"<p>Attendolle l\u00e4ht\u00f6passit Hakunilasta. Sosiaali- ja terveyslautakunta p\u00e4\u00e4tti kokouksessaan 19.5. palauttaa Hakunilan terveysaseman hoidon takaisin Vantaan kaupungille vuoden 2015 alusta. Yksityiset terveyspalvelut tulevat kalliimmiksi. Vantaa teetti konsulttiyritys KPGM:ll\u00e4 selvityksen vaihtoehtoisten tapojen taloudellisista vaikutuksista Hakunilan terveysaseman osalta. Selvitys osoitti, ett\u00e4 toiminta kaupungin omana toimintana tulee edullisemmaksi. L\u00e4\u00e4k\u00e4ritilanne arvioitiin my\u00f6s paremmaksi kuin vuonna 2012 jolloin Attedo sai Hakunilan&hellip;<\/p>\n<p class=\"more-link-p\"><a class=\"more-link\" href=\"https:\/\/www.asukkaidenvantaa.fi\/?p=2741\">Lue lis\u00e4\u00e4 \u2192<\/a><\/p>\n","protected":false},"author":5003,"featured_media":0,"comment_status":"open","ping_status":"open","sticky":false,"template":"","format":"standard","meta":{"footnotes":""},"categories":[1],"tags":[337,335,336],"class_list":["post-2741","post","type-post","status-publish","format-standard","hentry","category-uncategorized","tag-attendo","tag-terveysasema","tag-yksityinen"],"_links":{"self":[{"href":"https:\/\/www.asukkaidenvantaa.fi\/index.php?rest_route=\/wp\/v2\/posts\/2741","targetHints":{"allow":["GET"]}}],"collection":[{"href":"https:\/\/www.asukkaidenvantaa.fi\/index.php?rest_route=\/wp\/v2\/posts"}],"about":[{"href":"https:\/\/www.asukkaidenvantaa.fi\/index.php?rest_route=\/wp\/v2\/types\/post"}],"author":[{"embeddable":true,"href":"https:\/\/www.asukkaidenvantaa.fi\/index.php?rest_route=\/wp\/v2\/users\/5003"}],"replies":[{"embeddable":true,"href":"https:\/\/www.asukkaidenvantaa.fi\/index.php?rest_route=%2Fwp%2Fv2%2Fcomments&post=2741"}],"version-history":[{"count":6,"href":"https:\/\/www.asukkaidenvantaa.fi\/index.php?rest_route=\/wp\/v2\/posts\/2741\/revisions"}],"predecessor-version":[{"id":2748,"href":"https:\/\/www.asukkaidenvantaa.fi\/index.php?rest_route=\/wp\/v2\/posts\/2741\/revisions\/2748"}],"wp:attachment":[{"href":"https:\/\/www.asukkaidenvantaa.fi\/index.php?rest_route=%2Fwp%2Fv2%2Fmedia&parent=2741"}],"wp:term":[{"taxonomy":"category","embeddable":true,"href":"https:\/\/www.asukkaidenvantaa.fi\/index.php?rest_route=%2Fwp%2Fv2%2Fcategories&post=2741"},{"taxonomy":"post_tag","embeddable":true,"href":"https:\/\/www.asukkaidenvantaa.fi\/index.php?rest_route=%2Fwp%2Fv2%2Ftags&post=2741"}],"curies":[{"name":"wp","href":"https:\/\/api.w.org\/{rel}","templated":true}]}}