{"id":2732,"date":"2014-05-15T11:33:01","date_gmt":"2014-05-15T11:33:01","guid":{"rendered":"http:\/\/www.asukkaidenvantaa.fi\/?p=2732"},"modified":"2014-05-15T11:33:01","modified_gmt":"2014-05-15T11:33:01","slug":"vantaa-ei-hyvaksy-hameenkylan-liittamista-espooseen","status":"publish","type":"post","link":"https:\/\/www.asukkaidenvantaa.fi\/?p=2732","title":{"rendered":"Vantaa ei hyv\u00e4ksy H\u00e4meenkyl\u00e4n liitt\u00e4mist\u00e4 Espooseen"},"content":{"rendered":"<p><strong>Osa L\u00e4nsi-Vantaan asukkaista suivaantui Vantaan kaupungin palveluihin, erityisesti Tuomelan koulun lopettamiseen, ett\u00e4 pisti hankkeille osan L\u00e4nsi-Vantaan eroamisesta Vantaasta ja liittymisest\u00e4 Espooseen.<\/strong><br \/>\nH\u00e4meenkyl\u00e4n Omakotiyhdistyksen nimiss\u00e4 k\u00e4ynnistetty hanke oli Vantaan kapunginvaltuuston k\u00e4sittelyss\u00e4 12.5.2014. Vantaan kaupunginvaltuusto ei pit\u00e4nyt perusteltuna ehdotettua osittaista kuntaliitosta. Kaupunginvaltuuston p\u00e4\u00e4t\u00f6ksess\u00e4 asiaa tarkasteltiin Vantaan kaupungin kannalta. Liitoksen vaikutuksesta alueen asukkaisiin ei p\u00e4\u00e4t\u00f6ksess\u00e4 juuri arviota n\u00e4kynyt.<br \/>\n<div id=\"attachment_2734\" style=\"width: 692px\" class=\"wp-caption aligncenter\"><a href=\"\/wp-content\/uploads\/sites\/31\/2014\/05\/Vantaa-kartta-2-2.png\"><img loading=\"lazy\" decoding=\"async\" aria-describedby=\"caption-attachment-2734\" src=\"\/wp-content\/uploads\/sites\/31\/2014\/05\/Vantaa-kartta-2-2.png\" alt=\"\" title=\"Vantaa-kartta-2 (2)\" width=\"682\" height=\"585\" class=\"size-full wp-image-2734\" srcset=\"https:\/\/www.asukkaidenvantaa.fi\/wp-content\/uploads\/sites\/31\/2014\/05\/Vantaa-kartta-2-2.png 682w, https:\/\/www.asukkaidenvantaa.fi\/wp-content\/uploads\/sites\/31\/2014\/05\/Vantaa-kartta-2-2-300x257.png 300w\" sizes=\"auto, (max-width: 682px) 100vw, 682px\" \/><\/a><p id=\"caption-attachment-2734\" class=\"wp-caption-text\">Osa l\u00e4nsivantaalaisista haluaisi siirty\u00e4 Vantaalat Espooseen. Vantaan kaupunki ei kuitenkaan n\u00e4e osakuntaliitosta tarkoituksenmukaisena.<\/p><\/div>\n<p>Suorastaan surkuhupaiselta kuulostaa valtuuston p\u00e4\u00e4t\u00f6ksen seuraavat perustelut:<br \/>\n&#8211;          Vantaa on pitk\u00e4\u00e4n kehitt\u00e4nyt toimintansa tehokkuutta. Useissa kuntasektorin vertailuissa on todettu Vantaan keskeisten peruspalvelujen olevan eritt\u00e4in tehokkaasti tuotettuja, toteaa kaupunginjohtaja Kari Nenonen kaupungin kyvyst\u00e4 j\u00e4rjest\u00e4\u00e4 palveluita. P\u00e4\u00e4seminen t\u00e4h\u00e4n tilanteeseen on tarkoittanut palvelujen j\u00e4rjest\u00e4mistapojen ja palveluverkkojen jatkuvaa arviointia ja uudistamista. Vastuullisena kaupunkina Vantaa on tasapainottanut talouttaan siten, ett\u00e4 kaupunki pystyy jatkossakin turvaamaan hyv\u00e4t palvelut kuntalaisilleen. Kaupungin strategian mukaisesti palveluja kehitet\u00e4\u00e4n entist\u00e4kin enemm\u00e4n yhteisty\u00f6ss\u00e4 kuntalaisten kanssa.<\/p>\n<p>Alueen asukkaat ovat kamppailleet monin tavoin s\u00e4ilytt\u00e4\u00e4kseen Tuomelan koulun.<br \/>\nKaupungin strategia palvelujen kehitt\u00e4misest\u00e4 yhteisty\u00f6ss\u00e4 kuntalaisten kanssa ei kuitenkaan Tuomelan kouluasiassa ole toteunut. Asukkaat ja kunta ovat ajutuneet avoimeen v\u00e4lirikkoon josta yhten\u00e4 seurauksena on yritys hakeutua naapurikunnan alaisuuteen.<\/p>\n<p>Lis\u00e4ksi kaupungin vastauksessa viitataan muuhun L\u00e4nsi-Vantaalla tapahtuvaan kehitykseen ja arvellaan sen s\u00e4teilev\u00e4n laajalle ymp\u00e4rist\u00f6\u00f6n.<br \/>\nT\u00e4ss\u00e4 tuntuu olevan v\u00e4h\u00e4n samaa kuin valtakunnan poliitiikassa, rikkaiden rikastuessa lis\u00e4\u00e4 ja lis\u00e4\u00e4 oletetaan, ett\u00e4 p\u00f6yd\u00e4lt\u00e4 tippuu murusia my\u00f6s k\u00f6yhille.<\/p>\n","protected":false},"excerpt":{"rendered":"<p>Osa L\u00e4nsi-Vantaan asukkaista suivaantui Vantaan kaupungin palveluihin, erityisesti Tuomelan koulun lopettamiseen, ett\u00e4 pisti hankkeille osan L\u00e4nsi-Vantaan eroamisesta Vantaasta ja liittymisest\u00e4 Espooseen. H\u00e4meenkyl\u00e4n Omakotiyhdistyksen nimiss\u00e4 k\u00e4ynnistetty hanke oli Vantaan kapunginvaltuuston k\u00e4sittelyss\u00e4 12.5.2014. Vantaan kaupunginvaltuusto ei pit\u00e4nyt perusteltuna ehdotettua osittaista kuntaliitosta. Kaupunginvaltuuston p\u00e4\u00e4t\u00f6ksess\u00e4 asiaa tarkasteltiin Vantaan kaupungin kannalta. Liitoksen vaikutuksesta alueen asukkaisiin ei p\u00e4\u00e4t\u00f6ksess\u00e4 juuri arviota n\u00e4kynyt.&hellip;<\/p>\n<p class=\"more-link-p\"><a class=\"more-link\" href=\"https:\/\/www.asukkaidenvantaa.fi\/?p=2732\">Lue lis\u00e4\u00e4 \u2192<\/a><\/p>\n","protected":false},"author":5003,"featured_media":0,"comment_status":"open","ping_status":"open","sticky":false,"template":"","format":"standard","meta":{"footnotes":""},"categories":[1],"tags":[],"class_list":["post-2732","post","type-post","status-publish","format-standard","hentry","category-uncategorized"],"_links":{"self":[{"href":"https:\/\/www.asukkaidenvantaa.fi\/index.php?rest_route=\/wp\/v2\/posts\/2732","targetHints":{"allow":["GET"]}}],"collection":[{"href":"https:\/\/www.asukkaidenvantaa.fi\/index.php?rest_route=\/wp\/v2\/posts"}],"about":[{"href":"https:\/\/www.asukkaidenvantaa.fi\/index.php?rest_route=\/wp\/v2\/types\/post"}],"author":[{"embeddable":true,"href":"https:\/\/www.asukkaidenvantaa.fi\/index.php?rest_route=\/wp\/v2\/users\/5003"}],"replies":[{"embeddable":true,"href":"https:\/\/www.asukkaidenvantaa.fi\/index.php?rest_route=%2Fwp%2Fv2%2Fcomments&post=2732"}],"version-history":[{"count":6,"href":"https:\/\/www.asukkaidenvantaa.fi\/index.php?rest_route=\/wp\/v2\/posts\/2732\/revisions"}],"predecessor-version":[{"id":2740,"href":"https:\/\/www.asukkaidenvantaa.fi\/index.php?rest_route=\/wp\/v2\/posts\/2732\/revisions\/2740"}],"wp:attachment":[{"href":"https:\/\/www.asukkaidenvantaa.fi\/index.php?rest_route=%2Fwp%2Fv2%2Fmedia&parent=2732"}],"wp:term":[{"taxonomy":"category","embeddable":true,"href":"https:\/\/www.asukkaidenvantaa.fi\/index.php?rest_route=%2Fwp%2Fv2%2Fcategories&post=2732"},{"taxonomy":"post_tag","embeddable":true,"href":"https:\/\/www.asukkaidenvantaa.fi\/index.php?rest_route=%2Fwp%2Fv2%2Ftags&post=2732"}],"curies":[{"name":"wp","href":"https:\/\/api.w.org\/{rel}","templated":true}]}}