{"id":2724,"date":"2014-05-12T06:02:03","date_gmt":"2014-05-12T06:02:03","guid":{"rendered":"http:\/\/www.asukkaidenvantaa.fi\/?p=2724"},"modified":"2014-05-12T06:02:03","modified_gmt":"2014-05-12T06:02:03","slug":"vahti-ryn-ruokajakelut-kaupungintalolla-jatkuvat","status":"publish","type":"post","link":"https:\/\/www.asukkaidenvantaa.fi\/?p=2724","title":{"rendered":"Vahti ry:n ruokajakelut kaupungintalolla jatkuvat"},"content":{"rendered":"<p><strong>Maanantaina 12.5. klo 16.45 Vahti ry jakaa ruokaa kaupungintalon edustalla.<\/strong><br \/>\nSamaan aikaan Vantaan p\u00e4\u00e4tt\u00e4j\u00e4t kokoontuvat kokoukseensa uuteen upeaan valtuustosaliin.<br \/>\nVantaan kaupunki ei ole pystynyt tai paremminkin halunnut avustaa ruokajakelun saamiseksi asialliseen kuntoon Vantaalla. Kymmenien ihmisten tekem\u00e4 vapaaehtoisty\u00f6 vaatisi tilan ja kylm\u00e4kuljetusauton. Mist\u00e4\u00e4n suuresta satsauksesta ei kaupungin mittakaavassa ole kyse.<\/p>\n<p>Siksi ruokajakelu j\u00e4rjestet\u00e4\u00e4n kaupungintalolla jotta p\u00e4\u00e4tt\u00e4j\u00e4t kiirehtisiv\u00e4t ruokajakelun avustamisessa.<br \/>\nRuokajakelun jakama m\u00e4\u00e4r\u00e4 ja jakelusta ruokaa hakevien m\u00e4\u00e4r\u00e4 kertoo karua kielt\u00e4\u00e4n taloudellisesta tilanteesta. Ihmiset todella tarvitsevat apua.<br \/>\n<div id=\"attachment_2725\" style=\"width: 610px\" class=\"wp-caption aligncenter\"><a href=\"\/wp-content\/uploads\/sites\/31\/2014\/05\/Ruokajakelu-3.3.2014-4.jpg\"><img loading=\"lazy\" decoding=\"async\" aria-describedby=\"caption-attachment-2725\" src=\"\/wp-content\/uploads\/sites\/31\/2014\/05\/Ruokajakelu-3.3.2014-4-1024x768.jpg\" alt=\"\" title=\"Ruokajakelu 3.3.2014 4\" width=\"600\" height=\"450\" class=\"size-large wp-image-2725\" \/><\/a><p id=\"caption-attachment-2725\" class=\"wp-caption-text\">Tungosta ruokajakelussa maaliskuun alussa 2014 kaupungintalolla.<\/p><\/div>\n<p>Viime viikolla muurattiin Kivist\u00f6ss\u00e4 uuden ison, upean alueen peruskivi. Uusi kivist\u00f6n alue Keh\u00e4ratoineen sai runsaasti suitsutusta. Koko kaupungin johto oli paikalla suu messingill\u00e4. T\u00e4m\u00e4 miljoonahanke saa huomion osakseen, mutta huomiota ei riit\u00e4 ruokajakelulle.<br \/>\n<div id=\"attachment_2726\" style=\"width: 610px\" class=\"wp-caption aligncenter\"><a href=\"\/wp-content\/uploads\/sites\/31\/2014\/05\/P1020949.jpg\"><img loading=\"lazy\" decoding=\"async\" aria-describedby=\"caption-attachment-2726\" src=\"\/wp-content\/uploads\/sites\/31\/2014\/05\/P1020949-1024x768.jpg\" alt=\"\" title=\"P1020949\" width=\"600\" height=\"450\" class=\"size-large wp-image-2726\" \/><\/a><p id=\"caption-attachment-2726\" class=\"wp-caption-text\">Toiset tapahtumat saavat kaupungin johdon innostumaan, toiset eiv\u00e4t. Kuvassa Vantaan k\u00e4rkikaarti Kivist\u00f6n alueenn peruskiven muurauksessa 7.5.2014. Saako ruokajakelu 12.5. kaupungin johdon huomion. Tilaisuus ainakin on l\u00e4hell\u00e4, kaupungintalon pihamaalla.<\/p><\/div>\n","protected":false},"excerpt":{"rendered":"<p>Maanantaina 12.5. klo 16.45 Vahti ry jakaa ruokaa kaupungintalon edustalla. Samaan aikaan Vantaan p\u00e4\u00e4tt\u00e4j\u00e4t kokoontuvat kokoukseensa uuteen upeaan valtuustosaliin. Vantaan kaupunki ei ole pystynyt tai paremminkin halunnut avustaa ruokajakelun saamiseksi asialliseen kuntoon Vantaalla. Kymmenien ihmisten tekem\u00e4 vapaaehtoisty\u00f6 vaatisi tilan ja kylm\u00e4kuljetusauton. Mist\u00e4\u00e4n suuresta satsauksesta ei kaupungin mittakaavassa ole kyse. Siksi ruokajakelu j\u00e4rjestet\u00e4\u00e4n kaupungintalolla jotta p\u00e4\u00e4tt\u00e4j\u00e4t&hellip;<\/p>\n<p class=\"more-link-p\"><a class=\"more-link\" href=\"https:\/\/www.asukkaidenvantaa.fi\/?p=2724\">Lue lis\u00e4\u00e4 \u2192<\/a><\/p>\n","protected":false},"author":5003,"featured_media":0,"comment_status":"open","ping_status":"open","sticky":false,"template":"","format":"standard","meta":{"footnotes":""},"categories":[35],"tags":[333,332,334],"class_list":["post-2724","post","type-post","status-publish","format-standard","hentry","category-tapahtumat","tag-apu","tag-ruokajakelu","tag-vahti-ry"],"_links":{"self":[{"href":"https:\/\/www.asukkaidenvantaa.fi\/index.php?rest_route=\/wp\/v2\/posts\/2724","targetHints":{"allow":["GET"]}}],"collection":[{"href":"https:\/\/www.asukkaidenvantaa.fi\/index.php?rest_route=\/wp\/v2\/posts"}],"about":[{"href":"https:\/\/www.asukkaidenvantaa.fi\/index.php?rest_route=\/wp\/v2\/types\/post"}],"author":[{"embeddable":true,"href":"https:\/\/www.asukkaidenvantaa.fi\/index.php?rest_route=\/wp\/v2\/users\/5003"}],"replies":[{"embeddable":true,"href":"https:\/\/www.asukkaidenvantaa.fi\/index.php?rest_route=%2Fwp%2Fv2%2Fcomments&post=2724"}],"version-history":[{"count":3,"href":"https:\/\/www.asukkaidenvantaa.fi\/index.php?rest_route=\/wp\/v2\/posts\/2724\/revisions"}],"predecessor-version":[{"id":2729,"href":"https:\/\/www.asukkaidenvantaa.fi\/index.php?rest_route=\/wp\/v2\/posts\/2724\/revisions\/2729"}],"wp:attachment":[{"href":"https:\/\/www.asukkaidenvantaa.fi\/index.php?rest_route=%2Fwp%2Fv2%2Fmedia&parent=2724"}],"wp:term":[{"taxonomy":"category","embeddable":true,"href":"https:\/\/www.asukkaidenvantaa.fi\/index.php?rest_route=%2Fwp%2Fv2%2Fcategories&post=2724"},{"taxonomy":"post_tag","embeddable":true,"href":"https:\/\/www.asukkaidenvantaa.fi\/index.php?rest_route=%2Fwp%2Fv2%2Ftags&post=2724"}],"curies":[{"name":"wp","href":"https:\/\/api.w.org\/{rel}","templated":true}]}}