{"id":2701,"date":"2014-05-07T14:20:52","date_gmt":"2014-05-07T14:20:52","guid":{"rendered":"http:\/\/www.asukkaidenvantaa.fi\/?p=2701"},"modified":"2014-05-07T14:20:52","modified_gmt":"2014-05-07T14:20:52","slug":"kiviston-alueen-peruskivi-muurattiin","status":"publish","type":"post","link":"https:\/\/www.asukkaidenvantaa.fi\/?p=2701","title":{"rendered":"Kivist\u00f6n alueen peruskivi muurattiin"},"content":{"rendered":"<p><strong>Kivist\u00f6n alueen peruskiven muuraustilaisuus oli 7.5.2014.<\/strong><\/p>\n<p>Tilaisuudessa puhuneet, valtiovallan edustaja ministeri Pia Viitanen, Vantaan kaupunginhallituksen puheenjohtaja Antti Lindtman ja rakentajien ja rakennuttajien puheenvuoron k\u00e4ytt\u00e4nyt YIT:n konsernijohtaja Kari Kauniskangas kiiteliv\u00e4t kilvan hanketta ja kaikkien puheessa korostettiin kohtuuhintaisten asuntojen tuottamista.<br \/>\n<div id=\"attachment_2702\" style=\"width: 310px\" class=\"wp-caption aligncenter\"><a href=\"\/wp-content\/uploads\/sites\/31\/2014\/05\/P1020926.jpg\"><img loading=\"lazy\" decoding=\"async\" aria-describedby=\"caption-attachment-2702\" src=\"\/wp-content\/uploads\/sites\/31\/2014\/05\/P1020926-300x225.jpg\" alt=\"\" title=\"P1020926\" width=\"300\" height=\"225\" class=\"size-medium wp-image-2702\" \/><\/a><p id=\"caption-attachment-2702\" class=\"wp-caption-text\">Kivist\u00f6n alueen peruskiven muuraukseen osallitujat odottavat kutsua juhlatelttaan peruskiven muuraustilaisuuteen.<\/p><\/div>\nMinisteri Viitanen muistutti puheessaan valtion viimeaikaisista toimista asuntotuotannon lis\u00e4\u00e4miseksi ja parantamiseksi. Viitanen painotti valtion rakennetoimia ja rakentamisen laatukysymyksi\u00e4.<br \/>\nMinisteri Viitanen piti Kivist\u00f6\u00e4 hienona alueena, kiiteli alueen tulevia liikenneyhteyksi\u00e4 ja alueen suunnittelussa kohtuuhintaisuuden huomioimista.<br \/>\nLopuksi h\u00e4n toivotti Kivist\u00f6lle onnea ja menestyst\u00e4.<br \/>\n<div id=\"attachment_2705\" style=\"width: 310px\" class=\"wp-caption aligncenter\"><a href=\"\/wp-content\/uploads\/sites\/31\/2014\/05\/P1020932.jpg\"><img loading=\"lazy\" decoding=\"async\" aria-describedby=\"caption-attachment-2705\" src=\"\/wp-content\/uploads\/sites\/31\/2014\/05\/P1020932-300x225.jpg\" alt=\"\" title=\"P1020932\" width=\"300\" height=\"225\" class=\"size-medium wp-image-2705\" \/><\/a><p id=\"caption-attachment-2705\" class=\"wp-caption-text\">Valtiovallan tervehdyksen Kivist\u00f6n alueen peruskiven muurauksessa esitti asunto- ja kulttuuriministeri Pia Viitanen.<\/p><\/div>\n<div id=\"attachment_2706\" style=\"width: 310px\" class=\"wp-caption aligncenter\"><a href=\"\/wp-content\/uploads\/sites\/31\/2014\/05\/P1020931.jpg\"><img loading=\"lazy\" decoding=\"async\" aria-describedby=\"caption-attachment-2706\" src=\"\/wp-content\/uploads\/sites\/31\/2014\/05\/P1020931-300x225.jpg\" alt=\"\" title=\"P1020931\" width=\"300\" height=\"225\" class=\"size-medium wp-image-2706\" \/><\/a><p id=\"caption-attachment-2706\" class=\"wp-caption-text\">Kivist\u00f6n koulun oppilaat tervehtiv\u00e4t ministerivierasta ajankohtaisella runosikerm\u00e4ll\u00e4.<\/p><\/div>\n<p>Vantaan kaupuginvaltuuston puheenjohtaja totesi, ett\u00e4 Kivist\u00f6n suunnittelun juuret juontavat jopa 50 vuoden takse. P\u00e4\u00e4t\u00f6s Keh\u00e4radasta oli kuitenkin ratkaiseva askel Kivist\u00f6n alueen suunnittelun ja rakentamisen aloittamiselle.<br \/>\nKeh\u00e4rata valmistuukin parahiksi kes\u00e4ksi 2015 jolloin Kivist\u00f6ss\u00e4 j\u00e4rjestet\u00e4\u00e4n asuntomessut. Asuntomessutalojen rakentaminen on k\u00e4ynnistynyt.<br \/>\nLindtman kertoi alueelle tulevista palveluista mm. Aurinkokiven palvelukeskuksesta johon sijoittuu koulu, p\u00e4iv\u00e4koti ja neuvola. Kivist\u00f6n kaupunkikeskukseen tulee kaupallisia palveluja supermarketteineen.<br \/>\n<div id=\"attachment_2710\" style=\"width: 610px\" class=\"wp-caption aligncenter\"><a href=\"\/wp-content\/uploads\/sites\/31\/2014\/05\/P1020948.jpg\"><img loading=\"lazy\" decoding=\"async\" aria-describedby=\"caption-attachment-2710\" src=\"\/wp-content\/uploads\/sites\/31\/2014\/05\/P1020948-e1399469035242-768x1024.jpg\" alt=\"\" title=\"P1020948\" width=\"600\" height=\"800\" class=\"size-large wp-image-2710\" \/><\/a><p id=\"caption-attachment-2710\" class=\"wp-caption-text\">Ministeri Viitanen ensimm\u00e4sen\u00e4 kauhan varressa, muuraamassa perukiveen lieri\u00f6t\u00e4 jossa on perinteiset: K\u00e4yt\u00f6ss\u00e4 olevat kolikot, p\u00e4iv\u00e4n lehdet ja Kivist\u00f6n koulun oppilaiden piirustuksia. Ministerin otteita seuraavat kaupunginhallituksen puheenjohtaja Antti Lindtman oik. ja apulaiskaupungunjohtaja Juha-Veikko Nikulainen Peruskivi tullaan aikanaan sijoittamaan Juhani Paajasen aukiolle.<\/p><\/div>\n<p>Rakentajien ja rakennuttajien puolesta puhunut YIT:n konsernijohtaja Kari Kauniskangas kiiteli Kivist\u00f6n rakentamisen mallia, rakentajien ja kaupungin toteuttajakumppanuutta sek\u00e4 kaavoitusta.<br \/>\nYIT:n lis\u00e4ksi Kivist\u00f6n rakentajiksi on valittu useita muitakin rakennusliikkeit\u00e4.<br \/>\nYIT aloitti kuitenkin uuden alueen rakentamisen ensimm\u00e4isen\u00e4 t\u00e4m\u00e4n vuoden tammikuun alussa ja ensimm\u00e4isten asuintalojen kauppa on jo k\u00e4ynniss\u00e4.<br \/>\nKonsernijohtaja Kauniskangas totesi parhaillaan vietett\u00e4v\u00e4n ty\u00f6turvallisuusviikkoa teemalla: Viisaat kyp\u00e4r\u00e4t yhteen. YIT:n tavoite on rakentaa Kivist\u00f6 ilman tapaturmia ja uskoi muidenkin rakennusliikkeiden pyrkiv\u00e4n samaan.<br \/>\n<div id=\"attachment_2713\" style=\"width: 610px\" class=\"wp-caption aligncenter\"><a href=\"\/wp-content\/uploads\/sites\/31\/2014\/05\/Kivist\u00f6-7.5.2014-Puhallinorkesteri-Louhi-e1399471580726.jpg\"><img loading=\"lazy\" decoding=\"async\" aria-describedby=\"caption-attachment-2713\" src=\"\/wp-content\/uploads\/sites\/31\/2014\/05\/Kivist\u00f6-7.5.2014-Puhallinorkesteri-Louhi-1024x768.jpg\" alt=\"\" title=\"Kivist\u00f6 7.5.2014 Puhallinorkesteri Louhi\" width=\"600\" height=\"450\" class=\"size-large wp-image-2713\" \/><\/a><p id=\"caption-attachment-2713\" class=\"wp-caption-text\">Juhlakansaa viihdytti vantaalainen puhallinorkesteri Louhi.<\/p><\/div>\n","protected":false},"excerpt":{"rendered":"<p>Kivist\u00f6n alueen peruskiven muuraustilaisuus oli 7.5.2014. Tilaisuudessa puhuneet, valtiovallan edustaja ministeri Pia Viitanen, Vantaan kaupunginhallituksen puheenjohtaja Antti Lindtman ja rakentajien ja rakennuttajien puheenvuoron k\u00e4ytt\u00e4nyt YIT:n konsernijohtaja Kari Kauniskangas kiiteliv\u00e4t kilvan hanketta ja kaikkien puheessa korostettiin kohtuuhintaisten asuntojen tuottamista. Ministeri Viitanen muistutti puheessaan valtion viimeaikaisista toimista asuntotuotannon lis\u00e4\u00e4miseksi ja parantamiseksi. Viitanen painotti valtion rakennetoimia ja rakentamisen&hellip;<\/p>\n<p class=\"more-link-p\"><a class=\"more-link\" href=\"https:\/\/www.asukkaidenvantaa.fi\/?p=2701\">Lue lis\u00e4\u00e4 \u2192<\/a><\/p>\n","protected":false},"author":5003,"featured_media":0,"comment_status":"open","ping_status":"open","sticky":false,"template":"","format":"standard","meta":{"footnotes":""},"categories":[1],"tags":[],"class_list":["post-2701","post","type-post","status-publish","format-standard","hentry","category-uncategorized"],"_links":{"self":[{"href":"https:\/\/www.asukkaidenvantaa.fi\/index.php?rest_route=\/wp\/v2\/posts\/2701","targetHints":{"allow":["GET"]}}],"collection":[{"href":"https:\/\/www.asukkaidenvantaa.fi\/index.php?rest_route=\/wp\/v2\/posts"}],"about":[{"href":"https:\/\/www.asukkaidenvantaa.fi\/index.php?rest_route=\/wp\/v2\/types\/post"}],"author":[{"embeddable":true,"href":"https:\/\/www.asukkaidenvantaa.fi\/index.php?rest_route=\/wp\/v2\/users\/5003"}],"replies":[{"embeddable":true,"href":"https:\/\/www.asukkaidenvantaa.fi\/index.php?rest_route=%2Fwp%2Fv2%2Fcomments&post=2701"}],"version-history":[{"count":12,"href":"https:\/\/www.asukkaidenvantaa.fi\/index.php?rest_route=\/wp\/v2\/posts\/2701\/revisions"}],"predecessor-version":[{"id":2719,"href":"https:\/\/www.asukkaidenvantaa.fi\/index.php?rest_route=\/wp\/v2\/posts\/2701\/revisions\/2719"}],"wp:attachment":[{"href":"https:\/\/www.asukkaidenvantaa.fi\/index.php?rest_route=%2Fwp%2Fv2%2Fmedia&parent=2701"}],"wp:term":[{"taxonomy":"category","embeddable":true,"href":"https:\/\/www.asukkaidenvantaa.fi\/index.php?rest_route=%2Fwp%2Fv2%2Fcategories&post=2701"},{"taxonomy":"post_tag","embeddable":true,"href":"https:\/\/www.asukkaidenvantaa.fi\/index.php?rest_route=%2Fwp%2Fv2%2Ftags&post=2701"}],"curies":[{"name":"wp","href":"https:\/\/api.w.org\/{rel}","templated":true}]}}