{"id":2679,"date":"2014-05-01T17:22:38","date_gmt":"2014-05-01T17:22:38","guid":{"rendered":"http:\/\/www.asukkaidenvantaa.fi\/?p=2679"},"modified":"2014-05-01T17:22:38","modified_gmt":"2014-05-01T17:22:38","slug":"vantaalainen-vappu-alkoi-perinteikkaasti","status":"publish","type":"post","link":"https:\/\/www.asukkaidenvantaa.fi\/?p=2679","title":{"rendered":"Vantaalainen vappu alkoi perinteikk\u00e4\u00e4sti"},"content":{"rendered":"<p><strong>Vantaalainen vappu alkoi ty\u00f6v\u00e4enj\u00e4rjest\u00f6jen yhteisell\u00e4 kunniak\u00e4ynnill\u00e4 punaisten muistomerkill\u00e4 Hiekkaharjussa.<\/strong><br \/>\n                                             <div id=\"attachment_2680\" style=\"width: 310px\" class=\"wp-caption alignright\"><a href=\"\/wp-content\/uploads\/sites\/31\/2014\/05\/Vappu-2014-1-e1398961011907.jpg\"><img loading=\"lazy\" decoding=\"async\" aria-describedby=\"caption-attachment-2680\" src=\"\/wp-content\/uploads\/sites\/31\/2014\/05\/Vappu-2014-1-300x225.jpg\" alt=\"\" title=\"Vappu 2014-1\" width=\"300\" height=\"225\" class=\"size-medium wp-image-2680\" \/><\/a><p id=\"caption-attachment-2680\" class=\"wp-caption-text\">V\u00e4ki lippuineen alkaa kokoontua vappuaamuna Hiekkaharjuun.<\/p><\/div>\nVantaalaisten ty\u00f6v\u00e4enj\u00e4rest\u00f6jen vuoden<br \/>\nainoa yhteisesiintyminen, kunniak\u00e4ynti<br \/>\nluokkasodassa kaatuneiden punaisten<br \/>\nmuistomerkill\u00e4, tapahtui vappuaamuna.<br \/>\nTilaisuuden j\u00e4lkeen eri ty\u00f6v\u00e4enpuolueiden<br \/>\nliput ja kannattajat hajaantuivat omiin<br \/>\njuhliinsa.<\/p>\n<p>Tilaisuudessa puhui KTP:n puheenjohtaja<br \/>\nHannu Harju. <\/p>\n<div id=\"attachment_2693\" style=\"width: 610px\" class=\"wp-caption aligncenter\"><a href=\"\/wp-content\/uploads\/sites\/31\/2014\/05\/Vappu-2014-2.jpg\"><img loading=\"lazy\" decoding=\"async\" aria-describedby=\"caption-attachment-2693\" src=\"\/wp-content\/uploads\/sites\/31\/2014\/05\/Vappu-2014-2-1024x768.jpg\" alt=\"\" title=\"Vappu 2014-2\" width=\"600\" height=\"450\" class=\"size-large wp-image-2693\" \/><\/a><p id=\"caption-attachment-2693\" class=\"wp-caption-text\">Lippurivist\u00f6\u00e4 punaisten muistomerkill\u00e4 Hiekkaharjussa vappuna 2014.<\/p><\/div>\n<p>Jutussa ja kuvateksteiss\u00e4 pariinkin otteeseen mainittu punaisten muistomerkki<br \/>\nsijatsee Hiekkaharjussa Urheilutien varressa urheilukentt\u00e4\u00e4 vastap\u00e4\u00e4t\u00e4.<br \/>\nMuistomerkki on pystytetty seurakunnan toimesta &#8221;tasapainoitus&#8221; toimena Tikkurilaan vanhan aseman puistoon pystytetylle Veteraanipaadelle.<br \/>\nHiekkaharjun muistomerkin pystytt\u00e4j\u00e4n taustasta johtuen muistomerkiss\u00e4 on kirkon tunnus, risti, vaikka punaisissa oli my\u00f6s kirkkoon kuulumattomia.<br \/>\nPunaisten muistomerkki kunnioittaa luokkasodan 1918 punaisten kaatuneiden muistoa. My\u00f6s Tikkurilan aluella k\u00e4ytiin tulitaisteluja ja punaiset ly\u00f6tiin saksasta tuotujen j\u00e4\u00e4k\u00e4reiden hy\u00f6k\u00e4tty\u00e4 punaisten asemiin.<\/p>\n<p>Ty\u00f6v\u00e4enj\u00e4rjest\u00f6jen toimesta on tehty aloite taisteluissa menehtyneiden nimien lis\u00e4\u00e4miseksi muistomerkkiin.<br \/>\nPunaisia kaatui taisteluissa koko Suomessa nykytietojen mukaan 5200 henke\u00e4, teloitettiin, ammuttiin tai murhattiin 7 370 henke\u00e4 ja vankileireill\u00e4 kuoli<br \/>\n11 650 punaista.<br \/>\nValkoisten kuolinuhrien lukum\u00e4\u00e4r\u00e4 oli paljon v\u00e4h\u00e4isempi yhteens\u00e4 5200 henke\u00e4.<br \/>\nVankileireill\u00e4 tiedet\u00e4\u00e4n kuolleen vain 4 valkoista. My\u00f6s punaiset syyllistyiv\u00e4t teloituksiin noin 1400 valkoista teloitettiin.<br \/>\n<div id=\"attachment_2696\" style=\"width: 610px\" class=\"wp-caption aligncenter\"><a href=\"\/wp-content\/uploads\/sites\/31\/2014\/05\/Vappu-2014-4.jpg\"><img loading=\"lazy\" decoding=\"async\" aria-describedby=\"caption-attachment-2696\" src=\"\/wp-content\/uploads\/sites\/31\/2014\/05\/Vappu-2014-4-1024x768.jpg\" alt=\"\" title=\"Vappu 2014-4\" width=\"600\" height=\"450\" class=\"size-large wp-image-2696\" \/><\/a><p id=\"caption-attachment-2696\" class=\"wp-caption-text\">Perinteinen ty\u00f6v\u00e4enmusiikki kuuluu Hiekkaharjussa kunniak\u00e4ynnin ohjelmaan.<\/p><\/div> <\/p>\n","protected":false},"excerpt":{"rendered":"<p>Vantaalainen vappu alkoi ty\u00f6v\u00e4enj\u00e4rjest\u00f6jen yhteisell\u00e4 kunniak\u00e4ynnill\u00e4 punaisten muistomerkill\u00e4 Hiekkaharjussa. Vantaalaisten ty\u00f6v\u00e4enj\u00e4rest\u00f6jen vuoden ainoa yhteisesiintyminen, kunniak\u00e4ynti luokkasodassa kaatuneiden punaisten muistomerkill\u00e4, tapahtui vappuaamuna. Tilaisuuden j\u00e4lkeen eri ty\u00f6v\u00e4enpuolueiden liput ja kannattajat hajaantuivat omiin juhliinsa. Tilaisuudessa puhui KTP:n puheenjohtaja Hannu Harju. Jutussa ja kuvateksteiss\u00e4 pariinkin otteeseen mainittu punaisten muistomerkki sijatsee Hiekkaharjussa Urheilutien varressa urheilukentt\u00e4\u00e4 vastap\u00e4\u00e4t\u00e4. Muistomerkki on pystytetty seurakunnan&hellip;<\/p>\n<p class=\"more-link-p\"><a class=\"more-link\" href=\"https:\/\/www.asukkaidenvantaa.fi\/?p=2679\">Lue lis\u00e4\u00e4 \u2192<\/a><\/p>\n","protected":false},"author":5003,"featured_media":2699,"comment_status":"open","ping_status":"open","sticky":false,"template":"","format":"standard","meta":{"footnotes":""},"categories":[1],"tags":[],"class_list":["post-2679","post","type-post","status-publish","format-standard","has-post-thumbnail","hentry","category-uncategorized"],"_links":{"self":[{"href":"https:\/\/www.asukkaidenvantaa.fi\/index.php?rest_route=\/wp\/v2\/posts\/2679","targetHints":{"allow":["GET"]}}],"collection":[{"href":"https:\/\/www.asukkaidenvantaa.fi\/index.php?rest_route=\/wp\/v2\/posts"}],"about":[{"href":"https:\/\/www.asukkaidenvantaa.fi\/index.php?rest_route=\/wp\/v2\/types\/post"}],"author":[{"embeddable":true,"href":"https:\/\/www.asukkaidenvantaa.fi\/index.php?rest_route=\/wp\/v2\/users\/5003"}],"replies":[{"embeddable":true,"href":"https:\/\/www.asukkaidenvantaa.fi\/index.php?rest_route=%2Fwp%2Fv2%2Fcomments&post=2679"}],"version-history":[{"count":17,"href":"https:\/\/www.asukkaidenvantaa.fi\/index.php?rest_route=\/wp\/v2\/posts\/2679\/revisions"}],"predecessor-version":[{"id":2700,"href":"https:\/\/www.asukkaidenvantaa.fi\/index.php?rest_route=\/wp\/v2\/posts\/2679\/revisions\/2700"}],"wp:featuredmedia":[{"embeddable":true,"href":"https:\/\/www.asukkaidenvantaa.fi\/index.php?rest_route=\/wp\/v2\/media\/2699"}],"wp:attachment":[{"href":"https:\/\/www.asukkaidenvantaa.fi\/index.php?rest_route=%2Fwp%2Fv2%2Fmedia&parent=2679"}],"wp:term":[{"taxonomy":"category","embeddable":true,"href":"https:\/\/www.asukkaidenvantaa.fi\/index.php?rest_route=%2Fwp%2Fv2%2Fcategories&post=2679"},{"taxonomy":"post_tag","embeddable":true,"href":"https:\/\/www.asukkaidenvantaa.fi\/index.php?rest_route=%2Fwp%2Fv2%2Ftags&post=2679"}],"curies":[{"name":"wp","href":"https:\/\/api.w.org\/{rel}","templated":true}]}}