{"id":2663,"date":"2014-04-28T10:46:26","date_gmt":"2014-04-28T10:46:26","guid":{"rendered":"http:\/\/www.asukkaidenvantaa.fi\/?p=2663"},"modified":"2014-04-28T10:47:45","modified_gmt":"2014-04-28T10:47:45","slug":"eu-vaalinumerot-arvottu","status":"publish","type":"post","link":"https:\/\/www.asukkaidenvantaa.fi\/?p=2663","title":{"rendered":"EU vaalinumerot arvottu"},"content":{"rendered":"<p><strong>Hyvinvointivaltion puolesta &#8211; Ei EU:lle, SKP:n ja STP:n yhteislistan vantaalaisehdokkaat listan k\u00e4rjess\u00e4.<br \/>\n<div id=\"attachment_2664\" style=\"width: 258px\" class=\"wp-caption alignleft\"><a href=\"\/wp-content\/uploads\/sites\/31\/2014\/04\/rita-dahl1-248x148_c.jpg\"><img loading=\"lazy\" decoding=\"async\" aria-describedby=\"caption-attachment-2664\" src=\"\/wp-content\/uploads\/sites\/31\/2014\/04\/rita-dahl1-248x148_c.jpg\" alt=\"\" title=\"rita-dahl1-248x148_c\" width=\"248\" height=\"148\" class=\"size-full wp-image-2664\" \/><\/a><p id=\"caption-attachment-2664\" class=\"wp-caption-text\">Rita Dahlin numero tulevissa eurovaaleissa on 22.<\/p><\/div> <div id=\"attachment_2665\" style=\"width: 258px\" class=\"wp-caption alignright\"><a href=\"\/wp-content\/uploads\/sites\/31\/2014\/04\/hulden-lena_view-248x148_c.jpg\"><img loading=\"lazy\" decoding=\"async\" aria-describedby=\"caption-attachment-2665\" src=\"\/wp-content\/uploads\/sites\/31\/2014\/04\/hulden-lena_view-248x148_c.jpg\" alt=\"\" title=\"hulden-lena_view-248x148_c\" width=\"248\" height=\"148\" class=\"size-full wp-image-2665\" \/><\/a><p id=\"caption-attachment-2665\" class=\"wp-caption-text\">Lena Huld\u00e9nin numero tulevissa eurovaaleissa on 23.<\/p><\/div>\n<p>Vaaliliiton numerot ovat 22-41.<br \/>\n<a href=\"http:\/\/hyvinvointivaltionpuolesta.fi\/\">T\u00e4st\u00e4 linkist\u00e4 l\u00f6yd\u00e4t vaaliliiton kaikki ehdokkaat.<\/a><br \/>\n<strong><a href=\"https:\/\/www.facebook.com\/ritdahl?fref=ts\">Rita Dahlin poliitikkosivulta n\u00e4et h\u00e4nen tuoreita kannanottojaan.<\/a><\/strong><\/p>\n","protected":false},"excerpt":{"rendered":"<p>Hyvinvointivaltion puolesta &#8211; Ei EU:lle, SKP:n ja STP:n yhteislistan vantaalaisehdokkaat listan k\u00e4rjess\u00e4. Vaaliliiton numerot ovat 22-41. T\u00e4st\u00e4 linkist\u00e4 l\u00f6yd\u00e4t vaaliliiton kaikki ehdokkaat. Rita Dahlin poliitikkosivulta n\u00e4et h\u00e4nen tuoreita kannanottojaan.<\/p>\n<p class=\"more-link-p\"><a class=\"more-link\" href=\"https:\/\/www.asukkaidenvantaa.fi\/?p=2663\">Lue lis\u00e4\u00e4 \u2192<\/a><\/p>\n","protected":false},"author":5003,"featured_media":0,"comment_status":"open","ping_status":"open","sticky":false,"template":"","format":"standard","meta":{"footnotes":""},"categories":[1],"tags":[],"class_list":["post-2663","post","type-post","status-publish","format-standard","hentry","category-uncategorized"],"_links":{"self":[{"href":"https:\/\/www.asukkaidenvantaa.fi\/index.php?rest_route=\/wp\/v2\/posts\/2663","targetHints":{"allow":["GET"]}}],"collection":[{"href":"https:\/\/www.asukkaidenvantaa.fi\/index.php?rest_route=\/wp\/v2\/posts"}],"about":[{"href":"https:\/\/www.asukkaidenvantaa.fi\/index.php?rest_route=\/wp\/v2\/types\/post"}],"author":[{"embeddable":true,"href":"https:\/\/www.asukkaidenvantaa.fi\/index.php?rest_route=\/wp\/v2\/users\/5003"}],"replies":[{"embeddable":true,"href":"https:\/\/www.asukkaidenvantaa.fi\/index.php?rest_route=%2Fwp%2Fv2%2Fcomments&post=2663"}],"version-history":[{"count":12,"href":"https:\/\/www.asukkaidenvantaa.fi\/index.php?rest_route=\/wp\/v2\/posts\/2663\/revisions"}],"predecessor-version":[{"id":2678,"href":"https:\/\/www.asukkaidenvantaa.fi\/index.php?rest_route=\/wp\/v2\/posts\/2663\/revisions\/2678"}],"wp:attachment":[{"href":"https:\/\/www.asukkaidenvantaa.fi\/index.php?rest_route=%2Fwp%2Fv2%2Fmedia&parent=2663"}],"wp:term":[{"taxonomy":"category","embeddable":true,"href":"https:\/\/www.asukkaidenvantaa.fi\/index.php?rest_route=%2Fwp%2Fv2%2Fcategories&post=2663"},{"taxonomy":"post_tag","embeddable":true,"href":"https:\/\/www.asukkaidenvantaa.fi\/index.php?rest_route=%2Fwp%2Fv2%2Ftags&post=2663"}],"curies":[{"name":"wp","href":"https:\/\/api.w.org\/{rel}","templated":true}]}}