{"id":265,"date":"2012-05-12T15:32:40","date_gmt":"2012-05-12T15:32:40","guid":{"rendered":"http:\/\/www.asukkaidenvantaa.fi\/?p=265"},"modified":"2012-05-12T15:32:40","modified_gmt":"2012-05-12T15:32:40","slug":"kesastartti-tekemista-nuorille-loman-alkaessa","status":"publish","type":"post","link":"https:\/\/www.asukkaidenvantaa.fi\/?p=265","title":{"rendered":"Kes\u00e4Startti, tekemist\u00e4 nuorille loman alkaessa"},"content":{"rendered":"<p>                                                            <a href=\"\/wp-content\/uploads\/sites\/31\/2012\/05\/ty\u00f6paja-2.jpeg\"><img loading=\"lazy\" decoding=\"async\" src=\"\/wp-content\/uploads\/sites\/31\/2012\/05\/ty\u00f6paja-2-150x150.jpg\" alt=\"\" title=\"ty\u00f6paja 2\" width=\"150\" height=\"150\" class=\"alignright size-thumbnail wp-image-266\" \/><\/a><br \/>\nKes\u00e4kuun alussa 3.6.-9.6.2012, heti koulujen loputtua<br \/>\nj\u00e4rjestet\u00e4\u00e4n Myyrm\u00e4ess\u00e4 Kes\u00e4Startti tapahtuma.<br \/>\nTarkoituksena on antaa nuorille vihjeit\u00e4 kes\u00e4tekemiseen<br \/>\nja terveelliseen el\u00e4m\u00e4\u00e4n.<br \/>\nLuvassa on monipuolista tekemist\u00e4. Kaikki Kes\u00e4Startin ti-<br \/>\nlaisuudet ovat ilmaisia.<\/p>\n<p>Hankkeen takana on Vantaan kaupunki ja Myyrm\u00e4een aluetoi-<br \/>\nmikunta. Mukaan tapahtumaan toivotaan my\u00f6s vantaalaisia<br \/>\nj\u00e4rjest\u00f6j\u00e4. 7.6. j\u00e4rjestett\u00e4v\u00e4ss\u00e4 toritapahtumassa &#8221;Torstai<br \/>\non toivoa t\u00e4ynn\u00e4&#8221; eri toimijat esittelev\u00e4t osallistumis-<br \/>\nmahdollisuuksiaan.<\/p>\n","protected":false},"excerpt":{"rendered":"<p>Kes\u00e4kuun alussa 3.6.-9.6.2012, heti koulujen loputtua j\u00e4rjestet\u00e4\u00e4n Myyrm\u00e4ess\u00e4 Kes\u00e4Startti tapahtuma. Tarkoituksena on antaa nuorille vihjeit\u00e4 kes\u00e4tekemiseen ja terveelliseen el\u00e4m\u00e4\u00e4n. Luvassa on monipuolista tekemist\u00e4. Kaikki Kes\u00e4Startin ti- laisuudet ovat ilmaisia. Hankkeen takana on Vantaan kaupunki ja Myyrm\u00e4een aluetoi- mikunta. Mukaan tapahtumaan toivotaan my\u00f6s vantaalaisia j\u00e4rjest\u00f6j\u00e4. 7.6. j\u00e4rjestett\u00e4v\u00e4ss\u00e4 toritapahtumassa &#8221;Torstai on toivoa t\u00e4ynn\u00e4&#8221; eri toimijat esittelev\u00e4t osallistumis-&hellip;<\/p>\n<p class=\"more-link-p\"><a class=\"more-link\" href=\"https:\/\/www.asukkaidenvantaa.fi\/?p=265\">Lue lis\u00e4\u00e4 \u2192<\/a><\/p>\n","protected":false},"author":5003,"featured_media":0,"comment_status":"open","ping_status":"open","sticky":false,"template":"","format":"standard","meta":{"footnotes":""},"categories":[3],"tags":[],"class_list":["post-265","post","type-post","status-publish","format-standard","hentry","category-tausta"],"_links":{"self":[{"href":"https:\/\/www.asukkaidenvantaa.fi\/index.php?rest_route=\/wp\/v2\/posts\/265","targetHints":{"allow":["GET"]}}],"collection":[{"href":"https:\/\/www.asukkaidenvantaa.fi\/index.php?rest_route=\/wp\/v2\/posts"}],"about":[{"href":"https:\/\/www.asukkaidenvantaa.fi\/index.php?rest_route=\/wp\/v2\/types\/post"}],"author":[{"embeddable":true,"href":"https:\/\/www.asukkaidenvantaa.fi\/index.php?rest_route=\/wp\/v2\/users\/5003"}],"replies":[{"embeddable":true,"href":"https:\/\/www.asukkaidenvantaa.fi\/index.php?rest_route=%2Fwp%2Fv2%2Fcomments&post=265"}],"version-history":[{"count":4,"href":"https:\/\/www.asukkaidenvantaa.fi\/index.php?rest_route=\/wp\/v2\/posts\/265\/revisions"}],"predecessor-version":[{"id":270,"href":"https:\/\/www.asukkaidenvantaa.fi\/index.php?rest_route=\/wp\/v2\/posts\/265\/revisions\/270"}],"wp:attachment":[{"href":"https:\/\/www.asukkaidenvantaa.fi\/index.php?rest_route=%2Fwp%2Fv2%2Fmedia&parent=265"}],"wp:term":[{"taxonomy":"category","embeddable":true,"href":"https:\/\/www.asukkaidenvantaa.fi\/index.php?rest_route=%2Fwp%2Fv2%2Fcategories&post=265"},{"taxonomy":"post_tag","embeddable":true,"href":"https:\/\/www.asukkaidenvantaa.fi\/index.php?rest_route=%2Fwp%2Fv2%2Ftags&post=265"}],"curies":[{"name":"wp","href":"https:\/\/api.w.org\/{rel}","templated":true}]}}