{"id":2638,"date":"2014-04-23T08:01:42","date_gmt":"2014-04-23T08:01:42","guid":{"rendered":"http:\/\/www.asukkaidenvantaa.fi\/?p=2638"},"modified":"2014-04-24T07:49:10","modified_gmt":"2014-04-24T07:49:10","slug":"ukrainan-tilanne-vantaan-rauhanklubissa","status":"publish","type":"post","link":"https:\/\/www.asukkaidenvantaa.fi\/?p=2638","title":{"rendered":"Ukrainan tilanne Vantaan Rauhanklubissa"},"content":{"rendered":"<p><strong>Ensi maanantaina 28.4. kokoontuvassa Vantaan Rauhanklubissa k\u00e4sitell\u00e4\u00e4n Ukrainan tilannetta.<\/strong><br \/>\nKeskustelun viritt\u00e4v\u00e4t k\u00e4yntiin kolme EU vaaliehdokasta. Kimmo Kiljunen sosiaalidemokraattien kansainv\u00e4listen asioiden k\u00e4rke\u00e4, Antti Pesonen IPU:n puheenjohtaja ja Iida Yl\u00f6nen hyvink\u00e4\u00e4l\u00e4inen ty\u00f6t\u00f6n muotoilija SKP:n ehdokas.<\/p>\n<p>Yleis\u00f6lle on varattu aikaa kysymyksille ja keskustelulle.<br \/>\nRauhanklubi tarjoaa kahvit tai teet, maun mukaan.<br \/>\n<div id=\"attachment_2644\" style=\"width: 610px\" class=\"wp-caption aligncenter\"><a href=\"\/wp-content\/uploads\/sites\/31\/2014\/04\/2.-Rauhanklubin-mainos-2.jpg\"><img loading=\"lazy\" decoding=\"async\" aria-describedby=\"caption-attachment-2644\" src=\"\/wp-content\/uploads\/sites\/31\/2014\/04\/2.-Rauhanklubin-mainos-2-724x1024.jpg\" alt=\"\" title=\"2. Rauhanklubin mainos (2)\" width=\"600\" height=\"848\" class=\"size-large wp-image-2644\" \/><\/a><p id=\"caption-attachment-2644\" class=\"wp-caption-text\">Vantaan Rauhanklubin mainos 28.4.2014.<\/p><\/div>\n","protected":false},"excerpt":{"rendered":"<p>Ensi maanantaina 28.4. kokoontuvassa Vantaan Rauhanklubissa k\u00e4sitell\u00e4\u00e4n Ukrainan tilannetta. Keskustelun viritt\u00e4v\u00e4t k\u00e4yntiin kolme EU vaaliehdokasta. Kimmo Kiljunen sosiaalidemokraattien kansainv\u00e4listen asioiden k\u00e4rke\u00e4, Antti Pesonen IPU:n puheenjohtaja ja Iida Yl\u00f6nen hyvink\u00e4\u00e4l\u00e4inen ty\u00f6t\u00f6n muotoilija SKP:n ehdokas. Yleis\u00f6lle on varattu aikaa kysymyksille ja keskustelulle. Rauhanklubi tarjoaa kahvit tai teet, maun mukaan.<\/p>\n<p class=\"more-link-p\"><a class=\"more-link\" href=\"https:\/\/www.asukkaidenvantaa.fi\/?p=2638\">Lue lis\u00e4\u00e4 \u2192<\/a><\/p>\n","protected":false},"author":5003,"featured_media":0,"comment_status":"open","ping_status":"open","sticky":false,"template":"","format":"standard","meta":{"footnotes":""},"categories":[35],"tags":[],"class_list":["post-2638","post","type-post","status-publish","format-standard","hentry","category-tapahtumat"],"_links":{"self":[{"href":"https:\/\/www.asukkaidenvantaa.fi\/index.php?rest_route=\/wp\/v2\/posts\/2638","targetHints":{"allow":["GET"]}}],"collection":[{"href":"https:\/\/www.asukkaidenvantaa.fi\/index.php?rest_route=\/wp\/v2\/posts"}],"about":[{"href":"https:\/\/www.asukkaidenvantaa.fi\/index.php?rest_route=\/wp\/v2\/types\/post"}],"author":[{"embeddable":true,"href":"https:\/\/www.asukkaidenvantaa.fi\/index.php?rest_route=\/wp\/v2\/users\/5003"}],"replies":[{"embeddable":true,"href":"https:\/\/www.asukkaidenvantaa.fi\/index.php?rest_route=%2Fwp%2Fv2%2Fcomments&post=2638"}],"version-history":[{"count":5,"href":"https:\/\/www.asukkaidenvantaa.fi\/index.php?rest_route=\/wp\/v2\/posts\/2638\/revisions"}],"predecessor-version":[{"id":2646,"href":"https:\/\/www.asukkaidenvantaa.fi\/index.php?rest_route=\/wp\/v2\/posts\/2638\/revisions\/2646"}],"wp:attachment":[{"href":"https:\/\/www.asukkaidenvantaa.fi\/index.php?rest_route=%2Fwp%2Fv2%2Fmedia&parent=2638"}],"wp:term":[{"taxonomy":"category","embeddable":true,"href":"https:\/\/www.asukkaidenvantaa.fi\/index.php?rest_route=%2Fwp%2Fv2%2Fcategories&post=2638"},{"taxonomy":"post_tag","embeddable":true,"href":"https:\/\/www.asukkaidenvantaa.fi\/index.php?rest_route=%2Fwp%2Fv2%2Ftags&post=2638"}],"curies":[{"name":"wp","href":"https:\/\/api.w.org\/{rel}","templated":true}]}}