{"id":260,"date":"2012-05-11T22:05:35","date_gmt":"2012-05-11T22:05:35","guid":{"rendered":"http:\/\/www.asukkaidenvantaa.fi\/?p=260"},"modified":"2012-05-23T13:18:02","modified_gmt":"2012-05-23T13:18:02","slug":"yleisradio-keventaa-ohjelmistoaan","status":"publish","type":"post","link":"https:\/\/www.asukkaidenvantaa.fi\/?p=260","title":{"rendered":"Yleisradio kevent\u00e4\u00e4 ohjelmistoaan"},"content":{"rendered":"<p>&#8221;Yle kehitt\u00e4\u00e4 toimintaansa modernina, <strong>asiakas<\/strong>l\u00e4ht\u00f6isen\u00e4 ja tehokkaana julkisen palvelun mediayhti\u00f6n\u00e4 ja suomalaisena kulttuuri-instituutioina&#8221;. N\u00e4in ylev\u00e4sti m\u00e4\u00e4rittelee Yleisradion hallituksen puheenjohtaja <strong>Kari Neilimo<\/strong> Ylen vision tuleville vuosille. Ylell\u00e4 on siis <strong>asiakkaita<\/strong> !<\/p>\n<p>Yleisradio keskittyy nyt markkinoimaan kanaviaan &#8221;aikuisille nuorille&#8221;. He ovat siis niit\u00e4 asiakkaita.\u00a0 Miss\u00e4 logiikka? Jos t\u00e4m\u00e4 koko kansan kulttuuri-instituutio toteuttaa lakia, jolle sen koko olemassaolon oikeus perustuu, miksi n\u00e4m\u00e4 &#8221;asiakkaat&#8221; segmentoidaan ik\u00e4ryhmien mukaan? T\u00e4ss\u00e4 on taas kysymys siit\u00e4 nyky-Ylen dilemmasta; armoton kilpailu kaupallisten kanavien kanssa.<\/p>\n<p>Voisi vet\u00e4ist\u00e4 t\u00e4h\u00e4n poikkitaiteellisen\/poikkikulttuurisen n\u00e4k\u00f6kulman. Meill\u00e4 on aina ylistetty kirjastolaitostamme. Eik\u00e4 sit\u00e4 juuri k\u00e4y kritisoiminen. Jos meid\u00e4n (kunnallisten) kirjastojen &#8221;asiakasl\u00e4ht\u00f6isyys&#8221;, tarjonta perustuisi kuvitteellisien, samalla sabluunalla rajattujen lainaajien ik\u00e4jakaumaan, pit\u00e4isi kai siell\u00e4 hyllyt t\u00e4ytt\u00e4\u00e4 pelkill\u00e4 sarjakuvakirjoilla ja kioskipokkareilla.<\/p>\n<p>Yleisradio siis kevent\u00e4\u00e4 tarjontaansa!<\/p>\n<p>Mik\u00e4 on t\u00e4m\u00e4 kilpailu nuorista katsojista? Mik\u00e4 pakottaa Yleisradion kisaamaan televisio-ohjelmillaan t\u00e4st\u00e4 mahdollisesti maksukykyisest\u00e4 katsojamassasta? Samat kysymykset voi asettaa my\u00f6s \u00e4\u00e4niradion suhteen. Tuon teknisesti hienon instrumentin, &#8221;totuuden torven&#8221;, jota varten Yleisradio-laki aikoinaan s\u00e4\u00e4dettiin, kulttuurinen\/opetus\/ajankohtaisuus-ajatus hyl\u00e4ttiin jo muinaisella 1990-luvulla ns. suuren radiouudistuksen my\u00f6t\u00e4. Kaikki tuon lain sis\u00e4lt\u00e4m\u00e4t ideat tulivat ohjelmatyyppein\u00e4 tiens\u00e4 p\u00e4\u00e4h\u00e4n. Olivat pitk\u00e4stytt\u00e4v\u00e4\u00e4, tyls\u00e4\u00e4, &#8230; Piti uudistua. Kaiken pit\u00e4\u00e4 vain viihdytt\u00e4\u00e4.<\/p>\n<p>Mielest\u00e4ni t\u00e4m\u00e4 &#8221;nuoruuden siet\u00e4m\u00e4t\u00f6n keveys&#8221; on aikamme valhe. Miksi valtio-omisteinen yleisradioyhti\u00f6 pyrkii tukemaan tuota sy\u00f6ksykierrett\u00e4?<\/p>\n<p>T\u00e4m\u00e4 kaupallisten kanavien kanssa kisaaminen on suuresti ristiriidassa sen kulttuuri-instituution alkuidean kanssa. Vai onko t\u00e4m\u00e4n p\u00e4iv\u00e4n nuorten el\u00e4m\u00e4 niin siet\u00e4m\u00e4tt\u00f6m\u00e4n kevytt\u00e4, ettei heille voi kertoa mit\u00e4 maailmassa oikeasti tapahtuu?<\/p>\n","protected":false},"excerpt":{"rendered":"<p>&#8221;Yle kehitt\u00e4\u00e4 toimintaansa modernina, asiakasl\u00e4ht\u00f6isen\u00e4 ja tehokkaana julkisen palvelun mediayhti\u00f6n\u00e4 ja suomalaisena kulttuuri-instituutioina&#8221;. N\u00e4in ylev\u00e4sti m\u00e4\u00e4rittelee Yleisradion hallituksen puheenjohtaja Kari Neilimo Ylen vision tuleville vuosille. Ylell\u00e4 on siis asiakkaita ! Yleisradio keskittyy nyt markkinoimaan kanaviaan &#8221;aikuisille nuorille&#8221;. He ovat siis niit\u00e4 asiakkaita.\u00a0 Miss\u00e4 logiikka? Jos t\u00e4m\u00e4 koko kansan kulttuuri-instituutio toteuttaa lakia, jolle sen koko olemassaolon&hellip;<\/p>\n<p class=\"more-link-p\"><a class=\"more-link\" href=\"https:\/\/www.asukkaidenvantaa.fi\/?p=260\">Lue lis\u00e4\u00e4 \u2192<\/a><\/p>\n","protected":false},"author":5006,"featured_media":305,"comment_status":"open","ping_status":"open","sticky":false,"template":"","format":"standard","meta":{"footnotes":""},"categories":[10,28],"tags":[48,47],"class_list":["post-260","post","type-post","status-publish","format-standard","has-post-thumbnail","hentry","category-kulttuuri","category-mielipiteet","tag-yle","tag-yleisradio"],"_links":{"self":[{"href":"https:\/\/www.asukkaidenvantaa.fi\/index.php?rest_route=\/wp\/v2\/posts\/260","targetHints":{"allow":["GET"]}}],"collection":[{"href":"https:\/\/www.asukkaidenvantaa.fi\/index.php?rest_route=\/wp\/v2\/posts"}],"about":[{"href":"https:\/\/www.asukkaidenvantaa.fi\/index.php?rest_route=\/wp\/v2\/types\/post"}],"author":[{"embeddable":true,"href":"https:\/\/www.asukkaidenvantaa.fi\/index.php?rest_route=\/wp\/v2\/users\/5006"}],"replies":[{"embeddable":true,"href":"https:\/\/www.asukkaidenvantaa.fi\/index.php?rest_route=%2Fwp%2Fv2%2Fcomments&post=260"}],"version-history":[{"count":7,"href":"https:\/\/www.asukkaidenvantaa.fi\/index.php?rest_route=\/wp\/v2\/posts\/260\/revisions"}],"predecessor-version":[{"id":264,"href":"https:\/\/www.asukkaidenvantaa.fi\/index.php?rest_route=\/wp\/v2\/posts\/260\/revisions\/264"}],"wp:featuredmedia":[{"embeddable":true,"href":"https:\/\/www.asukkaidenvantaa.fi\/index.php?rest_route=\/wp\/v2\/media\/305"}],"wp:attachment":[{"href":"https:\/\/www.asukkaidenvantaa.fi\/index.php?rest_route=%2Fwp%2Fv2%2Fmedia&parent=260"}],"wp:term":[{"taxonomy":"category","embeddable":true,"href":"https:\/\/www.asukkaidenvantaa.fi\/index.php?rest_route=%2Fwp%2Fv2%2Fcategories&post=260"},{"taxonomy":"post_tag","embeddable":true,"href":"https:\/\/www.asukkaidenvantaa.fi\/index.php?rest_route=%2Fwp%2Fv2%2Ftags&post=260"}],"curies":[{"name":"wp","href":"https:\/\/api.w.org\/{rel}","templated":true}]}}