{"id":2587,"date":"2014-04-02T08:34:28","date_gmt":"2014-04-02T08:34:28","guid":{"rendered":"http:\/\/www.asukkaidenvantaa.fi\/?p=2587"},"modified":"2014-04-02T08:34:28","modified_gmt":"2014-04-02T08:34:28","slug":"juha-kovanen-jatkaa-vantaan-rauhanpuolustajien-johdossa","status":"publish","type":"post","link":"https:\/\/www.asukkaidenvantaa.fi\/?p=2587","title":{"rendered":"Juha Kovanen jatkaa Vantaan Rauhanpuolustajien johdossa"},"content":{"rendered":"<p><strong>Vuosikokous valitsi Juha Kovasen<br \/>\njatkolle puheenjohtajan pestiin.<\/strong>        <div id=\"attachment_2588\" style=\"width: 160px\" class=\"wp-caption alignright\"><a href=\"\/wp-content\/uploads\/sites\/31\/2014\/04\/Juha-Kovanen-Natoa-vastaan.jpg\"><img loading=\"lazy\" decoding=\"async\" aria-describedby=\"caption-attachment-2588\" src=\"\/wp-content\/uploads\/sites\/31\/2014\/04\/Juha-Kovanen-Natoa-vastaan-150x150.jpg\" alt=\"\" title=\"Juha Kovanen Natoa vastaan\" width=\"150\" height=\"150\" class=\"size-thumbnail wp-image-2588\" srcset=\"https:\/\/www.asukkaidenvantaa.fi\/wp-content\/uploads\/sites\/31\/2014\/04\/Juha-Kovanen-Natoa-vastaan-150x150.jpg 150w, https:\/\/www.asukkaidenvantaa.fi\/wp-content\/uploads\/sites\/31\/2014\/04\/Juha-Kovanen-Natoa-vastaan-60x60.jpg 60w\" sizes=\"auto, (max-width: 150px) 100vw, 150px\" \/><\/a><p id=\"caption-attachment-2588\" class=\"wp-caption-text\">Juha Kovanen jatkaa Vantaan Rauhanpuolustajien puheenjohtajana.<\/p><\/div>\nMuiksi toimikunnan j\u00e4seniksi valittiin<br \/>\nHaitman Hanna, Riitta H\u00e4k\u00e4l\u00e4, Ebba Matinlassi,<br \/>\nErkki Matinlassi, Unto Nikula ja Kimmo Snellman.<\/p>\n<p>T\u00e4rkeimpi\u00e4 toiminnan kohteita ovat edelleen Rauhan-<br \/>\nklubin toiminta Silkinportissa kuukauden viimeisen\u00e4<br \/>\nmaanantaina. Rauhanklubi on avoin keskustelutilaisuus<br \/>\najankohtaisista rauhan kysymyksist\u00e4 yleens\u00e4 asian-<br \/>\ntuntevan alustuksen pohjalta. Rauhanklubiin on vapaa<br \/>\np\u00e4\u00e4sy ja kahvitkin tai teet tarjotaan.<\/p>\n<p>Perinteinen Hiroshiman pommituksen muistop\u00e4iv\u00e4n tilaisuus j\u00e4rjestet\u00e4\u00e4n<br \/>\n6.8. Veinin Myllyll\u00e4 Tikkurilassa.<\/p>\n<p>Vantaan Rauhanpuolustajilla on my\u00f6s kummitoimintaa. Parhaillaan kummit avustavat libanonilaisen tyt\u00f6n kouluttamista.<\/p>\n","protected":false},"excerpt":{"rendered":"<p>Vuosikokous valitsi Juha Kovasen jatkolle puheenjohtajan pestiin. Muiksi toimikunnan j\u00e4seniksi valittiin Haitman Hanna, Riitta H\u00e4k\u00e4l\u00e4, Ebba Matinlassi, Erkki Matinlassi, Unto Nikula ja Kimmo Snellman. T\u00e4rkeimpi\u00e4 toiminnan kohteita ovat edelleen Rauhan- klubin toiminta Silkinportissa kuukauden viimeisen\u00e4 maanantaina. Rauhanklubi on avoin keskustelutilaisuus ajankohtaisista rauhan kysymyksist\u00e4 yleens\u00e4 asian- tuntevan alustuksen pohjalta. Rauhanklubiin on vapaa p\u00e4\u00e4sy ja kahvitkin tai&hellip;<\/p>\n<p class=\"more-link-p\"><a class=\"more-link\" href=\"https:\/\/www.asukkaidenvantaa.fi\/?p=2587\">Lue lis\u00e4\u00e4 \u2192<\/a><\/p>\n","protected":false},"author":5003,"featured_media":0,"comment_status":"open","ping_status":"open","sticky":false,"template":"","format":"standard","meta":{"footnotes":""},"categories":[1],"tags":[],"class_list":["post-2587","post","type-post","status-publish","format-standard","hentry","category-uncategorized"],"_links":{"self":[{"href":"https:\/\/www.asukkaidenvantaa.fi\/index.php?rest_route=\/wp\/v2\/posts\/2587","targetHints":{"allow":["GET"]}}],"collection":[{"href":"https:\/\/www.asukkaidenvantaa.fi\/index.php?rest_route=\/wp\/v2\/posts"}],"about":[{"href":"https:\/\/www.asukkaidenvantaa.fi\/index.php?rest_route=\/wp\/v2\/types\/post"}],"author":[{"embeddable":true,"href":"https:\/\/www.asukkaidenvantaa.fi\/index.php?rest_route=\/wp\/v2\/users\/5003"}],"replies":[{"embeddable":true,"href":"https:\/\/www.asukkaidenvantaa.fi\/index.php?rest_route=%2Fwp%2Fv2%2Fcomments&post=2587"}],"version-history":[{"count":12,"href":"https:\/\/www.asukkaidenvantaa.fi\/index.php?rest_route=\/wp\/v2\/posts\/2587\/revisions"}],"predecessor-version":[{"id":2600,"href":"https:\/\/www.asukkaidenvantaa.fi\/index.php?rest_route=\/wp\/v2\/posts\/2587\/revisions\/2600"}],"wp:attachment":[{"href":"https:\/\/www.asukkaidenvantaa.fi\/index.php?rest_route=%2Fwp%2Fv2%2Fmedia&parent=2587"}],"wp:term":[{"taxonomy":"category","embeddable":true,"href":"https:\/\/www.asukkaidenvantaa.fi\/index.php?rest_route=%2Fwp%2Fv2%2Fcategories&post=2587"},{"taxonomy":"post_tag","embeddable":true,"href":"https:\/\/www.asukkaidenvantaa.fi\/index.php?rest_route=%2Fwp%2Fv2%2Ftags&post=2587"}],"curies":[{"name":"wp","href":"https:\/\/api.w.org\/{rel}","templated":true}]}}