{"id":2554,"date":"2014-03-23T04:35:44","date_gmt":"2014-03-23T04:35:44","guid":{"rendered":"http:\/\/www.asukkaidenvantaa.fi\/?p=2554"},"modified":"2014-03-23T04:35:44","modified_gmt":"2014-03-23T04:35:44","slug":"tropiikin-rytmeja-martinus-salissa","status":"publish","type":"post","link":"https:\/\/www.asukkaidenvantaa.fi\/?p=2554","title":{"rendered":"Tropiikin rytmej\u00e4 Martinus-salissa"},"content":{"rendered":"<p><strong>Perinteiseksi talven taittajaksi muodostunut Frutas Tropicales, etel\u00e4-amerikkalaisen musiikin tapahtuma t\u00e4ydess\u00e4 k\u00e4ynniss\u00e4.<\/strong><\/p>\n<p>Perjantaina kuultiin brasilialaisia muusikoita kuten sunnuntainakin.<br \/>\nLauantai-iltana nautittiin kuubalaisista rytmeist\u00e4.<br \/>\n     <div id=\"attachment_2557\" style=\"width: 240px\" class=\"wp-caption alignright\"><a href=\"\/wp-content\/uploads\/sites\/31\/2014\/03\/Mayelin-Naranjo2.jpg\"><img loading=\"lazy\" decoding=\"async\" aria-describedby=\"caption-attachment-2557\" src=\"\/wp-content\/uploads\/sites\/31\/2014\/03\/Mayelin-Naranjo2.jpg\" alt=\"\" title=\"Mayelin Naranjo\" width=\"230\" height=\"231\" class=\"size-full wp-image-2557\" \/><\/a><p id=\"caption-attachment-2557\" class=\"wp-caption-text\">Frutas Tropicales tapahtuman kuubalaisen illan solisti Mayelin Naranjo.<\/p><\/div>\nMayelin Naranjo 8-miehisen orkesterinsa<br \/>\nkanssa irroitteli rumban ja salsan ryt-<br \/>\nmeiss\u00e4. Mayelin otti yleis\u00f6n mukaansa<br \/>\nopettamalla nopeasti kuubalaisen salsan<br \/>\nperusrytmin ja salissa kaikuikin rytmi-<br \/>\nk\u00e4s taputus.<br \/>\nMayelin Naranjo onkotoisin It\u00e4-Kuubasta.<br \/>\nKotimaassaan h\u00e4n esiintyy paljon mm.<br \/>\ntunnetussa Varaderon rantalomakohteessa.<br \/>\nEuroopassa Mayelin on esiintynyt aiemmin<br \/>\nEspanjassa, Alankomaissa ja Ranskassa.<br \/>\nMayelin oli mahtavassa &#8221;vedossa&#8221; ja<br \/>\non aina ilo olla mukana konsertissa<br \/>\njossa huomaa esiintyj\u00e4n todella naut-<br \/>\ntivan laulamisesta. <\/p>\n<p>Kuubalaiset b\u00e4ndit ovat suomalaisittain isoja, Mayelinill\u00e4 oli taustallaan 8-miehinen kokoonpano. Kuubalaiskokoonpanoissa tyypilliset tres-kitara, parit lym\u00e4soittimet, parit trumpetit, basso luonnollisesti,<br \/>\norkesterin johtajan Jorge Antonio V\u00e1zguezin k\u00e4siperkussiot, maustettuna pianolla loivat Mayelinin taustalle tukevan soinnin.<\/p>\n<p>Frutas Tropicales jatkuu viel\u00e4 t\u00e4n\u00e4\u00e4n su 23.3. brasilialaisen <strong>Alexandre Gismonti Trion<\/strong> konsertilla.<\/p>\n<div id=\"attachment_2564\" style=\"width: 2458px\" class=\"wp-caption aligncenter\"><a href=\"\/wp-content\/uploads\/sites\/31\/2014\/03\/Mayelin-Naranjo-Martinus-22.3.2014.jpg\"><img loading=\"lazy\" decoding=\"async\" aria-describedby=\"caption-attachment-2564\" src=\"\/wp-content\/uploads\/sites\/31\/2014\/03\/Mayelin-Naranjo-Martinus-22.3.2014.jpg\" alt=\"\" title=\"Mayelin Naranjo Martinus 22.3.2014\" width=\"2448\" height=\"1836\" class=\"size-full wp-image-2564\" \/><\/a><p id=\"caption-attachment-2564\" class=\"wp-caption-text\">Mayelin Naranjo orkestereineen Frutas Tropicales tapahtuman kuubalaisen illan esiintyj\u00e4t.<\/p><\/div>\n","protected":false},"excerpt":{"rendered":"<p>Perinteiseksi talven taittajaksi muodostunut Frutas Tropicales, etel\u00e4-amerikkalaisen musiikin tapahtuma t\u00e4ydess\u00e4 k\u00e4ynniss\u00e4. Perjantaina kuultiin brasilialaisia muusikoita kuten sunnuntainakin. Lauantai-iltana nautittiin kuubalaisista rytmeist\u00e4. Mayelin Naranjo 8-miehisen orkesterinsa kanssa irroitteli rumban ja salsan ryt- meiss\u00e4. Mayelin otti yleis\u00f6n mukaansa opettamalla nopeasti kuubalaisen salsan perusrytmin ja salissa kaikuikin rytmi- k\u00e4s taputus. Mayelin Naranjo onkotoisin It\u00e4-Kuubasta. Kotimaassaan h\u00e4n esiintyy paljon&hellip;<\/p>\n<p class=\"more-link-p\"><a class=\"more-link\" href=\"https:\/\/www.asukkaidenvantaa.fi\/?p=2554\">Lue lis\u00e4\u00e4 \u2192<\/a><\/p>\n","protected":false},"author":5003,"featured_media":0,"comment_status":"open","ping_status":"open","sticky":false,"template":"","format":"standard","meta":{"footnotes":""},"categories":[10],"tags":[318,317,319,320],"class_list":["post-2554","post","type-post","status-publish","format-standard","hentry","category-kulttuuri","tag-frutas-tropcales","tag-kuubalainen","tag-rumba","tag-salsa"],"_links":{"self":[{"href":"https:\/\/www.asukkaidenvantaa.fi\/index.php?rest_route=\/wp\/v2\/posts\/2554","targetHints":{"allow":["GET"]}}],"collection":[{"href":"https:\/\/www.asukkaidenvantaa.fi\/index.php?rest_route=\/wp\/v2\/posts"}],"about":[{"href":"https:\/\/www.asukkaidenvantaa.fi\/index.php?rest_route=\/wp\/v2\/types\/post"}],"author":[{"embeddable":true,"href":"https:\/\/www.asukkaidenvantaa.fi\/index.php?rest_route=\/wp\/v2\/users\/5003"}],"replies":[{"embeddable":true,"href":"https:\/\/www.asukkaidenvantaa.fi\/index.php?rest_route=%2Fwp%2Fv2%2Fcomments&post=2554"}],"version-history":[{"count":12,"href":"https:\/\/www.asukkaidenvantaa.fi\/index.php?rest_route=\/wp\/v2\/posts\/2554\/revisions"}],"predecessor-version":[{"id":2570,"href":"https:\/\/www.asukkaidenvantaa.fi\/index.php?rest_route=\/wp\/v2\/posts\/2554\/revisions\/2570"}],"wp:attachment":[{"href":"https:\/\/www.asukkaidenvantaa.fi\/index.php?rest_route=%2Fwp%2Fv2%2Fmedia&parent=2554"}],"wp:term":[{"taxonomy":"category","embeddable":true,"href":"https:\/\/www.asukkaidenvantaa.fi\/index.php?rest_route=%2Fwp%2Fv2%2Fcategories&post=2554"},{"taxonomy":"post_tag","embeddable":true,"href":"https:\/\/www.asukkaidenvantaa.fi\/index.php?rest_route=%2Fwp%2Fv2%2Ftags&post=2554"}],"curies":[{"name":"wp","href":"https:\/\/api.w.org\/{rel}","templated":true}]}}