{"id":2533,"date":"2014-03-22T11:08:47","date_gmt":"2014-03-22T11:08:47","guid":{"rendered":"http:\/\/www.asukkaidenvantaa.fi\/?p=2533"},"modified":"2014-03-23T04:59:37","modified_gmt":"2014-03-23T04:59:37","slug":"tikkurissa-sanottiin-rasismille-ei","status":"publish","type":"post","link":"https:\/\/www.asukkaidenvantaa.fi\/?p=2533","title":{"rendered":"Tikkurissa sanottiin rasismille ei"},"content":{"rendered":"<div id=\"attachment_2537\" style=\"width: 310px\" class=\"wp-caption alignright\"><a href=\"\/wp-content\/uploads\/sites\/31\/2014\/03\/Rasismi-1-Tikkuri-21.3.2014-e1395484958719.jpg\"><img loading=\"lazy\" decoding=\"async\" aria-describedby=\"caption-attachment-2537\" src=\"\/wp-content\/uploads\/sites\/31\/2014\/03\/Rasismi-1-Tikkuri-21.3.2014-300x225.jpg\" alt=\"\" title=\"Rasismi 1 Tikkuri 21.3.2014\" width=\"300\" height=\"225\" class=\"size-medium wp-image-2537\" \/><\/a><p id=\"caption-attachment-2537\" class=\"wp-caption-text\">Eksotiikkaa edusti my\u00f6s tilaisuuden juontaja.<\/p><\/div><strong>Rasismin vastaisen p\u00e4iv\u00e4n tilaisuus kauppakeskus Tikkurissa tarjosi kansainv\u00e4lisen ohjelmakimaran.<\/strong><\/p>\n<p>Vantaan v\u00e4est\u00f6st\u00e4 10 % on maahanmuuttajataustaisia ja Vantaalla puhutaan yli sataa kielt\u00e4. V\u00e4est\u00f6kehitys ei ole kaikilta osiltaan sujunut ilman hankauksia ja rasismia ilmenee eri muodoissa.<br \/>\nSiksi Vantaallakin kuin koko maailmassa vietet\u00e4\u00e4n rasismin vastaista viikkoa.<\/p>\n<p>Tilaisuuden virallisesta puolesta vastasivat apulaiskaupunginjohtaja Heidi Nygren ja Monikulttuurisuusasiain neuvottelukunnan puheenjohtaja, kaupunginvaltuutettu Ranbir Sodhi.<br \/>\nOhjelma n\u00e4htiin enimm\u00e4kseen maahanmuuttajien ohjelmaesityksist\u00e4, kuubalaista, afrikkalaista, nepalilaista musiikkia ja tanssia, Hazalla Tsetseeni-kuoro, sirkusta ja akrobatiaa.<br \/>\n<div id=\"attachment_2534\" style=\"width: 310px\" class=\"wp-caption alignleft\"><a href=\"\/wp-content\/uploads\/sites\/31\/2014\/03\/Rasismi-3-Tikkuri-21.3.2014-e1395484760595.jpg\"><img loading=\"lazy\" decoding=\"async\" aria-describedby=\"caption-attachment-2534\" src=\"\/wp-content\/uploads\/sites\/31\/2014\/03\/Rasismi-3-Tikkuri-21.3.2014-300x225.jpg\" alt=\"\" title=\"Rasismi 3 Tikkuri 21.3.2014\" width=\"300\" height=\"225\" class=\"size-medium wp-image-2534\" \/><\/a><p id=\"caption-attachment-2534\" class=\"wp-caption-text\">Kaupungin tervehdyksen Rasismin vastaiseen p\u00e4iv\u00e4\u00e4n toi apulaiskaupunginjohtaja Heidi Nygren.<\/p><\/div>\n<div id=\"attachment_2544\" style=\"width: 235px\" class=\"wp-caption alignright\"><a href=\"\/wp-content\/uploads\/sites\/31\/2014\/03\/Rasismi-4-Tikkuri-21.3.2014.jpg\"><img loading=\"lazy\" decoding=\"async\" aria-describedby=\"caption-attachment-2544\" src=\"\/wp-content\/uploads\/sites\/31\/2014\/03\/Rasismi-4-Tikkuri-21.3.2014-225x300.jpg\" alt=\"\" title=\"Rasismi 4 Tikkuri 21.3.2014\" width=\"225\" height=\"300\" class=\"size-medium wp-image-2544\" \/><\/a><p id=\"caption-attachment-2544\" class=\"wp-caption-text\">Monikulttuurisuusasiain neuvottelukunnan puheenjohtaja Ranbir Sodhi viitoitti puheessaan tiet\u00e4 rasismivapaaseen Vantaaseen.<\/p><\/div>\n<div id=\"attachment_2547\" style=\"width: 730px\" class=\"wp-caption aligncenter\"><a href=\"\/wp-content\/uploads\/sites\/31\/2014\/03\/Rasismi-Tikkuri-21.3.2014-6.jpg\"><img loading=\"lazy\" decoding=\"async\" aria-describedby=\"caption-attachment-2547\" src=\"\/wp-content\/uploads\/sites\/31\/2014\/03\/Rasismi-Tikkuri-21.3.2014-6.jpg\" alt=\"\" title=\"Rasismi Tikkuri 21.3.2014 6\" width=\"720\" height=\"540\" class=\"size-full wp-image-2547\" srcset=\"https:\/\/www.asukkaidenvantaa.fi\/wp-content\/uploads\/sites\/31\/2014\/03\/Rasismi-Tikkuri-21.3.2014-6.jpg 720w, https:\/\/www.asukkaidenvantaa.fi\/wp-content\/uploads\/sites\/31\/2014\/03\/Rasismi-Tikkuri-21.3.2014-6-300x225.jpg 300w\" sizes=\"auto, (max-width: 720px) 100vw, 720px\" \/><\/a><p id=\"caption-attachment-2547\" class=\"wp-caption-text\">Hamana Diara esitti afrikkalaista musiikkia ja tanssia.<\/p><\/div>\n<div id=\"attachment_2550\" style=\"width: 1234px\" class=\"wp-caption aligncenter\"><a href=\"\/wp-content\/uploads\/sites\/31\/2014\/03\/Rasismi-2-Tikkuri-21.3.2014.jpg\"><img loading=\"lazy\" decoding=\"async\" aria-describedby=\"caption-attachment-2550\" src=\"\/wp-content\/uploads\/sites\/31\/2014\/03\/Rasismi-2-Tikkuri-21.3.2014.jpg\" alt=\"\" title=\"Rasismi 2 Tikkuri 21.3.2014\" width=\"1224\" height=\"1632\" class=\"size-full wp-image-2550\" \/><\/a><p id=\"caption-attachment-2550\" class=\"wp-caption-text\">Kuubalaisen Daniel Bar\u00f3n salsarytmit l\u00e4mmittiv\u00e4t yleis\u00f6\u00e4, mutta rohkeus ei riitt\u00e4nyt tanssilattialle saakka.<\/p><\/div>\n","protected":false},"excerpt":{"rendered":"<p>Rasismin vastaisen p\u00e4iv\u00e4n tilaisuus kauppakeskus Tikkurissa tarjosi kansainv\u00e4lisen ohjelmakimaran. Vantaan v\u00e4est\u00f6st\u00e4 10 % on maahanmuuttajataustaisia ja Vantaalla puhutaan yli sataa kielt\u00e4. V\u00e4est\u00f6kehitys ei ole kaikilta osiltaan sujunut ilman hankauksia ja rasismia ilmenee eri muodoissa. Siksi Vantaallakin kuin koko maailmassa vietet\u00e4\u00e4n rasismin vastaista viikkoa. Tilaisuuden virallisesta puolesta vastasivat apulaiskaupunginjohtaja Heidi Nygren ja Monikulttuurisuusasiain neuvottelukunnan puheenjohtaja, kaupunginvaltuutettu&hellip;<\/p>\n<p class=\"more-link-p\"><a class=\"more-link\" href=\"https:\/\/www.asukkaidenvantaa.fi\/?p=2533\">Lue lis\u00e4\u00e4 \u2192<\/a><\/p>\n","protected":false},"author":5003,"featured_media":0,"comment_status":"open","ping_status":"open","sticky":false,"template":"","format":"standard","meta":{"footnotes":""},"categories":[35],"tags":[],"class_list":["post-2533","post","type-post","status-publish","format-standard","hentry","category-tapahtumat"],"_links":{"self":[{"href":"https:\/\/www.asukkaidenvantaa.fi\/index.php?rest_route=\/wp\/v2\/posts\/2533","targetHints":{"allow":["GET"]}}],"collection":[{"href":"https:\/\/www.asukkaidenvantaa.fi\/index.php?rest_route=\/wp\/v2\/posts"}],"about":[{"href":"https:\/\/www.asukkaidenvantaa.fi\/index.php?rest_route=\/wp\/v2\/types\/post"}],"author":[{"embeddable":true,"href":"https:\/\/www.asukkaidenvantaa.fi\/index.php?rest_route=\/wp\/v2\/users\/5003"}],"replies":[{"embeddable":true,"href":"https:\/\/www.asukkaidenvantaa.fi\/index.php?rest_route=%2Fwp%2Fv2%2Fcomments&post=2533"}],"version-history":[{"count":16,"href":"https:\/\/www.asukkaidenvantaa.fi\/index.php?rest_route=\/wp\/v2\/posts\/2533\/revisions"}],"predecessor-version":[{"id":2571,"href":"https:\/\/www.asukkaidenvantaa.fi\/index.php?rest_route=\/wp\/v2\/posts\/2533\/revisions\/2571"}],"wp:attachment":[{"href":"https:\/\/www.asukkaidenvantaa.fi\/index.php?rest_route=%2Fwp%2Fv2%2Fmedia&parent=2533"}],"wp:term":[{"taxonomy":"category","embeddable":true,"href":"https:\/\/www.asukkaidenvantaa.fi\/index.php?rest_route=%2Fwp%2Fv2%2Fcategories&post=2533"},{"taxonomy":"post_tag","embeddable":true,"href":"https:\/\/www.asukkaidenvantaa.fi\/index.php?rest_route=%2Fwp%2Fv2%2Ftags&post=2533"}],"curies":[{"name":"wp","href":"https:\/\/api.w.org\/{rel}","templated":true}]}}