{"id":2354,"date":"2014-03-03T16:38:58","date_gmt":"2014-03-03T16:38:58","guid":{"rendered":"http:\/\/www.asukkaidenvantaa.fi\/?p=2354"},"modified":"2014-03-03T16:38:58","modified_gmt":"2014-03-03T16:38:58","slug":"ruokajakelussa-tungosta","status":"publish","type":"post","link":"https:\/\/www.asukkaidenvantaa.fi\/?p=2354","title":{"rendered":"Ruokajakelussa tungosta"},"content":{"rendered":"<p><strong>Vahti ry:n ruokajakelutempaus Vantaan kaupugintalolla 3.3. vetosi Vantaan p\u00e4\u00e4tt\u00e4jiin.<\/strong><br \/>\nT\u00e4m\u00e4nkertainenkin ruokajakelu kertoi toiminnan tarpeellisuudesta ja h\u00e4d\u00e4nalaisten avuntarpeesta.<\/p>\n<div id=\"attachment_2355\" style=\"width: 610px\" class=\"wp-caption aligncenter\"><a href=\"\/wp-content\/uploads\/sites\/31\/2014\/03\/Ruokajakelu-3.3.2014-2.jpg\"><img loading=\"lazy\" decoding=\"async\" aria-describedby=\"caption-attachment-2355\" class=\"size-large wp-image-2355\" title=\"Ruokajakelu 3.3.2014 2\" src=\"\/wp-content\/uploads\/sites\/31\/2014\/03\/Ruokajakelu-3.3.2014-2-1024x768.jpg\" alt=\"\" width=\"600\" height=\"450\" srcset=\"https:\/\/www.asukkaidenvantaa.fi\/wp-content\/uploads\/sites\/31\/2014\/03\/Ruokajakelu-3.3.2014-2-1024x768.jpg 1024w, https:\/\/www.asukkaidenvantaa.fi\/wp-content\/uploads\/sites\/31\/2014\/03\/Ruokajakelu-3.3.2014-2-300x225.jpg 300w, https:\/\/www.asukkaidenvantaa.fi\/wp-content\/uploads\/sites\/31\/2014\/03\/Ruokajakelu-3.3.2014-2.jpg 1632w\" sizes=\"auto, (max-width: 600px) 100vw, 600px\" \/><\/a><p id=\"caption-attachment-2355\" class=\"wp-caption-text\">Kuvan jono ei jonota kaupungintalolle vaan kiemurtelee kaupungintalon editse ruokajakeluun.<\/p><\/div>\n<p>Ruokajakelu oli j\u00e4rjestetty Vantaan kaupungintalon edustalle juuri ennen valtuuston kokouksen alkamista. Tarkoituksena oli ruuanjakelun lis\u00e4ksi vedota Vantaan p\u00e4\u00e4tt\u00e4jiin<br \/>\ntilojen ja kuljetuskaluston saamiseksi ruuanjakelun j\u00e4rjest\u00e4miseksi.<br \/>\nRuokajakelu toimi jonkin aikaa Tikkurilan Helluntaikirkon tiloissa, mutta sai l\u00e4ht\u00f6passit tammikuun lopussa.<br \/>\nUutta tilaa ei ole l\u00f6ytynyt. Nyt vedotaankin kaupungin p\u00e4\u00e4tt\u00e4jiin tilan osoittamiseksi ruokajakeluun joka Vantaallakin on osoittanut tarpeellisuutensa.<\/p>\n<p><strong>Valtuutettuja ei tapahtuma juuri kiinostanut.<\/strong><br \/>\nAvoimen mikin, joka paikalla oli, ainoan valtuustoryhmien puheenvuoron k\u00e4ytti vasemmistoliiton ryhm\u00e4puheenjohtaja <strong>Antero Eerola<\/strong>. Eerola lupasi puheenvuorossaan, ett\u00e4 vasemmistoliitto tulee tekem\u00e4\u00e4n ensitilassa valtuustoaloitteen tilojen osoittamiseksi ruokajakelulle.<br \/>\nMuina puheenvuoron k\u00e4ytt\u00e4jin\u00e4 kuultiin SKP:n, Kristillisdemokraattien, Vihreiden ja Keskustan eurovaaliehdokkaita. Kaikki suhtautuivat my\u00f6nteisesti ruokajakeluun ja pitiv\u00e4t sit\u00e4 nykyisess\u00e4 tilanteessa tarpeellisena.<br \/>\nVahti ry:n tarkoituksena oli, ett\u00e4 juuri eurovaaliehdokkaat olisivat suorittaneet ruokajakelun, mutta elintarvikkeiden lahjoittajat kielsiv\u00e4t eurovaaliehdokkaiden osallistumisen. Kuitenkin paikalla olleet eurovaaliehdokkaat saivat kosketusta vaikeuksissa olevaan kansanosaan.<\/p>\n<div id=\"attachment_2358\" style=\"width: 310px\" class=\"wp-caption aligncenter\"><a href=\"\/wp-content\/uploads\/sites\/31\/2014\/03\/Ruokajakelu-3.3.2014-1.jpg\"><img loading=\"lazy\" decoding=\"async\" aria-describedby=\"caption-attachment-2358\" class=\"size-medium wp-image-2358\" title=\"Ruokajakelu 3.3.2014 1\" src=\"\/wp-content\/uploads\/sites\/31\/2014\/03\/Ruokajakelu-3.3.2014-1-300x225.jpg\" alt=\"\" width=\"300\" height=\"225\" srcset=\"https:\/\/www.asukkaidenvantaa.fi\/wp-content\/uploads\/sites\/31\/2014\/03\/Ruokajakelu-3.3.2014-1-300x225.jpg 300w, https:\/\/www.asukkaidenvantaa.fi\/wp-content\/uploads\/sites\/31\/2014\/03\/Ruokajakelu-3.3.2014-1-1024x768.jpg 1024w\" sizes=\"auto, (max-width: 300px) 100vw, 300px\" \/><\/a><p id=\"caption-attachment-2358\" class=\"wp-caption-text\">Ruokajakelutapahtumassa olivat mukana my\u00f6s kuvassa vasemmalta SKP:n eurovaaliehdokas Tiina Sandberg, Vahti ry:n toiminnanjohtaja ruokajakelun moottori Jarno Eskelinen ja Kristillisdemokraattien eurovaaliehdokas Vahti ry:n puheenjohta Tiina Tuomela.<\/p><\/div>\n<div id=\"attachment_2371\" style=\"width: 610px\" class=\"wp-caption aligncenter\"><a href=\"\/wp-content\/uploads\/sites\/31\/2014\/03\/Ruokajakelu-3.3.2014-4.jpg\"><img loading=\"lazy\" decoding=\"async\" aria-describedby=\"caption-attachment-2371\" src=\"\/wp-content\/uploads\/sites\/31\/2014\/03\/Ruokajakelu-3.3.2014-4-1024x768.jpg\" alt=\"\" title=\"Ruokajakelu 3.3.2014 4\" width=\"600\" height=\"450\" class=\"size-large wp-image-2371\" srcset=\"https:\/\/www.asukkaidenvantaa.fi\/wp-content\/uploads\/sites\/31\/2014\/03\/Ruokajakelu-3.3.2014-4-1024x768.jpg 1024w, https:\/\/www.asukkaidenvantaa.fi\/wp-content\/uploads\/sites\/31\/2014\/03\/Ruokajakelu-3.3.2014-4-300x225.jpg 300w\" sizes=\"auto, (max-width: 600px) 100vw, 600px\" \/><\/a><p id=\"caption-attachment-2371\" class=\"wp-caption-text\">Ruokajakelun alkaessa tungos tiivistyi niin, ett\u00e4 j\u00e4rjestyksen pit\u00e4misess\u00e4 alkoi olla tekemist\u00e4.<\/p><\/div>\n","protected":false},"excerpt":{"rendered":"<p>Vahti ry:n ruokajakelutempaus Vantaan kaupugintalolla 3.3. vetosi Vantaan p\u00e4\u00e4tt\u00e4jiin. T\u00e4m\u00e4nkertainenkin ruokajakelu kertoi toiminnan tarpeellisuudesta ja h\u00e4d\u00e4nalaisten avuntarpeesta. Ruokajakelu oli j\u00e4rjestetty Vantaan kaupungintalon edustalle juuri ennen valtuuston kokouksen alkamista. Tarkoituksena oli ruuanjakelun lis\u00e4ksi vedota Vantaan p\u00e4\u00e4tt\u00e4jiin tilojen ja kuljetuskaluston saamiseksi ruuanjakelun j\u00e4rjest\u00e4miseksi. Ruokajakelu toimi jonkin aikaa Tikkurilan Helluntaikirkon tiloissa, mutta sai l\u00e4ht\u00f6passit tammikuun lopussa. Uutta tilaa&hellip;<\/p>\n<p class=\"more-link-p\"><a class=\"more-link\" href=\"https:\/\/www.asukkaidenvantaa.fi\/?p=2354\">Lue lis\u00e4\u00e4 \u2192<\/a><\/p>\n","protected":false},"author":5003,"featured_media":0,"comment_status":"open","ping_status":"open","sticky":false,"template":"","format":"standard","meta":{"footnotes":""},"categories":[1],"tags":[],"class_list":["post-2354","post","type-post","status-publish","format-standard","hentry","category-uncategorized"],"_links":{"self":[{"href":"https:\/\/www.asukkaidenvantaa.fi\/index.php?rest_route=\/wp\/v2\/posts\/2354","targetHints":{"allow":["GET"]}}],"collection":[{"href":"https:\/\/www.asukkaidenvantaa.fi\/index.php?rest_route=\/wp\/v2\/posts"}],"about":[{"href":"https:\/\/www.asukkaidenvantaa.fi\/index.php?rest_route=\/wp\/v2\/types\/post"}],"author":[{"embeddable":true,"href":"https:\/\/www.asukkaidenvantaa.fi\/index.php?rest_route=\/wp\/v2\/users\/5003"}],"replies":[{"embeddable":true,"href":"https:\/\/www.asukkaidenvantaa.fi\/index.php?rest_route=%2Fwp%2Fv2%2Fcomments&post=2354"}],"version-history":[{"count":19,"href":"https:\/\/www.asukkaidenvantaa.fi\/index.php?rest_route=\/wp\/v2\/posts\/2354\/revisions"}],"predecessor-version":[{"id":2376,"href":"https:\/\/www.asukkaidenvantaa.fi\/index.php?rest_route=\/wp\/v2\/posts\/2354\/revisions\/2376"}],"wp:attachment":[{"href":"https:\/\/www.asukkaidenvantaa.fi\/index.php?rest_route=%2Fwp%2Fv2%2Fmedia&parent=2354"}],"wp:term":[{"taxonomy":"category","embeddable":true,"href":"https:\/\/www.asukkaidenvantaa.fi\/index.php?rest_route=%2Fwp%2Fv2%2Fcategories&post=2354"},{"taxonomy":"post_tag","embeddable":true,"href":"https:\/\/www.asukkaidenvantaa.fi\/index.php?rest_route=%2Fwp%2Fv2%2Ftags&post=2354"}],"curies":[{"name":"wp","href":"https:\/\/api.w.org\/{rel}","templated":true}]}}