{"id":235,"date":"2012-05-08T05:35:38","date_gmt":"2012-05-08T05:35:38","guid":{"rendered":"http:\/\/www.asukkaidenvantaa.fi\/?p=235"},"modified":"2012-05-08T05:35:38","modified_gmt":"2012-05-08T05:35:38","slug":"juha-kovanen-rauhanpuolustajien-puheenjohtajaksi","status":"publish","type":"post","link":"https:\/\/www.asukkaidenvantaa.fi\/?p=235","title":{"rendered":"Juha Kovanen rauhanpuolustajien puheenjohtajaksi"},"content":{"rendered":"<p>Insin\u00f6\u00f6ri Juha Kovanen valittiin Vantaan  <div id=\"attachment_236\" style=\"width: 235px\" class=\"wp-caption alignright\"><a href=\"\/wp-content\/uploads\/sites\/31\/2012\/05\/Juha-Kovanen-7.5.2012-002.jpg\"><img loading=\"lazy\" decoding=\"async\" aria-describedby=\"caption-attachment-236\" src=\"\/wp-content\/uploads\/sites\/31\/2012\/05\/Juha-Kovanen-7.5.2012-002-225x300.jpg\" alt=\"\" title=\"Juha Kovanen 7.5.2012 002\" width=\"225\" height=\"300\" class=\"size-medium wp-image-236\" srcset=\"https:\/\/www.asukkaidenvantaa.fi\/wp-content\/uploads\/sites\/31\/2012\/05\/Juha-Kovanen-7.5.2012-002-225x300.jpg 225w, https:\/\/www.asukkaidenvantaa.fi\/wp-content\/uploads\/sites\/31\/2012\/05\/Juha-Kovanen-7.5.2012-002-768x1024.jpg 768w, https:\/\/www.asukkaidenvantaa.fi\/wp-content\/uploads\/sites\/31\/2012\/05\/Juha-Kovanen-7.5.2012-002.jpg 1920w\" sizes=\"auto, (max-width: 225px) 100vw, 225px\" \/><\/a><p id=\"caption-attachment-236\" class=\"wp-caption-text\">Vantaan Rauhanpuolustajien puheenjohtaja Juha Kovanen.<\/p><\/div>\nRauhanpuolustajien puheenjohtajaksi.<br \/>\n7.5. pidetyss\u00e4 vuosikokouksessa<br \/>\nVantaan Rauhanpuolustajien tulevasta<br \/>\ntoiminnasta todettiin, ett\u00e4 Hiroshiman<br \/>\npommituksen, amerikkalaisten pudottaman<br \/>\ntuhoisan atomipommin, muistotilaisuus<br \/>\nj\u00e4rjestet\u00e4\u00e4n 6.8. Veinin Myllyll\u00e4<br \/>\naiempien vuosien tapaan. Tasokkaat<br \/>\nRauhanklubi tilaisuudet ja keskustelut<br \/>\njatkuvat. Kristalliy\u00f6 tapahtuma uusitaan<br \/>\nsyksyll\u00e4 yhdess\u00e4 rasisminvastaisen ver-<br \/>\nkoston kanssa. Mauhanmarsille Helsinkiin<br \/>\nl\u00e4hdet\u00e4\u00e4n YK:n p\u00e4iv\u00e4n\u00e4 24.10 suurella<br \/>\njoukolla.<\/p>\n","protected":false},"excerpt":{"rendered":"<p>Insin\u00f6\u00f6ri Juha Kovanen valittiin Vantaan Rauhanpuolustajien puheenjohtajaksi. 7.5. pidetyss\u00e4 vuosikokouksessa Vantaan Rauhanpuolustajien tulevasta toiminnasta todettiin, ett\u00e4 Hiroshiman pommituksen, amerikkalaisten pudottaman tuhoisan atomipommin, muistotilaisuus j\u00e4rjestet\u00e4\u00e4n 6.8. Veinin Myllyll\u00e4 aiempien vuosien tapaan. Tasokkaat Rauhanklubi tilaisuudet ja keskustelut jatkuvat. Kristalliy\u00f6 tapahtuma uusitaan syksyll\u00e4 yhdess\u00e4 rasisminvastaisen ver- koston kanssa. Mauhanmarsille Helsinkiin l\u00e4hdet\u00e4\u00e4n YK:n p\u00e4iv\u00e4n\u00e4 24.10 suurella joukolla.<\/p>\n<p class=\"more-link-p\"><a class=\"more-link\" href=\"https:\/\/www.asukkaidenvantaa.fi\/?p=235\">Lue lis\u00e4\u00e4 \u2192<\/a><\/p>\n","protected":false},"author":5003,"featured_media":0,"comment_status":"open","ping_status":"open","sticky":false,"template":"","format":"standard","meta":{"footnotes":""},"categories":[1],"tags":[],"class_list":["post-235","post","type-post","status-publish","format-standard","hentry","category-uncategorized"],"_links":{"self":[{"href":"https:\/\/www.asukkaidenvantaa.fi\/index.php?rest_route=\/wp\/v2\/posts\/235","targetHints":{"allow":["GET"]}}],"collection":[{"href":"https:\/\/www.asukkaidenvantaa.fi\/index.php?rest_route=\/wp\/v2\/posts"}],"about":[{"href":"https:\/\/www.asukkaidenvantaa.fi\/index.php?rest_route=\/wp\/v2\/types\/post"}],"author":[{"embeddable":true,"href":"https:\/\/www.asukkaidenvantaa.fi\/index.php?rest_route=\/wp\/v2\/users\/5003"}],"replies":[{"embeddable":true,"href":"https:\/\/www.asukkaidenvantaa.fi\/index.php?rest_route=%2Fwp%2Fv2%2Fcomments&post=235"}],"version-history":[{"count":9,"href":"https:\/\/www.asukkaidenvantaa.fi\/index.php?rest_route=\/wp\/v2\/posts\/235\/revisions"}],"predecessor-version":[{"id":245,"href":"https:\/\/www.asukkaidenvantaa.fi\/index.php?rest_route=\/wp\/v2\/posts\/235\/revisions\/245"}],"wp:attachment":[{"href":"https:\/\/www.asukkaidenvantaa.fi\/index.php?rest_route=%2Fwp%2Fv2%2Fmedia&parent=235"}],"wp:term":[{"taxonomy":"category","embeddable":true,"href":"https:\/\/www.asukkaidenvantaa.fi\/index.php?rest_route=%2Fwp%2Fv2%2Fcategories&post=235"},{"taxonomy":"post_tag","embeddable":true,"href":"https:\/\/www.asukkaidenvantaa.fi\/index.php?rest_route=%2Fwp%2Fv2%2Ftags&post=235"}],"curies":[{"name":"wp","href":"https:\/\/api.w.org\/{rel}","templated":true}]}}