{"id":2215,"date":"2014-02-11T09:40:36","date_gmt":"2014-02-11T09:40:36","guid":{"rendered":"http:\/\/www.asukkaidenvantaa.fi\/?p=2215"},"modified":"2014-02-11T09:40:36","modified_gmt":"2014-02-11T09:40:36","slug":"karkkisadetta-torstaina","status":"publish","type":"post","link":"https:\/\/www.asukkaidenvantaa.fi\/?p=2215","title":{"rendered":"Karkkisadetta torstaina"},"content":{"rendered":"<p><strong>Perinteiset penkkariajelut torstaina 13.2.<\/strong><br \/>\nVantaan lukioiden ylioppilaskirjoituksiin valmistautuvat abit tempaisevat perinteisill\u00e4 penkkariajeluilla.<br \/>\nReittej\u00e4 on kaksi. Toinen starttaa Tikkurilasta ja toinen Myyrm\u00e4est\u00e4.<\/p>\n<p>Tikkurilan ajelu l\u00e4htee klo 12.30 Tikkurilan j\u00e4\u00e4hallin paikoitusalueelta ja reitti on:<br \/>\nValkoisenl\u00e4hteentie \u2013 Koivukyl\u00e4ntie \u2013 Leinel\u00e4n Puistotie \u2013 Leinel\u00e4ntie \u2013 Koivukyl\u00e4nv\u00e4yl\u00e4 \u2013 Asolanv\u00e4yl\u00e4 \u2013 Koivukyl\u00e4n puistotie \u2013 Kyt\u00f6tie \u2013 Peijaksentie \u2013 Laurantie \u2013 Hanab\u00f6lentie \u2013 Koivukyl\u00e4nv\u00e4yl\u00e4 \u2013 Kyt\u00f6tie \u2013 Koivukyl\u00e4n puistotie \u2013 Asolanv\u00e4yl\u00e4 \u2013 Talvikkitie \u2013 Talkootie \u2013 Hiekkaharjuntie \u2013 Kielotie \u2013 Horsmakuja \u2013 Talvikkitie \u2013 Peltolantie \u2013 Osmank\u00e4\u00e4mintie \u2013 Valkoisenl\u00e4hteentie. <\/p>\n<p>Myyrm\u00e4en ajelu l\u00e4htee Myyrm\u00e4en j\u00e4\u00e4hallin paikoitusalueelta klo 13 reitti\u00e4:<br \/>\nRaappavuorentie \u2013 Martinlaaksontie \u2013 Laajaniityntie \u2013 Laajavuorentie \u2013 Kivivuorentie \u2013 Martinlaaksontie \u2013 Louhelantie \u2013 Vaskivuorentie \u2013 Myyrm\u00e4entie \u2013 Uomatie \u2013 Raappavuorentie \u2013 Virtatie \u2013 Myyrm\u00e4entie \u2013 Vaskivuorentie \u2013 Raappavuorentie \u2013 Rajatorpantie \u2013 J\u00f6nsaksentie \u2013 Vaskivuorentie.<br \/>\n<div id=\"attachment_2217\" style=\"width: 285px\" class=\"wp-caption aligncenter\"><a href=\"\/wp-content\/uploads\/sites\/31\/2014\/02\/Penkkariajelu.jpg\"><img loading=\"lazy\" decoding=\"async\" aria-describedby=\"caption-attachment-2217\" src=\"\/wp-content\/uploads\/sites\/31\/2014\/02\/Penkkariajelu.jpg\" alt=\"\" title=\"Penkkariajelu\" width=\"275\" height=\"183\" class=\"size-full wp-image-2217\" \/><\/a><p id=\"caption-attachment-2217\" class=\"wp-caption-text\">Karkkisadetta on tiedossa jos vanhat merkit pit\u00e4v\u00e4t paikkansa. Ei muuta kuin reitin varrelle osallistumaan ilonpitoon.<\/p><\/div> <\/p>\n<p>Vanhojen p\u00e4iv\u00e4\u00e4 vietet\u00e4\u00e4n perjantaina 14.2. Kaikki vantaalaiset lukiot j\u00e4rjest\u00e4v\u00e4t silloin vanhojentanssit.<\/p>\n<p>Ylioppilaskirjoitukset alkavat 7.2. ja jatkuvat 26.3. saakka.<\/p>\n","protected":false},"excerpt":{"rendered":"<p>Perinteiset penkkariajelut torstaina 13.2. Vantaan lukioiden ylioppilaskirjoituksiin valmistautuvat abit tempaisevat perinteisill\u00e4 penkkariajeluilla. Reittej\u00e4 on kaksi. Toinen starttaa Tikkurilasta ja toinen Myyrm\u00e4est\u00e4. Tikkurilan ajelu l\u00e4htee klo 12.30 Tikkurilan j\u00e4\u00e4hallin paikoitusalueelta ja reitti on: Valkoisenl\u00e4hteentie \u2013 Koivukyl\u00e4ntie \u2013 Leinel\u00e4n Puistotie \u2013 Leinel\u00e4ntie \u2013 Koivukyl\u00e4nv\u00e4yl\u00e4 \u2013 Asolanv\u00e4yl\u00e4 \u2013 Koivukyl\u00e4n puistotie \u2013 Kyt\u00f6tie \u2013 Peijaksentie \u2013 Laurantie \u2013 Hanab\u00f6lentie&hellip;<\/p>\n<p class=\"more-link-p\"><a class=\"more-link\" href=\"https:\/\/www.asukkaidenvantaa.fi\/?p=2215\">Lue lis\u00e4\u00e4 \u2192<\/a><\/p>\n","protected":false},"author":5003,"featured_media":0,"comment_status":"open","ping_status":"open","sticky":false,"template":"","format":"standard","meta":{"footnotes":""},"categories":[35],"tags":[300,302,301],"class_list":["post-2215","post","type-post","status-publish","format-standard","hentry","category-tapahtumat","tag-penkkariajelu","tag-vanhojentanssit","tag-ylioppilaskirjoitukset"],"_links":{"self":[{"href":"https:\/\/www.asukkaidenvantaa.fi\/index.php?rest_route=\/wp\/v2\/posts\/2215","targetHints":{"allow":["GET"]}}],"collection":[{"href":"https:\/\/www.asukkaidenvantaa.fi\/index.php?rest_route=\/wp\/v2\/posts"}],"about":[{"href":"https:\/\/www.asukkaidenvantaa.fi\/index.php?rest_route=\/wp\/v2\/types\/post"}],"author":[{"embeddable":true,"href":"https:\/\/www.asukkaidenvantaa.fi\/index.php?rest_route=\/wp\/v2\/users\/5003"}],"replies":[{"embeddable":true,"href":"https:\/\/www.asukkaidenvantaa.fi\/index.php?rest_route=%2Fwp%2Fv2%2Fcomments&post=2215"}],"version-history":[{"count":8,"href":"https:\/\/www.asukkaidenvantaa.fi\/index.php?rest_route=\/wp\/v2\/posts\/2215\/revisions"}],"predecessor-version":[{"id":2225,"href":"https:\/\/www.asukkaidenvantaa.fi\/index.php?rest_route=\/wp\/v2\/posts\/2215\/revisions\/2225"}],"wp:attachment":[{"href":"https:\/\/www.asukkaidenvantaa.fi\/index.php?rest_route=%2Fwp%2Fv2%2Fmedia&parent=2215"}],"wp:term":[{"taxonomy":"category","embeddable":true,"href":"https:\/\/www.asukkaidenvantaa.fi\/index.php?rest_route=%2Fwp%2Fv2%2Fcategories&post=2215"},{"taxonomy":"post_tag","embeddable":true,"href":"https:\/\/www.asukkaidenvantaa.fi\/index.php?rest_route=%2Fwp%2Fv2%2Ftags&post=2215"}],"curies":[{"name":"wp","href":"https:\/\/api.w.org\/{rel}","templated":true}]}}