{"id":2144,"date":"2014-01-22T06:38:44","date_gmt":"2014-01-22T06:38:44","guid":{"rendered":"http:\/\/www.asukkaidenvantaa.fi\/?p=2144"},"modified":"2014-01-22T09:02:25","modified_gmt":"2014-01-22T09:02:25","slug":"vantaalaiset-eurokriittiset-perustivat-eurovaalifoorumin","status":"publish","type":"post","link":"https:\/\/www.asukkaidenvantaa.fi\/?p=2144","title":{"rendered":"Vantaalaiset eurokriittiset perustivat Eurovaalifoorumin"},"content":{"rendered":"<p><strong>EU-tietoisuuden lis\u00e4\u00e4minen ja vaikuttaminen kev\u00e4\u00e4n eurovaaleihin tavoitteena.<\/strong><br \/>\nVantaan Eurovaalifoorumi pyrkii synnytt\u00e4m\u00e4\u00e4n monipuolista keskustelua EU:sta j\u00e4rjest\u00e4m\u00e4ll\u00e4 mm. tilaisuuksien sarjan kuluvan kev\u00e4\u00e4n aikana eri puolilla Vantaata.<br \/>\nVantaan Eurovaalifoorumi toimii yhteisty\u00f6ss\u00e4 VEU:n, Vaihtoehto EU:lle ry:n kanssa.<br \/>\n<div id=\"attachment_2149\" style=\"width: 428px\" class=\"wp-caption aligncenter\"><a href=\"\/wp-content\/uploads\/sites\/31\/2014\/01\/valuutta-iso.jpg\"><img loading=\"lazy\" decoding=\"async\" aria-describedby=\"caption-attachment-2149\" src=\"\/wp-content\/uploads\/sites\/31\/2014\/01\/valuutta-iso.jpg\" alt=\"\" title=\"valuutta iso\" width=\"418\" height=\"335\" class=\"size-full wp-image-2149\" \/><\/a><p id=\"caption-attachment-2149\" class=\"wp-caption-text\">Vantaan Eurovaalifoorumi toteuttaa keskustelevan tilaisuussarjan Europolitiikasta kev\u00e4\u00e4n aikana.<\/p><\/div>\n<p>Ensimm\u00e4inen tilaisuus j\u00e4rjestet\u00e4\u00e4n 28.1.2014 klo 17.30-20.00 Koivukyl\u00e4n kirjaston audotoriossa. Aiheena on: Mit\u00e4 on EU-kriittisyys? Tilaisuus on paneelityyppinen vuoropuhelu panelistien ja yleis\u00f6n v\u00e4lill\u00e4.<br \/>\nPanelisteina kuullaan: Rita Dahl SKP (sit), Helena Eronen Muutos 2011, Johannes Hirvaskoski kesk, Sirpa Kauppinen vihr, Kimmo Kiljunen SDP, Antti Pesonen IPU, Terttu Savola K\u00f6yhien asialla, Juhani Tanski STP.<br \/>\nOdotettavissa on vilkas eurovaaliavaus.<\/p>\n<p>Seuraavat tilaisuudet ja teemat:<br \/>\n19.2. klo 18-21 Vapaaehtoistalo Viola Orvokkirinne 4 Tikkurila.<br \/>\n EU-USA-vapaakauppasopimus &#8211; talouskasvun kirvoittaja vai uhka demokratialle?<\/p>\n<p>5.3. klo 17.30-20.00 Monitoimitila Arkki, Liesitori 1 A 3.krs. Myyrm\u00e4ki.<div id=\"attachment_2148\" style=\"width: 160px\" class=\"wp-caption alignright\"><a href=\"\/wp-content\/uploads\/sites\/31\/2014\/01\/ammus-iso.jpg\"><img loading=\"lazy\" decoding=\"async\" aria-describedby=\"caption-attachment-2148\" src=\"\/wp-content\/uploads\/sites\/31\/2014\/01\/ammus-iso-150x150.jpg\" alt=\"\" title=\"ammus iso\" width=\"150\" height=\"150\" class=\"size-thumbnail wp-image-2148\" \/><\/a><p id=\"caption-attachment-2148\" class=\"wp-caption-text\">Vantaan Eurovaalifoorimin keskustelutilaisuus Euroopan Unionin turvallisuuspolitiikasta 5.3. Monitoimitalo Arkissa Myyrm\u00e4ess\u00e4.<\/p><\/div>\n Mit\u00e4 on Natosta riippumaton EU:n puolustus?<\/p>\n<p>23.4. klo 18-21 Skomarsin torppa Ratsumiehenpolku Hakunila.<br \/>\n Suomi ja Euroopan Unioni &#8211; vaalikeskustelu.<\/p>\n<p>6.5. klo 17.30-20.00 Koivukyl\u00e4n kirjaston auditorio Hakopolku 2.<br \/>\n Suuri EU-vaalipaneli.<\/p>\n<p>Vantaan Eurovaalifoorumi Facebookissa: www.facebook.com\/VantaanEurovaalifoorumi\/<\/p>\n","protected":false},"excerpt":{"rendered":"<p>EU-tietoisuuden lis\u00e4\u00e4minen ja vaikuttaminen kev\u00e4\u00e4n eurovaaleihin tavoitteena. Vantaan Eurovaalifoorumi pyrkii synnytt\u00e4m\u00e4\u00e4n monipuolista keskustelua EU:sta j\u00e4rjest\u00e4m\u00e4ll\u00e4 mm. tilaisuuksien sarjan kuluvan kev\u00e4\u00e4n aikana eri puolilla Vantaata. Vantaan Eurovaalifoorumi toimii yhteisty\u00f6ss\u00e4 VEU:n, Vaihtoehto EU:lle ry:n kanssa. Ensimm\u00e4inen tilaisuus j\u00e4rjestet\u00e4\u00e4n 28.1.2014 klo 17.30-20.00 Koivukyl\u00e4n kirjaston audotoriossa. Aiheena on: Mit\u00e4 on EU-kriittisyys? Tilaisuus on paneelityyppinen vuoropuhelu panelistien ja yleis\u00f6n v\u00e4lill\u00e4.&hellip;<\/p>\n<p class=\"more-link-p\"><a class=\"more-link\" href=\"https:\/\/www.asukkaidenvantaa.fi\/?p=2144\">Lue lis\u00e4\u00e4 \u2192<\/a><\/p>\n","protected":false},"author":5003,"featured_media":0,"comment_status":"open","ping_status":"open","sticky":false,"template":"","format":"standard","meta":{"footnotes":""},"categories":[35],"tags":[],"class_list":["post-2144","post","type-post","status-publish","format-standard","hentry","category-tapahtumat"],"_links":{"self":[{"href":"https:\/\/www.asukkaidenvantaa.fi\/index.php?rest_route=\/wp\/v2\/posts\/2144","targetHints":{"allow":["GET"]}}],"collection":[{"href":"https:\/\/www.asukkaidenvantaa.fi\/index.php?rest_route=\/wp\/v2\/posts"}],"about":[{"href":"https:\/\/www.asukkaidenvantaa.fi\/index.php?rest_route=\/wp\/v2\/types\/post"}],"author":[{"embeddable":true,"href":"https:\/\/www.asukkaidenvantaa.fi\/index.php?rest_route=\/wp\/v2\/users\/5003"}],"replies":[{"embeddable":true,"href":"https:\/\/www.asukkaidenvantaa.fi\/index.php?rest_route=%2Fwp%2Fv2%2Fcomments&post=2144"}],"version-history":[{"count":9,"href":"https:\/\/www.asukkaidenvantaa.fi\/index.php?rest_route=\/wp\/v2\/posts\/2144\/revisions"}],"predecessor-version":[{"id":2157,"href":"https:\/\/www.asukkaidenvantaa.fi\/index.php?rest_route=\/wp\/v2\/posts\/2144\/revisions\/2157"}],"wp:attachment":[{"href":"https:\/\/www.asukkaidenvantaa.fi\/index.php?rest_route=%2Fwp%2Fv2%2Fmedia&parent=2144"}],"wp:term":[{"taxonomy":"category","embeddable":true,"href":"https:\/\/www.asukkaidenvantaa.fi\/index.php?rest_route=%2Fwp%2Fv2%2Fcategories&post=2144"},{"taxonomy":"post_tag","embeddable":true,"href":"https:\/\/www.asukkaidenvantaa.fi\/index.php?rest_route=%2Fwp%2Fv2%2Ftags&post=2144"}],"curies":[{"name":"wp","href":"https:\/\/api.w.org\/{rel}","templated":true}]}}