{"id":1997,"date":"2013-12-12T14:50:41","date_gmt":"2013-12-12T14:50:41","guid":{"rendered":"http:\/\/www.asukkaidenvantaa.fi\/?p=1997"},"modified":"2013-12-12T14:51:13","modified_gmt":"2013-12-12T14:51:13","slug":"vantaan-terveyslautakunnan-johtokaksikko-ei-lampene-jatti-sote-alueelle","status":"publish","type":"post","link":"https:\/\/www.asukkaidenvantaa.fi\/?p=1997","title":{"rendered":"Vantaan terveyslautakunnan johtokaksikko ei l\u00e4mpene j\u00e4tti sote-alueelle."},"content":{"rendered":"<p><strong>Vantaan sosiaali- ja terveyslautakunnan puheenjohtaja Mari Niemi-Saari (sd) ja varapuheenjohtaja Sakari Rokkanen (kok) eiv\u00e4t n\u00e4e j\u00e4tti sote-aluetta toteuttamiskelpoisena.<\/strong><br \/>\nSTM:n (sosiaali- ja terveysministeri\u00f6n) virkamiesten valmistelema esitys p\u00e4\u00e4kaupunkiseudun sosiaali- ja terveyspalveluiden j\u00e4rjest\u00e4misest\u00e4, jossa Helsinki ymp\u00e4rist\u00f6kuntineen, yhteens\u00e4 26 kuntaa, muodostaisi yhden HUS:n (Helsingin ja Uudenmaan sairaanhoitopiiri) hoitaman sote-alueen, ei saa kannatusta Vantaan sosiaali- ja terveyslutakunnan johtokaksikolta. Sek\u00e4 sosiaalidemokraattinen puheenjohtaja Mari Niemi-Saari ett\u00e4 kokoomuslainen Sakari Rokkanen torjuvat ehdotuksen ilmaisemalla yhdess\u00e4 kielteisen kantansa.<br \/>\n<div id=\"attachment_1999\" style=\"width: 210px\" class=\"wp-caption aligncenter\"><a href=\"\/wp-content\/uploads\/sites\/31\/2013\/12\/peijaksen-sairaala.jpg\"><img loading=\"lazy\" decoding=\"async\" aria-describedby=\"caption-attachment-1999\" src=\"\/wp-content\/uploads\/sites\/31\/2013\/12\/peijaksen-sairaala.jpg\" alt=\"\" title=\"peijaksen sairaala\" width=\"200\" height=\"150\" class=\"size-full wp-image-1999\" \/><\/a><p id=\"caption-attachment-1999\" class=\"wp-caption-text\">Kuka hoitaa Vantaalla sijaisevaa Peijaksen sairaalaa sote-uudistuksen j\u00e4lkeen?<\/p><\/div>\n<p>Lautakunnan puheenjohtajiston mielest\u00e4 Vantaa on riitt\u00e4v\u00e4n suuri toimimaan omana sote-alueenaan ja j\u00e4rjest\u00e4m\u00e4\u00e4n erityispalvelut yhdess\u00e4 Uudenmaan muiden kuntien kanssa.<br \/>\nPuheenjohtajakaksikon mielest\u00e4 Vantaa tuottaa sote-palvelut tehokkaasti.<br \/>\n<div id=\"attachment_2002\" style=\"width: 210px\" class=\"wp-caption alignleft\"><a href=\"\/wp-content\/uploads\/sites\/31\/2013\/12\/Mari-Saari-Niemi-e1386859372693.jpg\"><img loading=\"lazy\" decoding=\"async\" aria-describedby=\"caption-attachment-2002\" src=\"\/wp-content\/uploads\/sites\/31\/2013\/12\/Mari-Saari-Niemi-e1386859372693.jpg\" alt=\"\" title=\"Mari Saari-Niemi\" width=\"200\" height=\"149\" class=\"size-full wp-image-2002\" \/><\/a><p id=\"caption-attachment-2002\" class=\"wp-caption-text\">Vantaan sosiaali- ja terveyslautakunnan puheenjohtaja Mari Niemi-Saari ei hyv\u00e4ksy ehdotettua j\u00e4tti-sotea Vantaan malliksi hoitaa sosiaali- ja terveyspalveluja.<\/p><\/div><div id=\"attachment_2003\" style=\"width: 210px\" class=\"wp-caption alignright\"><a href=\"\/wp-content\/uploads\/sites\/31\/2013\/12\/Rokkanen_Sakari-e1386859539924.jpeg\"><img loading=\"lazy\" decoding=\"async\" aria-describedby=\"caption-attachment-2003\" src=\"\/wp-content\/uploads\/sites\/31\/2013\/12\/Rokkanen_Sakari-e1386859539924.jpeg\" alt=\"\" title=\"Rokkanen_Sakari\" width=\"200\" height=\"257\" class=\"size-full wp-image-2003\" \/><\/a><p id=\"caption-attachment-2003\" class=\"wp-caption-text\">Kokoomuksen Sakari Rokkanen on samoilla linjoilla sosiaalimedokraattien Mari Niemi-Saaren kanssa sote-uudistuksesta.<\/p><\/div>\n<p>Kuntien taloudessa sosiaali- ja terveystoimi edustaa noin puolta kunnan taloudesta, niin Vantaallakin. Mist\u00e4 siis johtuu Vantaan velkainen ja huono taloustilanne? Miksi terveyspalveluja pyrit\u00e4\u00e4n jatkuvasti supistamaan jos toiminta nykyisell\u00e4\u00e4n on tehokasta?<\/p>\n","protected":false},"excerpt":{"rendered":"<p>Vantaan sosiaali- ja terveyslautakunnan puheenjohtaja Mari Niemi-Saari (sd) ja varapuheenjohtaja Sakari Rokkanen (kok) eiv\u00e4t n\u00e4e j\u00e4tti sote-aluetta toteuttamiskelpoisena. STM:n (sosiaali- ja terveysministeri\u00f6n) virkamiesten valmistelema esitys p\u00e4\u00e4kaupunkiseudun sosiaali- ja terveyspalveluiden j\u00e4rjest\u00e4misest\u00e4, jossa Helsinki ymp\u00e4rist\u00f6kuntineen, yhteens\u00e4 26 kuntaa, muodostaisi yhden HUS:n (Helsingin ja Uudenmaan sairaanhoitopiiri) hoitaman sote-alueen, ei saa kannatusta Vantaan sosiaali- ja terveyslutakunnan johtokaksikolta. Sek\u00e4 sosiaalidemokraattinen&hellip;<\/p>\n<p class=\"more-link-p\"><a class=\"more-link\" href=\"https:\/\/www.asukkaidenvantaa.fi\/?p=1997\">Lue lis\u00e4\u00e4 \u2192<\/a><\/p>\n","protected":false},"author":5003,"featured_media":0,"comment_status":"open","ping_status":"open","sticky":false,"template":"","format":"standard","meta":{"footnotes":""},"categories":[1],"tags":[275],"class_list":["post-1997","post","type-post","status-publish","format-standard","hentry","category-uncategorized","tag-sote-uudistus"],"_links":{"self":[{"href":"https:\/\/www.asukkaidenvantaa.fi\/index.php?rest_route=\/wp\/v2\/posts\/1997","targetHints":{"allow":["GET"]}}],"collection":[{"href":"https:\/\/www.asukkaidenvantaa.fi\/index.php?rest_route=\/wp\/v2\/posts"}],"about":[{"href":"https:\/\/www.asukkaidenvantaa.fi\/index.php?rest_route=\/wp\/v2\/types\/post"}],"author":[{"embeddable":true,"href":"https:\/\/www.asukkaidenvantaa.fi\/index.php?rest_route=\/wp\/v2\/users\/5003"}],"replies":[{"embeddable":true,"href":"https:\/\/www.asukkaidenvantaa.fi\/index.php?rest_route=%2Fwp%2Fv2%2Fcomments&post=1997"}],"version-history":[{"count":7,"href":"https:\/\/www.asukkaidenvantaa.fi\/index.php?rest_route=\/wp\/v2\/posts\/1997\/revisions"}],"predecessor-version":[{"id":2007,"href":"https:\/\/www.asukkaidenvantaa.fi\/index.php?rest_route=\/wp\/v2\/posts\/1997\/revisions\/2007"}],"wp:attachment":[{"href":"https:\/\/www.asukkaidenvantaa.fi\/index.php?rest_route=%2Fwp%2Fv2%2Fmedia&parent=1997"}],"wp:term":[{"taxonomy":"category","embeddable":true,"href":"https:\/\/www.asukkaidenvantaa.fi\/index.php?rest_route=%2Fwp%2Fv2%2Fcategories&post=1997"},{"taxonomy":"post_tag","embeddable":true,"href":"https:\/\/www.asukkaidenvantaa.fi\/index.php?rest_route=%2Fwp%2Fv2%2Ftags&post=1997"}],"curies":[{"name":"wp","href":"https:\/\/api.w.org\/{rel}","templated":true}]}}