{"id":1970,"date":"2013-12-11T13:39:37","date_gmt":"2013-12-11T13:39:37","guid":{"rendered":"http:\/\/www.asukkaidenvantaa.fi\/?p=1970"},"modified":"2013-12-11T13:39:37","modified_gmt":"2013-12-11T13:39:37","slug":"dixi-asemasilta-ja-asuntoja-tikkurilan-keskustaa-rakennetaan-kiivaasti","status":"publish","type":"post","link":"https:\/\/www.asukkaidenvantaa.fi\/?p=1970","title":{"rendered":"Dixi, asemasilta ja asuntoja, Tikkurilan keskustaa rakennetaan kiivaasti"},"content":{"rendered":"<p><strong>Tikkurilan keskustan rakentumista voi seurata verkossa.<\/strong><br \/>\n Kaupungin verkkosivulla oleva kuva p\u00e4ivittyy p\u00e4ivitt\u00e4in klo 11.<br \/>\n<strong>Tikkurilan asemalle rakennettava toimisto- ja liikerakennus Dixi alkaa olla mitoissaan.<\/strong><br \/>\nDixin rakentamisessa k\u00e4ytetty torninosturi on purettu. Siit\u00e4 voisi p\u00e4\u00e4tell\u00e4, ett\u00e4 Dixi on saavuttanut lopullisen korkeutensa. Dixi on massiivinen rakennus vanhan aseman rinnalla.<br \/>\n<div id=\"attachment_1972\" style=\"width: 2458px\" class=\"wp-caption aligncenter\"><a href=\"\/wp-content\/uploads\/sites\/31\/2013\/12\/20131205_1239061.jpg\"><img loading=\"lazy\" decoding=\"async\" aria-describedby=\"caption-attachment-1972\" src=\"\/wp-content\/uploads\/sites\/31\/2013\/12\/20131205_1239061-e1386767036908.jpg\" alt=\"\" title=\"20131205_123906\" width=\"2448\" height=\"3264\" class=\"size-full wp-image-1972\" \/><\/a><p id=\"caption-attachment-1972\" class=\"wp-caption-text\">Tikkurilan asemalle rakennettava liike- ja toimistorakennus Dixi on lopullisessa korkeudessaan. Dixi etel\u00e4st\u00e4 Tikkurilantielt\u00e4 n\u00e4htyn\u00e4.<\/p><\/div>\n<p>My\u00f6skin p\u00e4\u00e4radan ylitt\u00e4v\u00e4 asemasillan muoto alkaa hahmottua. Siltaa my\u00f6ten tulee uusi kulkuyhteys Dixist\u00e4 Jokiniemeen.<br \/>\n<div id=\"attachment_1975\" style=\"width: 3274px\" class=\"wp-caption aligncenter\"><a href=\"\/wp-content\/uploads\/sites\/31\/2013\/12\/20131205_124705.jpg\"><img loading=\"lazy\" decoding=\"async\" aria-describedby=\"caption-attachment-1975\" src=\"\/wp-content\/uploads\/sites\/31\/2013\/12\/20131205_124705.jpg\" alt=\"\" title=\"20131205_124705\" width=\"3264\" height=\"2448\" class=\"size-full wp-image-1975\" \/><\/a><p id=\"caption-attachment-1975\" class=\"wp-caption-text\">Tikkurilan uuden asemasillan muodot alkavat hahmottua. Pietrista tullut Allegro juna sukeltaa kuvassa juuri uuden asemasillan alitse.<\/p><\/div>\n<p>Ensimm\u00e4iset uudet asunnot asemanseudulle valmistuvat tammikuussa 2014 ja sen j\u00e4lkeen tasaiseen tahtiin useampia asuinrakennuksia. Ensimm\u00e4isen\u00e4 valmistuu uuden ensi kes\u00e4n\u00e4 valmistuvan torin viereen tuleva asuinrakennus. Yhteens\u00e4 uusia asuntoja rakennetaan aseman v\u00e4litt\u00f6m\u00e4\u00e4n l\u00e4heisyyteen n. 400 kpl.<br \/>\n<div id=\"attachment_1979\" style=\"width: 610px\" class=\"wp-caption aligncenter\"><a href=\"\/wp-content\/uploads\/sites\/31\/2013\/12\/20131205_130800.jpg\"><img loading=\"lazy\" decoding=\"async\" aria-describedby=\"caption-attachment-1979\" src=\"\/wp-content\/uploads\/sites\/31\/2013\/12\/20131205_130800-1024x768.jpg\" alt=\"\" title=\"20131205_130800\" width=\"600\" height=\"450\" class=\"size-large wp-image-1979\" \/><\/a><p id=\"caption-attachment-1979\" class=\"wp-caption-text\">Tikkurilan asemanseudulle rakennettavista uusista asuinrakennuksista valmistuu ensimm\u00e4isen\u00e4 kaupungintalon naapuriin sijoittuva talo. Uusi tori sijoittuu kaupungintalon ja t\u00e4m\u00e4n uuden asuintalon v\u00e4liin. Torin laatoitusty\u00f6 j\u00e4i talven jalkoihin ja uutta toria saadaan odottaa ensi kes\u00e4\u00e4n.<\/p><\/div>\n<div id=\"attachment_1986\" style=\"width: 610px\" class=\"wp-caption aligncenter\"><a href=\"\/wp-content\/uploads\/sites\/31\/2013\/12\/20131205_131047.jpg\"><img loading=\"lazy\" decoding=\"async\" aria-describedby=\"caption-attachment-1986\" src=\"\/wp-content\/uploads\/sites\/31\/2013\/12\/20131205_131047-1024x768.jpg\" alt=\"\" title=\"20131205_131047\" width=\"600\" height=\"450\" class=\"size-large wp-image-1986\" \/><\/a><p id=\"caption-attachment-1986\" class=\"wp-caption-text\">Kaupungintalon edustan laatoituskin on saatu k\u00e4yntiin.<\/p><\/div>\n<div id=\"attachment_1991\" style=\"width: 610px\" class=\"wp-caption aligncenter\"><a href=\"\/wp-content\/uploads\/sites\/31\/2013\/12\/20131205_131131.jpg\"><img loading=\"lazy\" decoding=\"async\" aria-describedby=\"caption-attachment-1991\" src=\"\/wp-content\/uploads\/sites\/31\/2013\/12\/20131205_131131-1024x768.jpg\" alt=\"\" title=\"20131205_131131\" width=\"600\" height=\"450\" class=\"size-large wp-image-1991\" \/><\/a><p id=\"caption-attachment-1991\" class=\"wp-caption-text\">Kaupunki on pystytt\u00e4nyt komean kuusen juhlistamaan joulun aikaa viel\u00e4 sekasortoiseen katukuvaan. Ensi kes\u00e4n\u00e4 maisema n\u00e4ytt\u00e4nee jo valmiimmalta.<\/p><\/div>\n","protected":false},"excerpt":{"rendered":"<p>Tikkurilan keskustan rakentumista voi seurata verkossa. Kaupungin verkkosivulla oleva kuva p\u00e4ivittyy p\u00e4ivitt\u00e4in klo 11. Tikkurilan asemalle rakennettava toimisto- ja liikerakennus Dixi alkaa olla mitoissaan. Dixin rakentamisessa k\u00e4ytetty torninosturi on purettu. Siit\u00e4 voisi p\u00e4\u00e4tell\u00e4, ett\u00e4 Dixi on saavuttanut lopullisen korkeutensa. Dixi on massiivinen rakennus vanhan aseman rinnalla. My\u00f6skin p\u00e4\u00e4radan ylitt\u00e4v\u00e4 asemasillan muoto alkaa hahmottua. Siltaa my\u00f6ten&hellip;<\/p>\n<p class=\"more-link-p\"><a class=\"more-link\" href=\"https:\/\/www.asukkaidenvantaa.fi\/?p=1970\">Lue lis\u00e4\u00e4 \u2192<\/a><\/p>\n","protected":false},"author":5003,"featured_media":0,"comment_status":"open","ping_status":"open","sticky":false,"template":"","format":"standard","meta":{"footnotes":""},"categories":[1],"tags":[],"class_list":["post-1970","post","type-post","status-publish","format-standard","hentry","category-uncategorized"],"_links":{"self":[{"href":"https:\/\/www.asukkaidenvantaa.fi\/index.php?rest_route=\/wp\/v2\/posts\/1970","targetHints":{"allow":["GET"]}}],"collection":[{"href":"https:\/\/www.asukkaidenvantaa.fi\/index.php?rest_route=\/wp\/v2\/posts"}],"about":[{"href":"https:\/\/www.asukkaidenvantaa.fi\/index.php?rest_route=\/wp\/v2\/types\/post"}],"author":[{"embeddable":true,"href":"https:\/\/www.asukkaidenvantaa.fi\/index.php?rest_route=\/wp\/v2\/users\/5003"}],"replies":[{"embeddable":true,"href":"https:\/\/www.asukkaidenvantaa.fi\/index.php?rest_route=%2Fwp%2Fv2%2Fcomments&post=1970"}],"version-history":[{"count":19,"href":"https:\/\/www.asukkaidenvantaa.fi\/index.php?rest_route=\/wp\/v2\/posts\/1970\/revisions"}],"predecessor-version":[{"id":1995,"href":"https:\/\/www.asukkaidenvantaa.fi\/index.php?rest_route=\/wp\/v2\/posts\/1970\/revisions\/1995"}],"wp:attachment":[{"href":"https:\/\/www.asukkaidenvantaa.fi\/index.php?rest_route=%2Fwp%2Fv2%2Fmedia&parent=1970"}],"wp:term":[{"taxonomy":"category","embeddable":true,"href":"https:\/\/www.asukkaidenvantaa.fi\/index.php?rest_route=%2Fwp%2Fv2%2Fcategories&post=1970"},{"taxonomy":"post_tag","embeddable":true,"href":"https:\/\/www.asukkaidenvantaa.fi\/index.php?rest_route=%2Fwp%2Fv2%2Ftags&post=1970"}],"curies":[{"name":"wp","href":"https:\/\/api.w.org\/{rel}","templated":true}]}}