{"id":1899,"date":"2013-11-29T14:30:10","date_gmt":"2013-11-29T14:30:10","guid":{"rendered":"http:\/\/www.asukkaidenvantaa.fi\/?p=1899"},"modified":"2013-12-01T14:49:37","modified_gmt":"2013-12-01T14:49:37","slug":"1899","status":"publish","type":"post","link":"https:\/\/www.asukkaidenvantaa.fi\/?p=1899","title":{"rendered":"Eurovaaliehdokas Tiina Sandberg"},"content":{"rendered":"<p>Euroopan Unioni on rakennettu v\u00e4\u00e4r\u00e4lle perustalle. Sen perusarvona on markkinoiden toimintavapauksien kasvattaminen ja rahan vallan<\/p>\n<p>vahvistaminen. Ihmisoikeudet, luonto ja koko planeetan selviytyminen on sille toisarvoista. Siksi unionista on l\u00e4hdett\u00e4v\u00e4.<\/p>\n<div id=\"attachment_1900\" style=\"width: 200px\" class=\"wp-caption alignright\"><a href=\"\/wp-content\/uploads\/sites\/31\/2013\/11\/ProfilePhotos1-e1385890681295.jpg\"><img loading=\"lazy\" decoding=\"async\" aria-describedby=\"caption-attachment-1900\" class=\"size-full wp-image-1900\" title=\"ProfilePhotos[1]\" src=\"\/wp-content\/uploads\/sites\/31\/2013\/11\/ProfilePhotos1-e1385890681295.jpg\" alt=\"\" width=\"190\" height=\"190\" \/><\/a><p id=\"caption-attachment-1900\" class=\"wp-caption-text\">Tiina Sandberg<\/p><\/div>T\u00e4ll\u00e4 hetkell\u00e4 EU:ssa ajetaan vapaakauppasopimusta Yhdysvaltain kanssa. Kanadan ja EU:n v\u00e4linen sopimus saatiin jo aikaiseksi, mutta siin\u00e4 unioni on se isompi osapuoli, jolloin sopimus on v\u00e4hemm\u00e4n haitallinen. Mik\u00e4li Transatlantic Trade and Investiment Partnership (TTIP) sopimus astuu voimaan, uhkaa se vied\u00e4 kansallisvaltioilta loputkin siit\u00e4 p\u00e4\u00e4t\u00f6svallasta, mit\u00e4 niill\u00e4 viel\u00e4 unionin j\u00e4senin\u00e4 on j\u00e4ljell\u00e4.<\/p>\n<p>Sopimuksen solmimisen j\u00e4lkeen kaikki suuryritysten toimintaa h\u00e4iritsev\u00e4t pikku jutut, kuten vaikkapa suomenkielentaitoisen henkil\u00f6kunnan vaatiminen Myttyl\u00e4n kunnan vanhustentalolle, voitaisiin alistaa tarkisteltavaksi kansainv\u00e4liseen oikeuteen. Nyky\u00e4\u00e4n on jo olemassa vahva n\u00e4ytt\u00f6 my\u00f6s siit\u00e4, ett\u00e4 l\u00e4hes kaikki ymp\u00e4rist\u00f6n suojeluun t\u00e4ht\u00e4\u00e4v\u00e4t toimet voidaan yritysten niin halutessa k\u00e4\u00e4nt\u00e4\u00e4 vapaakauppasopimusten tarkoittamien vapauksien rajoitusyrityksiksi.<\/p>\n<p>Haluammeko todella sellaisen Suomen, Euroopan ja maailman, jossa suuryritykset m\u00e4\u00e4r\u00e4\u00e4v\u00e4t tahdin ja viev\u00e4t meit\u00e4 minne ja miten huvittaa? Min\u00e4 en halua.<\/p>\n<p>En my\u00f6sk\u00e4\u00e4n halua vain odotella k\u00e4det ristiss\u00e4, ett\u00e4 Euroopan unioni ehk\u00e4 jonain p\u00e4iv\u00e4n\u00e4 kaatuisi omaan mahdottomuuteensa. Haluan vastustustaa sit\u00e4 aktiivisesti ja n\u00e4en, ett\u00e4 niin kauan kuin se on olemassa, on sit\u00e4 vastustamisen lis\u00e4ksi my\u00f6s pyritt\u00e4v\u00e4 parantamaan niilt\u00e4 osin kuin se on mahdollista. Vaikuttamisen pit\u00e4\u00e4 tapahtua kaikilla rintamilla ja kaikilla areenoilla, niill\u00e4 keinoilla, joita on k\u00e4ytett\u00e4viss\u00e4.<\/p>\n<p>Minulle sellainen muutettava ja parannettava asia on asioiden valmistelu ja kansalaisten mahdollisuus seurata sit\u00e4 valmisteluprosessia. Ei voida edellytt\u00e4\u00e4, ett\u00e4 koko unioni soveltaisi Suomen hallituksen linjaa, jossa uudistuspakettien valmistelun avaaminen kiellet\u00e4\u00e4n sill\u00e4 perusteella, ett\u00e4 sen avoimuus voisi vaikuttaa lopputulokseen. Oikein toteutettu valmistelu t\u00e4ht\u00e4\u00e4 juuri siihen, ett\u00e4 matkan varrella asioihin voidaan vaikuttaa ja ne, jotka n\u00e4kev\u00e4t muutosten ulottuvan omaan el\u00e4m\u00e4\u00e4ns\u00e4, voivat ottaa kantaa etuk\u00e4teen. N\u00e4in tulisi olla niin Suomessa kuin EU:ssakin.<\/p>\n<p>Mielest\u00e4ni suurin yksitt\u00e4inen ep\u00e4kohta unionissa on asunnottomuus. Meill\u00e4 on keinot siihen, ett\u00e4 voimme poistaa asunnottomuuden Euroopasta. Ainoa mit\u00e4 meilt\u00e4 puuttuu, on poliittinen tahto ja ihmisten yhteinen vaatimus t\u00e4m\u00e4n v\u00e4\u00e4ryyden korjaamiseksi.<\/p>\n<p>Asumiskysymyksiin olen perehtynyt ty\u00f6skennelty\u00e4ni aikaisemmin Asukasliitossa. Olen my\u00f6s Vantaan asunnottomien hyvinvoinnin tuki (VAHTI) ry:n hallituksen j\u00e4sen.<\/p>\n<p>N\u00e4m\u00e4 ovat t\u00e4rkeimm\u00e4t vaaliteemani. Olen 39-vuotias helsinkil\u00e4inen ymp\u00e4rist\u00f6suunnittelija, AMK ja t\u00e4ll\u00e4 hetkell\u00e4 t\u00f6iss\u00e4 SKP:n Uudenmaan piirisihteerin\u00e4. Olen my\u00f6s mukana Euroopan Vasemmiston Latinalaisen Amerikan ty\u00f6ryhm\u00e4ss\u00e4 ja Helsingin liikuntalautakunnan varaj\u00e4sen. Tarvittaessa puutun \u00e4rh\u00e4k\u00e4sti etenkin sek\u00e4 lapsiperheiden aseman heikennyksiin ett\u00e4 asumisen hintaan vaikuttaviin ehdotuksiin.<\/p>\n<p>Mottoni on, ett\u00e4 asiat eiv\u00e4t muutu, ellei niit\u00e4 muuteta.<\/p>\n<p>Tiina Sandberg<\/p>\n<p>Tutustu Tiina Sandbergin ajatuksiin ja kannanottoihin h\u00e4nen <a href=\"http:\/\/tiinamariasandberg.puheenvuoro.uusisuomi.fi\/\">blogissaan.<\/a><br \/>\nEurovaaliehdokas Tiina Sandberg <a href=\"https:\/\/www.facebook.com\/TiinaSandbergPoliitikko\">Facebookissa.<\/a><\/p>\n<div id=\"attachment_1930\" style=\"width: 1105px\" class=\"wp-caption alignright\"><a href=\"\/wp-content\/uploads\/sites\/31\/2013\/11\/Avaus-EU-kirjaimet-3.jpg\"><img loading=\"lazy\" decoding=\"async\" aria-describedby=\"caption-attachment-1930\" class=\"size-full wp-image-1930\" title=\"OLYMPUS DIGITAL CAMERA\" src=\"\/wp-content\/uploads\/sites\/31\/2013\/11\/Avaus-EU-kirjaimet-3.jpg\" alt=\"\" width=\"1095\" height=\"730\" srcset=\"https:\/\/www.asukkaidenvantaa.fi\/wp-content\/uploads\/sites\/31\/2013\/11\/Avaus-EU-kirjaimet-3.jpg 1095w, https:\/\/www.asukkaidenvantaa.fi\/wp-content\/uploads\/sites\/31\/2013\/11\/Avaus-EU-kirjaimet-3-300x200.jpg 300w, https:\/\/www.asukkaidenvantaa.fi\/wp-content\/uploads\/sites\/31\/2013\/11\/Avaus-EU-kirjaimet-3-1024x682.jpg 1024w, https:\/\/www.asukkaidenvantaa.fi\/wp-content\/uploads\/sites\/31\/2013\/11\/Avaus-EU-kirjaimet-3-120x80.jpg 120w\" sizes=\"auto, (max-width: 1095px) 100vw, 1095px\" \/><\/a><p id=\"caption-attachment-1930\" class=\"wp-caption-text\">Eurovaaliehdokkaat kampanja-avauksessa, toinen vasemmalta Tiina Sandberg ja toinen oikealta vantaalainen eurovaaliehdokas Rita Dahl. Tiina Sandberg asuu Helsingiss\u00e4 l\u00e4hell\u00e4 Vantaan rajaa.<\/p><\/div>\n","protected":false},"excerpt":{"rendered":"<p>Euroopan Unioni on rakennettu v\u00e4\u00e4r\u00e4lle perustalle. Sen perusarvona on markkinoiden toimintavapauksien kasvattaminen ja rahan vallan vahvistaminen. Ihmisoikeudet, luonto ja koko planeetan selviytyminen on sille toisarvoista. Siksi unionista on l\u00e4hdett\u00e4v\u00e4. T\u00e4ll\u00e4 hetkell\u00e4 EU:ssa ajetaan vapaakauppasopimusta Yhdysvaltain kanssa. Kanadan ja EU:n v\u00e4linen sopimus saatiin jo aikaiseksi, mutta siin\u00e4 unioni on se isompi osapuoli, jolloin sopimus on v\u00e4hemm\u00e4n&hellip;<\/p>\n<p class=\"more-link-p\"><a class=\"more-link\" href=\"https:\/\/www.asukkaidenvantaa.fi\/?p=1899\">Lue lis\u00e4\u00e4 \u2192<\/a><\/p>\n","protected":false},"author":5006,"featured_media":0,"comment_status":"open","ping_status":"open","sticky":false,"template":"","format":"image","meta":{"footnotes":""},"categories":[1],"tags":[],"class_list":["post-1899","post","type-post","status-publish","format-image","hentry","category-uncategorized","post_format-post-format-image"],"_links":{"self":[{"href":"https:\/\/www.asukkaidenvantaa.fi\/index.php?rest_route=\/wp\/v2\/posts\/1899","targetHints":{"allow":["GET"]}}],"collection":[{"href":"https:\/\/www.asukkaidenvantaa.fi\/index.php?rest_route=\/wp\/v2\/posts"}],"about":[{"href":"https:\/\/www.asukkaidenvantaa.fi\/index.php?rest_route=\/wp\/v2\/types\/post"}],"author":[{"embeddable":true,"href":"https:\/\/www.asukkaidenvantaa.fi\/index.php?rest_route=\/wp\/v2\/users\/5006"}],"replies":[{"embeddable":true,"href":"https:\/\/www.asukkaidenvantaa.fi\/index.php?rest_route=%2Fwp%2Fv2%2Fcomments&post=1899"}],"version-history":[{"count":13,"href":"https:\/\/www.asukkaidenvantaa.fi\/index.php?rest_route=\/wp\/v2\/posts\/1899\/revisions"}],"predecessor-version":[{"id":1934,"href":"https:\/\/www.asukkaidenvantaa.fi\/index.php?rest_route=\/wp\/v2\/posts\/1899\/revisions\/1934"}],"wp:attachment":[{"href":"https:\/\/www.asukkaidenvantaa.fi\/index.php?rest_route=%2Fwp%2Fv2%2Fmedia&parent=1899"}],"wp:term":[{"taxonomy":"category","embeddable":true,"href":"https:\/\/www.asukkaidenvantaa.fi\/index.php?rest_route=%2Fwp%2Fv2%2Fcategories&post=1899"},{"taxonomy":"post_tag","embeddable":true,"href":"https:\/\/www.asukkaidenvantaa.fi\/index.php?rest_route=%2Fwp%2Fv2%2Ftags&post=1899"}],"curies":[{"name":"wp","href":"https:\/\/api.w.org\/{rel}","templated":true}]}}