{"id":1875,"date":"2013-11-19T15:40:27","date_gmt":"2013-11-19T15:40:27","guid":{"rendered":"http:\/\/www.asukkaidenvantaa.fi\/?p=1875"},"modified":"2013-11-19T20:54:26","modified_gmt":"2013-11-19T20:54:26","slug":"vantaa-jatkaa-palveluiden-leikkaamista","status":"publish","type":"post","link":"https:\/\/www.asukkaidenvantaa.fi\/?p=1875","title":{"rendered":"Vantaa jatkaa palveluiden leikkaamista"},"content":{"rendered":"<p><strong>Vantaan valtuusto pysyi kaupunginjohtaja Kari Nenosen (sd) alkuper\u00e4isess\u00e4 esityksess\u00e4 p\u00e4\u00e4tt\u00e4ess\u00e4\u00e4n maanantaina kaupungin ensi vuoden tulo- ja menoarviosta. Vantaan p\u00e4\u00e4t\u00f6ksentekoa kahlitsee edellisen valtuuston viime vuonna l\u00e4hes rikkumattoman konsensuksen hengess\u00e4 (\u00e4\u00e4nin 63-4) hyv\u00e4ksym\u00e4 Talouden tasapainottamis- ja velkaohjelma (TVO).<\/strong><\/p>\n<p>Uudessa valtuustossa varsinkin sen uusille j\u00e4senille tuntuu tulleen yll\u00e4tyksen\u00e4, ett\u00e4 kaikki kaupunginvaltuuston p\u00e4\u00e4t\u00e4nt\u00e4valtaan normaalisti kuuluvat talouden suuret linjat ovat jo ennalta sovitut ja ett\u00e4 TVO:ssa lukitut budjetin raamit eiv\u00e4t jousta nyt eiv\u00e4tk\u00e4 tulevina vuosina. Tuota vantaalaisia kuristavaa konsensusta ovat rikkoneet budjetin valmisteluprosessin kuluessa kaupungissa syksyn aikana syntyneiden protestiliikkeiden havahduttamana Vasemmistoliiton edustajien lis\u00e4ksi vaihtelevasti muutamien muidenkin ryhmien (vihr. ja ps.) edustajat.<\/p>\n<p>Palveluntarjonnan leikkauksiin tiukimmin sitoutuneet ryhm\u00e4t, porvaririntama (kok, rkp, krist.) ja sosiaalidemokraatit perustelevat linjaansa p\u00e4\u00e4asiassa kahdella uhkakuvalla: Vantaan suurehkoon velkam\u00e4\u00e4r\u00e4\u00e4n liittyv\u00e4ll\u00e4 korkoriskill\u00e4 ja maan hallituksen asettaman kriisikunta-m\u00e4\u00e4ritelm\u00e4n aiheuttamalla itsen\u00e4isyyden menett\u00e4misen vaaralla.<\/p>\n<p>Ulkopuolisen konsultin ohjauksessa valmisteltu ensimm\u00e4inen varsinainen leikkausohjelman sitoma budjetti nuijittiin valtuustossa l\u00e4pi ilman muutoksia.<\/p>\n<p>\u2013 Kaikki sopeutukset ovat osa velkaohjelmaa ja se on kokonaisuus, johon me kaikki olemme sitoutuneet, kuuluu palveluiden leikkaajien yleinen perustelu, jota toistettiin talousarvion k\u00e4sittelyn aikana useaan otteeseen. T\u00e4m\u00e4 TVO-\u201dkokonaisuus\u201d sitoo valtuustoa vuoteen 2016 asti.<\/p>\n<p>Vantaalaisen palveluntarvitsijan kannalta tuhoisaa, TVO:n mukaista jyrkk\u00e4\u00e4 leikkauspolitiikkaa vastusti alun alkaen ainoastaan osa Vasemmistoliiton edustajista. Opposition rungon muodostavat Vantaalla \u2013 t\u00e4ss\u00e4 uudessa asetelmassa &#8211; vihre\u00e4t ja p\u00e4\u00e4osa Vasemmistoliiton ryhm\u00e4st\u00e4. Vihreiden ryhm\u00e4 oli \u00e4\u00e4nestyksiss\u00e4 yksituumainen, mutta vasemmistoliiton edustajissa oltiin asioista kahta eri mielt\u00e4.<\/p>\n<p>Vasemmistoliiton valtuustoryhm\u00e4n johtaja <strong>Kati Tyystj\u00e4rvi<\/strong> pysyi tiukasti vanhalla palveluiden leikkauslinjalla. Tyystj\u00e4rvi oli ryhm\u00e4ns\u00e4 johtajana allekirjoittamassa aikanaan niin sanottua Vantaa-sopimusta jolla kaupungin palveluverkkoa piti alettaman karsia jo viime vuosikymmenell\u00e4.<\/p>\n<p>Nykyinen leikkausohjelma (TVO), jota Tyystj\u00e4rvi on sen kaikissa vaiheissa kannattanut, on tuon surullisen kuuluisan hyvinvointikunnan alasajo-ohjelman t\u00e4yt\u00e4nt\u00f6\u00f6npanoa. Valtuutettu Tyystj\u00e4rvi kannatti muiden muassa Vantaalla syksyn aikana paljon keskustelua aiheuttanutta kahden koulun lakkauttamista.<\/p>\n<p>Tyystj\u00e4rvi erosi Vasemmistoliiton ryhm\u00e4n johdosta nyt toistamiseen. My\u00f6s Vasemmistiliiton Uudenmaan piiri vaihtoi\u00a0viime viikonloppuna johtoa. Tyystj\u00e4rven tilalle tuli valituksi toinen vantaalainen kaupunginvaltuutettu, TVO:n vastustajana profiloitunut <strong>Antero Eerola<\/strong>. (asva.fi)<\/p>\n<p>&nbsp;<\/p>\n","protected":false},"excerpt":{"rendered":"<p>Vantaan valtuusto pysyi kaupunginjohtaja Kari Nenosen (sd) alkuper\u00e4isess\u00e4 esityksess\u00e4 p\u00e4\u00e4tt\u00e4ess\u00e4\u00e4n maanantaina kaupungin ensi vuoden tulo- ja menoarviosta. Vantaan p\u00e4\u00e4t\u00f6ksentekoa kahlitsee edellisen valtuuston viime vuonna l\u00e4hes rikkumattoman konsensuksen hengess\u00e4 (\u00e4\u00e4nin 63-4) hyv\u00e4ksym\u00e4 Talouden tasapainottamis- ja velkaohjelma (TVO). Uudessa valtuustossa varsinkin sen uusille j\u00e4senille tuntuu tulleen yll\u00e4tyksen\u00e4, ett\u00e4 kaikki kaupunginvaltuuston p\u00e4\u00e4t\u00e4nt\u00e4valtaan normaalisti kuuluvat talouden suuret linjat ovat&hellip;<\/p>\n<p class=\"more-link-p\"><a class=\"more-link\" href=\"https:\/\/www.asukkaidenvantaa.fi\/?p=1875\">Lue lis\u00e4\u00e4 \u2192<\/a><\/p>\n","protected":false},"author":5006,"featured_media":0,"comment_status":"open","ping_status":"open","sticky":false,"template":"","format":"standard","meta":{"footnotes":""},"categories":[1],"tags":[267,245,266,265,264,247,87,65],"class_list":["post-1875","post","type-post","status-publish","format-standard","hentry","category-uncategorized","tag-antero-eerola","tag-kari-nenonen","tag-kati-tyystjarvi","tag-leikkauslinja","tag-tulo-ja-menoarvio","tag-tvo","tag-vantaa","tag-velkaohjelma"],"_links":{"self":[{"href":"https:\/\/www.asukkaidenvantaa.fi\/index.php?rest_route=\/wp\/v2\/posts\/1875","targetHints":{"allow":["GET"]}}],"collection":[{"href":"https:\/\/www.asukkaidenvantaa.fi\/index.php?rest_route=\/wp\/v2\/posts"}],"about":[{"href":"https:\/\/www.asukkaidenvantaa.fi\/index.php?rest_route=\/wp\/v2\/types\/post"}],"author":[{"embeddable":true,"href":"https:\/\/www.asukkaidenvantaa.fi\/index.php?rest_route=\/wp\/v2\/users\/5006"}],"replies":[{"embeddable":true,"href":"https:\/\/www.asukkaidenvantaa.fi\/index.php?rest_route=%2Fwp%2Fv2%2Fcomments&post=1875"}],"version-history":[{"count":5,"href":"https:\/\/www.asukkaidenvantaa.fi\/index.php?rest_route=\/wp\/v2\/posts\/1875\/revisions"}],"predecessor-version":[{"id":1879,"href":"https:\/\/www.asukkaidenvantaa.fi\/index.php?rest_route=\/wp\/v2\/posts\/1875\/revisions\/1879"}],"wp:attachment":[{"href":"https:\/\/www.asukkaidenvantaa.fi\/index.php?rest_route=%2Fwp%2Fv2%2Fmedia&parent=1875"}],"wp:term":[{"taxonomy":"category","embeddable":true,"href":"https:\/\/www.asukkaidenvantaa.fi\/index.php?rest_route=%2Fwp%2Fv2%2Fcategories&post=1875"},{"taxonomy":"post_tag","embeddable":true,"href":"https:\/\/www.asukkaidenvantaa.fi\/index.php?rest_route=%2Fwp%2Fv2%2Ftags&post=1875"}],"curies":[{"name":"wp","href":"https:\/\/api.w.org\/{rel}","templated":true}]}}