{"id":1855,"date":"2013-11-13T09:53:20","date_gmt":"2013-11-13T09:53:20","guid":{"rendered":"http:\/\/www.asukkaidenvantaa.fi\/?p=1855"},"modified":"2013-11-29T09:45:57","modified_gmt":"2013-11-29T09:45:57","slug":"ensimmaiset-eurovaaliehdokkaat-valittu","status":"publish","type":"post","link":"https:\/\/www.asukkaidenvantaa.fi\/?p=1855","title":{"rendered":"Ensimm\u00e4iset eurovaaliehdokkaat valittu"},"content":{"rendered":"<p>SKP:n keskuskomitea nimesi lauantaina Espoossa ensimm\u00e4iset europarlamenttivaaliehdokkaat. SKP:n ehdokkaat ovat osa kansainv\u00e4list\u00e4 Troikan ja EU-kurjistamispolitiikan vastaista radikaalia toimintaa. Kataisen hallituksen leikkauspolitiikka saa vastavalituilta ehdokkailta t\u00e4ystyrm\u00e4yksen.<\/p>\n<p>Ehdokkaat edustavat hyvin koko Suomea ja eri ammattialoja. SKP:n keskuskomitea valitsee loput ehdokkaat ensi tammikuussa risteilykokouksessa, jossa vahvistetaan my\u00f6s puolueen vaaliohjelma.<\/p>\n<p><strong>T\u00e4ss\u00e4 ensimm\u00e4iset SKP:n ehdokkaat:\u00a0<\/strong><\/p>\n<ul>\n<li><strong>Heikki Ketoharju<\/strong>, muusikko, SKP:n p\u00e4\u00e4sihteeri (Helsinki)<\/li>\n<li><strong>Miguel L\u00f3pez<\/strong>, yliopisto-opettaja (Jyv\u00e4skyl\u00e4)<\/li>\n<li><strong>Petra Packal\u00e9n<\/strong>, tapahtumayritt\u00e4j\u00e4, postity\u00f6ntekij\u00e4 (Tampere)<\/li>\n<li><strong>Tero Pitk\u00e4<\/strong>, l\u00e4hihoitaja, Heinolan kaupunginvaltuutettu (Heinola)<\/li>\n<li><strong>Susanna Rissanen<\/strong>, sosiaaliterapeutti (Iisalmi)<\/li>\n<li><strong>Tiina Sandberg<\/strong>, ymp\u00e4rist\u00f6suunnittelija, piirisihteeri (Helsinki)<\/li>\n<li><strong>Simo Suominen<\/strong>, ty\u00f6t\u00f6n (Tampere)<\/li>\n<li><strong>Rita Dahl<\/strong>, sopraano, kirjailija (Vantaa), sitoutumaton<\/li>\n<\/ul>\n<p><a href=\"http:\/\/www.asukkaidenvantaa.fi\/?p=1857\">Tutustu vantaalaiseen eurovaaliehdokkaaseen Rita Dahliin.<\/a><\/p>\n","protected":false},"excerpt":{"rendered":"<p>SKP:n keskuskomitea nimesi lauantaina Espoossa ensimm\u00e4iset europarlamenttivaaliehdokkaat. SKP:n ehdokkaat ovat osa kansainv\u00e4list\u00e4 Troikan ja EU-kurjistamispolitiikan vastaista radikaalia toimintaa. Kataisen hallituksen leikkauspolitiikka saa vastavalituilta ehdokkailta t\u00e4ystyrm\u00e4yksen. Ehdokkaat edustavat hyvin koko Suomea ja eri ammattialoja. SKP:n keskuskomitea valitsee loput ehdokkaat ensi tammikuussa risteilykokouksessa, jossa vahvistetaan my\u00f6s puolueen vaaliohjelma. T\u00e4ss\u00e4 ensimm\u00e4iset SKP:n ehdokkaat:\u00a0 Heikki Ketoharju, muusikko, SKP:n p\u00e4\u00e4sihteeri&hellip;<\/p>\n<p class=\"more-link-p\"><a class=\"more-link\" href=\"https:\/\/www.asukkaidenvantaa.fi\/?p=1855\">Lue lis\u00e4\u00e4 \u2192<\/a><\/p>\n","protected":false},"author":5006,"featured_media":0,"comment_status":"open","ping_status":"open","sticky":false,"template":"","format":"standard","meta":{"footnotes":""},"categories":[1],"tags":[260,259],"class_list":["post-1855","post","type-post","status-publish","format-standard","hentry","category-uncategorized","tag-eurovaaliehdokkaat","tag-eurovaalit"],"_links":{"self":[{"href":"https:\/\/www.asukkaidenvantaa.fi\/index.php?rest_route=\/wp\/v2\/posts\/1855","targetHints":{"allow":["GET"]}}],"collection":[{"href":"https:\/\/www.asukkaidenvantaa.fi\/index.php?rest_route=\/wp\/v2\/posts"}],"about":[{"href":"https:\/\/www.asukkaidenvantaa.fi\/index.php?rest_route=\/wp\/v2\/types\/post"}],"author":[{"embeddable":true,"href":"https:\/\/www.asukkaidenvantaa.fi\/index.php?rest_route=\/wp\/v2\/users\/5006"}],"replies":[{"embeddable":true,"href":"https:\/\/www.asukkaidenvantaa.fi\/index.php?rest_route=%2Fwp%2Fv2%2Fcomments&post=1855"}],"version-history":[{"count":5,"href":"https:\/\/www.asukkaidenvantaa.fi\/index.php?rest_route=\/wp\/v2\/posts\/1855\/revisions"}],"predecessor-version":[{"id":1873,"href":"https:\/\/www.asukkaidenvantaa.fi\/index.php?rest_route=\/wp\/v2\/posts\/1855\/revisions\/1873"}],"wp:attachment":[{"href":"https:\/\/www.asukkaidenvantaa.fi\/index.php?rest_route=%2Fwp%2Fv2%2Fmedia&parent=1855"}],"wp:term":[{"taxonomy":"category","embeddable":true,"href":"https:\/\/www.asukkaidenvantaa.fi\/index.php?rest_route=%2Fwp%2Fv2%2Fcategories&post=1855"},{"taxonomy":"post_tag","embeddable":true,"href":"https:\/\/www.asukkaidenvantaa.fi\/index.php?rest_route=%2Fwp%2Fv2%2Ftags&post=1855"}],"curies":[{"name":"wp","href":"https:\/\/api.w.org\/{rel}","templated":true}]}}