{"id":1818,"date":"2013-10-28T20:03:16","date_gmt":"2013-10-28T20:03:16","guid":{"rendered":"http:\/\/www.asukkaidenvantaa.fi\/?p=1818"},"modified":"2013-10-28T20:06:22","modified_gmt":"2013-10-28T20:06:22","slug":"imatran-malli-saastaisi-koulujen-lakkautukset-vantaalla","status":"publish","type":"post","link":"https:\/\/www.asukkaidenvantaa.fi\/?p=1818","title":{"rendered":"Imatran malli s\u00e4\u00e4st\u00e4isi koulujen lakkautukset Vantaalla"},"content":{"rendered":"<p><strong>Vantaan vapaaehtoiset valvojat &#8211; Watchdogit j\u00e4rjestiv\u00e4t info ja keskustelutilaisuuden ns. Imatran mallista.<\/strong><br \/>\nKoivukyl\u00e4n kirjaston auditoriossa pohdittiin lastensuojelun keinoja ja kustannuksia 21.10. Saatiin selvitys Imatralla tehdyst\u00e4 ratkaisusta. Imatralla lis\u00e4ttiin lastensuojelun henkil\u00f6kuntaa kerta heitolla reilusti eli yhdeks\u00e4ll\u00e4 hengell\u00e4.<br \/>\nImatran malli tarkoittaa ennalta ehk\u00e4isev\u00e4\u00e4 ja varhaista apua lastensuojelussa.<br \/>\nLastesuojelun henkil\u00f6kunta sijoitettiin ty\u00f6skentelem\u00e4\u00e4n yhteisty\u00f6ss\u00e4 neuvoloiden kanssa. T\u00e4ll\u00e4 tavalla tavoitettiin tehokkasti perheet jotka olivat avun tarpeessa. Tarpeen mukaan kohdistettiin perheille eri asteista apua ja tulokset alkoivat n\u00e4ky\u00e4 nopeasti. Lasten huostaanotot v\u00e4heniv\u00e4t nopeasti. T\u00e4m\u00e4 vaikutti my\u00f6s lastensuojelun kustannusten merkitt\u00e4v\u00e4\u00e4n alenemiseen. Lasten huostaanotot ovat kalliita, huostaanoton kustannus on noin 80 000 \u20ac\/lapsi\/vuosi.<br \/>\n<div id=\"attachment_1835\" style=\"width: 826px\" class=\"wp-caption aligncenter\"><a href=\"\/wp-content\/uploads\/sites\/31\/2013\/10\/Sosterpaneeli-10.13.png\"><img loading=\"lazy\" decoding=\"async\" aria-describedby=\"caption-attachment-1835\" src=\"\/wp-content\/uploads\/sites\/31\/2013\/10\/Sosterpaneeli-10.13.png\" alt=\"\" title=\"Sosterpaneeli 10.13\" width=\"816\" height=\"613\" class=\"size-full wp-image-1835\" srcset=\"https:\/\/www.asukkaidenvantaa.fi\/wp-content\/uploads\/sites\/31\/2013\/10\/Sosterpaneeli-10.13.png 816w, https:\/\/www.asukkaidenvantaa.fi\/wp-content\/uploads\/sites\/31\/2013\/10\/Sosterpaneeli-10.13-300x225.png 300w\" sizes=\"auto, (max-width: 816px) 100vw, 816px\" \/><\/a><p id=\"caption-attachment-1835\" class=\"wp-caption-text\">Imatran lastensuojelun tunnuslukuja. Imatralla lastensuojelun menot ovat pienentyneet uuden j\u00e4rjestelyn aikana l\u00e4hes 40 %, siis viidess\u00e4 vuodessa.<\/p><\/div>\n<p><strong>Paljonko Vantaa voisi s\u00e4\u00e4st\u00e4\u00e4 ottamalla k\u00e4ytt\u00f6\u00f6n Imatran malli?<\/strong><br \/>\nVantaan lastensuojelun menot ovat yli 33 milj. euroa. Olisi hyvin mahdollista s\u00e4\u00e4st\u00e4\u00e4 vuoteen 2016 menness\u00e4 Tuomelan ja Hevoshaan koulujen lopetuksella tavoiteltavat s\u00e4\u00e4st\u00f6t. Ja l\u00e4hivuosina lis\u00e4\u00e4kin. Lastensuojelusta saataisiin todenn\u00e4k\u00f6isesti my\u00f6s pysyv\u00e4mpi\u00e4 s\u00e4\u00e4st\u00f6j\u00e4 kuin koulujen lopetuksilla.<br \/>\n<div id=\"attachment_1838\" style=\"width: 826px\" class=\"wp-caption aligncenter\"><a href=\"\/wp-content\/uploads\/sites\/31\/2013\/10\/Sosterpaneeli-kuva-3.png\"><img loading=\"lazy\" decoding=\"async\" aria-describedby=\"caption-attachment-1838\" src=\"\/wp-content\/uploads\/sites\/31\/2013\/10\/Sosterpaneeli-kuva-3.png\" alt=\"\" title=\"Sosterpaneeli kuva 3\" width=\"816\" height=\"613\" class=\"size-full wp-image-1838\" srcset=\"https:\/\/www.asukkaidenvantaa.fi\/wp-content\/uploads\/sites\/31\/2013\/10\/Sosterpaneeli-kuva-3.png 816w, https:\/\/www.asukkaidenvantaa.fi\/wp-content\/uploads\/sites\/31\/2013\/10\/Sosterpaneeli-kuva-3-300x225.png 300w\" sizes=\"auto, (max-width: 816px) 100vw, 816px\" \/><\/a><p id=\"caption-attachment-1838\" class=\"wp-caption-text\">Vantaan lastensuojelun tunnuslukuja, jotka ovat tasaisessa, vahvassa kasvussa.<\/p><\/div>\nK\u00e4ytt\u00e4m\u00e4ll\u00e4 joustoja toimialojen v\u00e4lill\u00e4 ja tervett\u00e4 j\u00e4rke\u00e4 Vantaan talouden tasapainottamis- ja velkaohjelmassa tarvittavat s\u00e4\u00e4st\u00f6t olisivat saavutettavissa ilman palveluiden heikent\u00e4mist\u00e4.<\/p>\n<p>My\u00f6s Vantaalla on kuultu Imatran mallista ja sosiaali- ja teveystoimen apulaiskaupunginjohtaja Jukka T. Salminen onkin virittelem\u00e4ss\u00e4 vastaavaa toimintaa &#8221;nyyttikesti&#8221; periaatteella, osoittamalla teht\u00e4v\u00e4\u00e4n nelj\u00e4 ty\u00f6ntekij\u00e4\u00e4 ja heille esimiehen. Lis\u00e4ksi n\u00e4m\u00e4 henkil\u00f6t siirret\u00e4\u00e4n muista teht\u00e4vist\u00e4. S\u00e4ilyyk\u00f6 siirtojen kohteissa palvelutaso? Imatralla palkattiin uuden ohjelman toteuttamiseen yhdens\u00e4n ty\u00f6ntekij\u00e4\u00e4. Imatran asukasluku on 29 000 ja Vantaan hiukan yli 200 000.<br \/>\n<div id=\"attachment_1841\" style=\"width: 826px\" class=\"wp-caption aligncenter\"><a href=\"\/wp-content\/uploads\/sites\/31\/2013\/10\/Sosterpaneeli-kuva-19.png\"><img loading=\"lazy\" decoding=\"async\" aria-describedby=\"caption-attachment-1841\" src=\"\/wp-content\/uploads\/sites\/31\/2013\/10\/Sosterpaneeli-kuva-19.png\" alt=\"\" title=\"Sosterpaneeli kuva 19\" width=\"816\" height=\"613\" class=\"size-full wp-image-1841\" srcset=\"https:\/\/www.asukkaidenvantaa.fi\/wp-content\/uploads\/sites\/31\/2013\/10\/Sosterpaneeli-kuva-19.png 816w, https:\/\/www.asukkaidenvantaa.fi\/wp-content\/uploads\/sites\/31\/2013\/10\/Sosterpaneeli-kuva-19-300x225.png 300w\" sizes=\"auto, (max-width: 816px) 100vw, 816px\" \/><\/a><p id=\"caption-attachment-1841\" class=\"wp-caption-text\">Vantaa vastaa Imatran malliin &quot;nyyttikesteill\u00e4&quot; lastensuojelun kustannusten alentamiseksi. Imatra 29 000 asukkaan kaupunki palkkasi yhdeks\u00e4n uutta ty\u00f6ntekij\u00e4\u00e4 lastensuojeluun.<\/p><\/div> <\/p>\n","protected":false},"excerpt":{"rendered":"<p>Vantaan vapaaehtoiset valvojat &#8211; Watchdogit j\u00e4rjestiv\u00e4t info ja keskustelutilaisuuden ns. Imatran mallista. Koivukyl\u00e4n kirjaston auditoriossa pohdittiin lastensuojelun keinoja ja kustannuksia 21.10. Saatiin selvitys Imatralla tehdyst\u00e4 ratkaisusta. Imatralla lis\u00e4ttiin lastensuojelun henkil\u00f6kuntaa kerta heitolla reilusti eli yhdeks\u00e4ll\u00e4 hengell\u00e4. Imatran malli tarkoittaa ennalta ehk\u00e4isev\u00e4\u00e4 ja varhaista apua lastensuojelussa. Lastesuojelun henkil\u00f6kunta sijoitettiin ty\u00f6skentelem\u00e4\u00e4n yhteisty\u00f6ss\u00e4 neuvoloiden kanssa. T\u00e4ll\u00e4 tavalla tavoitettiin&hellip;<\/p>\n<p class=\"more-link-p\"><a class=\"more-link\" href=\"https:\/\/www.asukkaidenvantaa.fi\/?p=1818\">Lue lis\u00e4\u00e4 \u2192<\/a><\/p>\n","protected":false},"author":5003,"featured_media":0,"comment_status":"open","ping_status":"open","sticky":false,"template":"","format":"standard","meta":{"footnotes":""},"categories":[3],"tags":[255,253,254,224],"class_list":["post-1818","post","type-post","status-publish","format-standard","hentry","category-tausta","tag-huostaanotto","tag-imatran-malli","tag-lastensuojelu","tag-sosiaalityontekija"],"_links":{"self":[{"href":"https:\/\/www.asukkaidenvantaa.fi\/index.php?rest_route=\/wp\/v2\/posts\/1818","targetHints":{"allow":["GET"]}}],"collection":[{"href":"https:\/\/www.asukkaidenvantaa.fi\/index.php?rest_route=\/wp\/v2\/posts"}],"about":[{"href":"https:\/\/www.asukkaidenvantaa.fi\/index.php?rest_route=\/wp\/v2\/types\/post"}],"author":[{"embeddable":true,"href":"https:\/\/www.asukkaidenvantaa.fi\/index.php?rest_route=\/wp\/v2\/users\/5003"}],"replies":[{"embeddable":true,"href":"https:\/\/www.asukkaidenvantaa.fi\/index.php?rest_route=%2Fwp%2Fv2%2Fcomments&post=1818"}],"version-history":[{"count":19,"href":"https:\/\/www.asukkaidenvantaa.fi\/index.php?rest_route=\/wp\/v2\/posts\/1818\/revisions"}],"predecessor-version":[{"id":1849,"href":"https:\/\/www.asukkaidenvantaa.fi\/index.php?rest_route=\/wp\/v2\/posts\/1818\/revisions\/1849"}],"wp:attachment":[{"href":"https:\/\/www.asukkaidenvantaa.fi\/index.php?rest_route=%2Fwp%2Fv2%2Fmedia&parent=1818"}],"wp:term":[{"taxonomy":"category","embeddable":true,"href":"https:\/\/www.asukkaidenvantaa.fi\/index.php?rest_route=%2Fwp%2Fv2%2Fcategories&post=1818"},{"taxonomy":"post_tag","embeddable":true,"href":"https:\/\/www.asukkaidenvantaa.fi\/index.php?rest_route=%2Fwp%2Fv2%2Ftags&post=1818"}],"curies":[{"name":"wp","href":"https:\/\/api.w.org\/{rel}","templated":true}]}}