{"id":1792,"date":"2013-10-18T14:17:57","date_gmt":"2013-10-18T14:17:57","guid":{"rendered":"http:\/\/www.asukkaidenvantaa.fi\/?p=1792"},"modified":"2014-01-04T09:13:16","modified_gmt":"2014-01-04T09:13:16","slug":"asunnottomien-yon-tapahtumat-muistuttivat-ongelmasta","status":"publish","type":"post","link":"https:\/\/www.asukkaidenvantaa.fi\/?p=1792","title":{"rendered":"Asunnottomien y\u00f6n tapahtumat muistuttivat ongelmasta"},"content":{"rendered":"<p><strong>17.10. vietettiin asunnottomien y\u00f6n tapahtumia ymp\u00e4ri maata.<\/strong><br \/>\nVantaan tapahtumaa vietettin Tikkurilan keskustassa, Lauri Lairalan aukiolla. Tapahtumaan liittynyt paneelikeskustelu oli kadun toisella puolella kirkon auditoriossa.<br \/>\n<div id=\"attachment_1793\" style=\"width: 610px\" class=\"wp-caption aligncenter\"><a href=\"\/wp-content\/uploads\/sites\/31\/2013\/10\/As-y\u00f6-2013-3.jpg\"><img loading=\"lazy\" decoding=\"async\" aria-describedby=\"caption-attachment-1793\" src=\"\/wp-content\/uploads\/sites\/31\/2013\/10\/As-y\u00f6-2013-3-1024x768.jpg\" alt=\"\" title=\"As y\u00f6 2013 3\" width=\"600\" height=\"450\" class=\"size-large wp-image-1793\" \/><\/a><p id=\"caption-attachment-1793\" class=\"wp-caption-text\">Tikkurilan asunnottomien y\u00f6n paneelin osanottajat pohtimassa miten asunnottomuus poistettaisiin. Erityisesti nuorten asunnottomuus on lis\u00e4\u00e4ntynyt viime aikoina. Nuorisotakuuseen ei sis\u00e4llytetty omaa asuntoa.<\/p><\/div>\nTikkurilan tapahtuman avaus tapahtui mahdollisimman arvovaltaisella tavalla. Asuntoministeri Pia Viitanen toi valtiovallan tervehdyksen tilaisuuteen. Viitasen j\u00e4lkeen jatkoi Vantaan kaupunginjohtaja Kari Nenonen, joka totesi Vantaalle valmistuneen vuoden 2013 aikana 250 asuntoa asunnottomille. Nenonen my\u00f6s totesi, ett\u00e4 asunnottomien asuntojen rakentamissuunnitelmat ovat aiheuttaneet vastustusta l\u00e4hinaapurien keskuudessa. Not in my backyard ajattelu on jo saavuttanut Vantaakin hyv\u00e4osaiset. Sosiaalinen v\u00e4litt\u00e4minen hupenee kuin pyy maailmanlopun edell\u00e4.<br \/>\nAsunnottomien y\u00f6n tulet sytytettiin klo 19.<br \/>\n<div id=\"attachment_1796\" style=\"width: 610px\" class=\"wp-caption aligncenter\"><a href=\"\/wp-content\/uploads\/sites\/31\/2013\/10\/As-y\u00f6-2013-2.jpg\"><img loading=\"lazy\" decoding=\"async\" aria-describedby=\"caption-attachment-1796\" src=\"\/wp-content\/uploads\/sites\/31\/2013\/10\/As-y\u00f6-2013-2-e1382104860181-768x1024.jpg\" alt=\"\" title=\"As y\u00f6 2013 2\" width=\"600\" height=\"800\" class=\"size-large wp-image-1796\" \/><\/a><p id=\"caption-attachment-1796\" class=\"wp-caption-text\">Asuntoministeri joutui tai p\u00e4\u00e4si ihan v\u00e4rivaloihin avatessaan asunnottomien y\u00f6n Vantaan tapahtuman.<\/p><\/div>\n<p>Illan h\u00e4m\u00e4rtyess\u00e4 viihdytettiin yleis\u00f6\u00e4 my\u00f6s erilaisella ohjelmalla. Ammattikorkeakoulu Laurean ja Stadin ammattiopiston av-viestinn\u00e4n valmistamat kaksi asunnottomuutta k\u00e4sittelev\u00e4\u00e4 lyhytelokuvaa saivat ensiesityksen tapahtuman yhteydess\u00e4. Elokuvat esitettiin kirkon auditoriossa ja Lauri Lairalan aukion esiintymislavalla. Dokumenteissa asunnottomuutta kokeneet tilitt\u00e4v\u00e4t tuntojaan.<br \/>\n<div id=\"attachment_1794\" style=\"width: 610px\" class=\"wp-caption aligncenter\"><a href=\"\/wp-content\/uploads\/sites\/31\/2013\/10\/As-y\u00f6-2013-1.jpg\"><img loading=\"lazy\" decoding=\"async\" aria-describedby=\"caption-attachment-1794\" src=\"\/wp-content\/uploads\/sites\/31\/2013\/10\/As-y\u00f6-2013-1-1024x768.jpg\" alt=\"\" title=\"As y\u00f6 2013 1\" width=\"600\" height=\"450\" class=\"size-large wp-image-1794\" \/><\/a><p id=\"caption-attachment-1794\" class=\"wp-caption-text\">Ammattikorkeakoulu Laurean opiskelijat olivat valmistaneet kaksi asunnottomuutta k\u00e4sittelev\u00e4\u00e4 dokumenttia, jotka saivat ensiesityksens\u00e4 asunnottomien y\u00f6n Vantaan tapahtumassa. Dokumentit n\u00e4htiin kirkon auditoriossa ja yleis\u00f6tilaisuudessa Lauri Lairalan aukiolla.<\/p><\/div>\nOhjelma jatkui tuliesitysten, imitaatioiden ja b\u00e4ndin esityksill\u00e4.<br \/>\n<div id=\"attachment_1797\" style=\"width: 610px\" class=\"wp-caption aligncenter\"><a href=\"\/wp-content\/uploads\/sites\/31\/2013\/10\/As-y\u00f6-2013-tiliesitys.jpg\"><img loading=\"lazy\" decoding=\"async\" aria-describedby=\"caption-attachment-1797\" src=\"\/wp-content\/uploads\/sites\/31\/2013\/10\/As-y\u00f6-2013-tiliesitys-e1382105720325-768x1024.jpg\" alt=\"\" title=\"As y\u00f6 2013 tiliesitys\" width=\"600\" height=\"800\" class=\"size-large wp-image-1797\" \/><\/a><p id=\"caption-attachment-1797\" class=\"wp-caption-text\">Tuliesitykset s\u00e4ihkyiv\u00e4t asunnottomien y\u00f6n illan pimetess\u00e4 Tikkurilassa Lauri Lairalan aukiolla.<\/p><\/div>\n","protected":false},"excerpt":{"rendered":"<p>17.10. vietettiin asunnottomien y\u00f6n tapahtumia ymp\u00e4ri maata. Vantaan tapahtumaa vietettin Tikkurilan keskustassa, Lauri Lairalan aukiolla. Tapahtumaan liittynyt paneelikeskustelu oli kadun toisella puolella kirkon auditoriossa. Tikkurilan tapahtuman avaus tapahtui mahdollisimman arvovaltaisella tavalla. Asuntoministeri Pia Viitanen toi valtiovallan tervehdyksen tilaisuuteen. Viitasen j\u00e4lkeen jatkoi Vantaan kaupunginjohtaja Kari Nenonen, joka totesi Vantaalle valmistuneen vuoden 2013 aikana 250 asuntoa asunnottomille.&hellip;<\/p>\n<p class=\"more-link-p\"><a class=\"more-link\" href=\"https:\/\/www.asukkaidenvantaa.fi\/?p=1792\">Lue lis\u00e4\u00e4 \u2192<\/a><\/p>\n","protected":false},"author":5003,"featured_media":0,"comment_status":"open","ping_status":"open","sticky":false,"template":"","format":"standard","meta":{"footnotes":""},"categories":[1],"tags":[],"class_list":["post-1792","post","type-post","status-publish","format-standard","hentry","category-uncategorized"],"_links":{"self":[{"href":"https:\/\/www.asukkaidenvantaa.fi\/index.php?rest_route=\/wp\/v2\/posts\/1792","targetHints":{"allow":["GET"]}}],"collection":[{"href":"https:\/\/www.asukkaidenvantaa.fi\/index.php?rest_route=\/wp\/v2\/posts"}],"about":[{"href":"https:\/\/www.asukkaidenvantaa.fi\/index.php?rest_route=\/wp\/v2\/types\/post"}],"author":[{"embeddable":true,"href":"https:\/\/www.asukkaidenvantaa.fi\/index.php?rest_route=\/wp\/v2\/users\/5003"}],"replies":[{"embeddable":true,"href":"https:\/\/www.asukkaidenvantaa.fi\/index.php?rest_route=%2Fwp%2Fv2%2Fcomments&post=1792"}],"version-history":[{"count":6,"href":"https:\/\/www.asukkaidenvantaa.fi\/index.php?rest_route=\/wp\/v2\/posts\/1792\/revisions"}],"predecessor-version":[{"id":2067,"href":"https:\/\/www.asukkaidenvantaa.fi\/index.php?rest_route=\/wp\/v2\/posts\/1792\/revisions\/2067"}],"wp:attachment":[{"href":"https:\/\/www.asukkaidenvantaa.fi\/index.php?rest_route=%2Fwp%2Fv2%2Fmedia&parent=1792"}],"wp:term":[{"taxonomy":"category","embeddable":true,"href":"https:\/\/www.asukkaidenvantaa.fi\/index.php?rest_route=%2Fwp%2Fv2%2Fcategories&post=1792"},{"taxonomy":"post_tag","embeddable":true,"href":"https:\/\/www.asukkaidenvantaa.fi\/index.php?rest_route=%2Fwp%2Fv2%2Ftags&post=1792"}],"curies":[{"name":"wp","href":"https:\/\/api.w.org\/{rel}","templated":true}]}}