{"id":1787,"date":"2013-10-17T06:23:25","date_gmt":"2013-10-17T06:23:25","guid":{"rendered":"http:\/\/www.asukkaidenvantaa.fi\/?p=1787"},"modified":"2014-01-04T09:14:18","modified_gmt":"2014-01-04T09:14:18","slug":"asunnottomien-yo-17-10","status":"publish","type":"post","link":"https:\/\/www.asukkaidenvantaa.fi\/?p=1787","title":{"rendered":"Asunnottomien y\u00f6 17.10."},"content":{"rendered":"<p><strong>Vantaan tapahtuma Lauri Lairalan (Korvapuisto) aukiolla Tikkurilassa klo 16 alkaen.<\/strong><\/p>\n<p>Asunnottomuudesta muistutetaan taas kerran ja asiaa pohditaan mm. paneelikeskustelussa.<\/p>\n<p>Vantaan tapahtumat alkavat klo 16 Lauri Lairalan aukiolla ja vieress\u00e4 sijaitsevassa kirkon auditoriossa.<br \/>\nAuditoriossa on kahden asunnottomuutta k\u00e4sittelev\u00e4n dokumentin ensiesitykset. Dokkarit ovat ammattikorkeakoulu Laurean opiskelijoiden ja Stadin ammattiopiston av-viestinn\u00e4n tekemi\u00e4. Klo 17 auditoriossa alkaa asunnottomuutta k\u00e4sittelev\u00e4 paneelikeskustelu. Paneelissa on paikallisia poliitikkoja ja asunnottomuuden asiantuntijoita.<br \/>\n<a href=\"\/wp-content\/uploads\/sites\/31\/2013\/10\/asunnottomien-y\u00f6.jpg\"><img loading=\"lazy\" decoding=\"async\" src=\"\/wp-content\/uploads\/sites\/31\/2013\/10\/asunnottomien-y\u00f6.jpg\" alt=\"\" title=\"asunnottomien y\u00f6\" width=\"193\" height=\"261\" class=\"aligncenter size-full wp-image-1788\" \/><\/a><\/p>\n<p>Klo 16 alkavat my\u00f6s tapahtumat Lauri Lairalan aukiolla. Aukiolla tapahtuu: Korson ty\u00f6tt\u00f6m\u00e4t pystytt\u00e4v\u00e4t makkarateltan, on leiv\u00e4n jakelua, kirpputoria ja klo 19 sytytt\u00e4v\u00e4t asuntoministeri <strong>Pia Viitanen<\/strong> ja kaupunginjohtaja <strong>Kari Nenonen<\/strong> asunnottomien y\u00f6n tulet.<br \/>\nOhjelmalavalla alkaa ohjelma, tulin\u00e4yt\u00f6ksi\u00e4, imitointia ja musiikkia. Uudet dokumenttielokuvat asunnottomuudesta py\u00f6riv\u00e4t my\u00f6s nonstoppina. <\/p>\n","protected":false},"excerpt":{"rendered":"<p>Vantaan tapahtuma Lauri Lairalan (Korvapuisto) aukiolla Tikkurilassa klo 16 alkaen. Asunnottomuudesta muistutetaan taas kerran ja asiaa pohditaan mm. paneelikeskustelussa. Vantaan tapahtumat alkavat klo 16 Lauri Lairalan aukiolla ja vieress\u00e4 sijaitsevassa kirkon auditoriossa. Auditoriossa on kahden asunnottomuutta k\u00e4sittelev\u00e4n dokumentin ensiesitykset. Dokkarit ovat ammattikorkeakoulu Laurean opiskelijoiden ja Stadin ammattiopiston av-viestinn\u00e4n tekemi\u00e4. Klo 17 auditoriossa alkaa asunnottomuutta k\u00e4sittelev\u00e4&hellip;<\/p>\n<p class=\"more-link-p\"><a class=\"more-link\" href=\"https:\/\/www.asukkaidenvantaa.fi\/?p=1787\">Lue lis\u00e4\u00e4 \u2192<\/a><\/p>\n","protected":false},"author":5003,"featured_media":0,"comment_status":"open","ping_status":"open","sticky":false,"template":"","format":"standard","meta":{"footnotes":""},"categories":[35],"tags":[251,252],"class_list":["post-1787","post","type-post","status-publish","format-standard","hentry","category-tapahtumat","tag-asunnottomuus","tag-sunnottomien-yo"],"_links":{"self":[{"href":"https:\/\/www.asukkaidenvantaa.fi\/index.php?rest_route=\/wp\/v2\/posts\/1787","targetHints":{"allow":["GET"]}}],"collection":[{"href":"https:\/\/www.asukkaidenvantaa.fi\/index.php?rest_route=\/wp\/v2\/posts"}],"about":[{"href":"https:\/\/www.asukkaidenvantaa.fi\/index.php?rest_route=\/wp\/v2\/types\/post"}],"author":[{"embeddable":true,"href":"https:\/\/www.asukkaidenvantaa.fi\/index.php?rest_route=\/wp\/v2\/users\/5003"}],"replies":[{"embeddable":true,"href":"https:\/\/www.asukkaidenvantaa.fi\/index.php?rest_route=%2Fwp%2Fv2%2Fcomments&post=1787"}],"version-history":[{"count":4,"href":"https:\/\/www.asukkaidenvantaa.fi\/index.php?rest_route=\/wp\/v2\/posts\/1787\/revisions"}],"predecessor-version":[{"id":2069,"href":"https:\/\/www.asukkaidenvantaa.fi\/index.php?rest_route=\/wp\/v2\/posts\/1787\/revisions\/2069"}],"wp:attachment":[{"href":"https:\/\/www.asukkaidenvantaa.fi\/index.php?rest_route=%2Fwp%2Fv2%2Fmedia&parent=1787"}],"wp:term":[{"taxonomy":"category","embeddable":true,"href":"https:\/\/www.asukkaidenvantaa.fi\/index.php?rest_route=%2Fwp%2Fv2%2Fcategories&post=1787"},{"taxonomy":"post_tag","embeddable":true,"href":"https:\/\/www.asukkaidenvantaa.fi\/index.php?rest_route=%2Fwp%2Fv2%2Ftags&post=1787"}],"curies":[{"name":"wp","href":"https:\/\/api.w.org\/{rel}","templated":true}]}}