{"id":1782,"date":"2013-10-16T10:47:41","date_gmt":"2013-10-16T10:47:41","guid":{"rendered":"http:\/\/www.asukkaidenvantaa.fi\/?p=1782"},"modified":"2013-10-16T10:47:41","modified_gmt":"2013-10-16T10:47:41","slug":"kokoomus-ja-sosiaalidemokraatit-aanestivat-tuomelan-ja-hevoshaan-koulujen-lopettamisen-puolesta","status":"publish","type":"post","link":"https:\/\/www.asukkaidenvantaa.fi\/?p=1782","title":{"rendered":"Kokoomus ja sosiaalidemokraatit \u00e4\u00e4nestiv\u00e4t Tuomelan ja Hevoshaan koulujen lopettamisen puolesta"},"content":{"rendered":"<p><strong>Mielenosoituskaan ei saanut TVO (Talouden tasapainottamis- ja velkaohjelma) uskovaisia n\u00e4kem\u00e4\u00e4n uusia vaihtoehtoja.<\/strong><\/p>\n<p>Opetuslautakunnan kokouksessa hyv\u00e4ksyttiin 15.10. osana vuoden 2014 talousarviota kouluverkkosuunnitelma joka pit\u00e4\u00e4 sis\u00e4ll\u00e4\u00e4n Tuomelan ja Hevoshaan koulujen lakkauttamisen asteittain vuoteen 2016 menness\u00e4. Koulujen lakkautauksesta \u00e4\u00e4nestettiin, \u00e4\u00e4net jakautuivat 12-5. Koulujen s\u00e4ilytt\u00e4misen puolesta \u00e4\u00e4nestiv\u00e4t kaksi vihre\u00e4\u00e4, kaksi perussuomalaista ja yksi vasemmistoliittolainen. Yksi perussuomalainen liittoutui koulujen lopettajien, kokoomuksen ja sosiaalidemokraattien kanssa.<br \/>\n<div id=\"attachment_1783\" style=\"width: 610px\" class=\"wp-caption aligncenter\"><a href=\"\/wp-content\/uploads\/sites\/31\/2013\/10\/Miekkari-4.jpg\"><img loading=\"lazy\" decoding=\"async\" aria-describedby=\"caption-attachment-1783\" src=\"\/wp-content\/uploads\/sites\/31\/2013\/10\/Miekkari-4-1024x768.jpg\" alt=\"\" title=\"Miekkari 4\" width=\"600\" height=\"450\" class=\"size-large wp-image-1783\" srcset=\"https:\/\/www.asukkaidenvantaa.fi\/wp-content\/uploads\/sites\/31\/2013\/10\/Miekkari-4-1024x768.jpg 1024w, https:\/\/www.asukkaidenvantaa.fi\/wp-content\/uploads\/sites\/31\/2013\/10\/Miekkari-4-300x225.jpg 300w\" sizes=\"auto, (max-width: 600px) 100vw, 600px\" \/><\/a><p id=\"caption-attachment-1783\" class=\"wp-caption-text\">Koulumielenosoitus 15.10. ei tehonnut opetuslautakuntaan. Kokoomus ja sosiaalidemokraatit \u00e4\u00e4nestiv\u00e4t Tuomelan ja Hevoshaan koulut kumoon.<\/p><\/div>\n<p>T\u00e4m\u00e4n j\u00e4lkeen asia etenee kaupunginhallituksen k\u00e4sitelt\u00e4v\u00e4ksi ja viimeisen sinetin antaa valtuusto budjettikokouksessaan.<\/p>\n<p>Pro Tuomela aikoo jatkaa taistelua koulunsa puolesta ja niin tekee Hevoshakakin.<\/p>\n<p>Vantaan vuoden 2014 talousarvioesitys sis\u00e4lt\u00e4\u00e4 Keh\u00e4radan ja Keh\u00e4 III investointien lis\u00e4ksi muita investointeja noin 100 milj. euroa. On t\u00e4ytt\u00e4 h\u00f6lynp\u00f6ly\u00e4 v\u00e4itt\u00e4\u00e4 ettei n\u00e4ist\u00e4 investoinneista l\u00f6ytyisi my\u00f6hennett\u00e4vi\u00e4 kohteita. My\u00f6hent\u00e4m\u00e4ll\u00e4 todella pient\u00e4 osaa investointeja v\u00e4ltytt\u00e4isiin koulujen lakkauttamisilta ja palvelujen heikennyksilt\u00e4.<br \/>\nKun taloudellinen tilanne paranee, investointivauhtia voidaan taas hiukan kiihdytt\u00e4\u00e4. Kaiken kaikkiaan investointitahtia tulee hidastaa pysyv\u00e4sti.<\/p>\n<p>On kysytt\u00e4v\u00e4: Haluavatko nykyiset vantaalaiset uusia bulevardeja ja asuinalueita palveluidensa kustannuksella. Budjetissa hahmotellut pidemm\u00e4n aikav\u00e4lin suunnitelmat tehd\u00e4 Vantaasta Suomen paras paikka kuvastavat pikemminkin suuruudenhulluutta kuin realismia.<\/p>\n<p>Vuonna 2012 hyv\u00e4ksytty TVO Talouden tasapainottamis- ja velkaohjelma vusille 2013-2016 tulee kyseisin\u00e4 vuosina tarjoamaan vantaalaisille keppi\u00e4 jatkuvalla sy\u00f6t\u00f6ll\u00e4.<\/p>\n","protected":false},"excerpt":{"rendered":"<p>Mielenosoituskaan ei saanut TVO (Talouden tasapainottamis- ja velkaohjelma) uskovaisia n\u00e4kem\u00e4\u00e4n uusia vaihtoehtoja. Opetuslautakunnan kokouksessa hyv\u00e4ksyttiin 15.10. osana vuoden 2014 talousarviota kouluverkkosuunnitelma joka pit\u00e4\u00e4 sis\u00e4ll\u00e4\u00e4n Tuomelan ja Hevoshaan koulujen lakkauttamisen asteittain vuoteen 2016 menness\u00e4. Koulujen lakkautauksesta \u00e4\u00e4nestettiin, \u00e4\u00e4net jakautuivat 12-5. Koulujen s\u00e4ilytt\u00e4misen puolesta \u00e4\u00e4nestiv\u00e4t kaksi vihre\u00e4\u00e4, kaksi perussuomalaista ja yksi vasemmistoliittolainen. Yksi perussuomalainen liittoutui koulujen lopettajien,&hellip;<\/p>\n<p class=\"more-link-p\"><a class=\"more-link\" href=\"https:\/\/www.asukkaidenvantaa.fi\/?p=1782\">Lue lis\u00e4\u00e4 \u2192<\/a><\/p>\n","protected":false},"author":5003,"featured_media":1783,"comment_status":"open","ping_status":"open","sticky":false,"template":"","format":"standard","meta":{"footnotes":""},"categories":[1],"tags":[],"class_list":["post-1782","post","type-post","status-publish","format-standard","has-post-thumbnail","hentry","category-uncategorized"],"_links":{"self":[{"href":"https:\/\/www.asukkaidenvantaa.fi\/index.php?rest_route=\/wp\/v2\/posts\/1782","targetHints":{"allow":["GET"]}}],"collection":[{"href":"https:\/\/www.asukkaidenvantaa.fi\/index.php?rest_route=\/wp\/v2\/posts"}],"about":[{"href":"https:\/\/www.asukkaidenvantaa.fi\/index.php?rest_route=\/wp\/v2\/types\/post"}],"author":[{"embeddable":true,"href":"https:\/\/www.asukkaidenvantaa.fi\/index.php?rest_route=\/wp\/v2\/users\/5003"}],"replies":[{"embeddable":true,"href":"https:\/\/www.asukkaidenvantaa.fi\/index.php?rest_route=%2Fwp%2Fv2%2Fcomments&post=1782"}],"version-history":[{"count":3,"href":"https:\/\/www.asukkaidenvantaa.fi\/index.php?rest_route=\/wp\/v2\/posts\/1782\/revisions"}],"predecessor-version":[{"id":1786,"href":"https:\/\/www.asukkaidenvantaa.fi\/index.php?rest_route=\/wp\/v2\/posts\/1782\/revisions\/1786"}],"wp:featuredmedia":[{"embeddable":true,"href":"https:\/\/www.asukkaidenvantaa.fi\/index.php?rest_route=\/wp\/v2\/media\/1783"}],"wp:attachment":[{"href":"https:\/\/www.asukkaidenvantaa.fi\/index.php?rest_route=%2Fwp%2Fv2%2Fmedia&parent=1782"}],"wp:term":[{"taxonomy":"category","embeddable":true,"href":"https:\/\/www.asukkaidenvantaa.fi\/index.php?rest_route=%2Fwp%2Fv2%2Fcategories&post=1782"},{"taxonomy":"post_tag","embeddable":true,"href":"https:\/\/www.asukkaidenvantaa.fi\/index.php?rest_route=%2Fwp%2Fv2%2Ftags&post=1782"}],"curies":[{"name":"wp","href":"https:\/\/api.w.org\/{rel}","templated":true}]}}