{"id":1764,"date":"2013-10-15T15:58:36","date_gmt":"2013-10-15T15:58:36","guid":{"rendered":"http:\/\/www.asukkaidenvantaa.fi\/?p=1764"},"modified":"2013-10-15T15:58:37","modified_gmt":"2013-10-15T15:58:37","slug":"vantaalaiset-koulujen-puolustajat-marssilla-lahikoulujen-puolesta","status":"publish","type":"post","link":"https:\/\/www.asukkaidenvantaa.fi\/?p=1764","title":{"rendered":"Vantaalaiset koulujen puolustajat marssilla l\u00e4hikoulujen puolesta"},"content":{"rendered":"<p><strong>Suunnitelmat Tuomelan ja Hevoshaan koulujen lakkauttausuhan takia sai vanhemmat barrikaadeille.<\/strong><br \/>\nTiistaina 15.10. koulujen puolustajat marssivat lakkautussuunnitelmia vastaan ja kokoontuivat mielenosoitukseen Vantaan kaupungintalolle.<br \/>\nOlosuhteet mielenosoitukseen olivat ahtaanlaiset, kaupungintalon edusta on ty\u00f6maana ja sinne on p\u00e4\u00e4sy kielletty.<br \/>\nAhtaudesta johtuen mielenosoittajat tukkivat Asematien kaupungintalon edess\u00e4. Onneksi poliisi yst\u00e4v\u00e4llisesti sulki liikenteen Asematielle, jotta mielenosoitus voitiin vied\u00e4 turvallisesti l\u00e4pi.<\/p>\n<div id=\"attachment_1765\" style=\"width: 610px\" class=\"wp-caption aligncenter\"><a href=\"\/wp-content\/uploads\/sites\/31\/2013\/10\/Miekkari-1.jpg\"><img loading=\"lazy\" decoding=\"async\" aria-describedby=\"caption-attachment-1765\" class=\"size-large wp-image-1765\" title=\"Miekkari 1\" src=\"\/wp-content\/uploads\/sites\/31\/2013\/10\/Miekkari-1-1024x768.jpg\" alt=\"\" width=\"600\" height=\"450\" srcset=\"https:\/\/www.asukkaidenvantaa.fi\/wp-content\/uploads\/sites\/31\/2013\/10\/Miekkari-1-1024x768.jpg 1024w, https:\/\/www.asukkaidenvantaa.fi\/wp-content\/uploads\/sites\/31\/2013\/10\/Miekkari-1-300x225.jpg 300w\" sizes=\"auto, (max-width: 600px) 100vw, 600px\" \/><\/a><p id=\"caption-attachment-1765\" class=\"wp-caption-text\">Koulujen puolustajat valmistautuvat l\u00e4htem\u00e4\u00e4n mieleosoitusmarssille.<\/p><\/div>\n<p>Rytmikk\u00e4\u00e4t huudot vaativat: P\u00e4\u00e4tt\u00e4jille j\u00e4rke\u00e4 Tuomela on t\u00e4rke\u00e4, Hevoshaka liikuttaa koulua ei saa lopettaa, koulujen puolesta, ei vied\u00e4 pienilt\u00e4, jne.<br \/>\n<div id=\"attachment_1766\" style=\"width: 610px\" class=\"wp-caption aligncenter\"><a href=\"\/wp-content\/uploads\/sites\/31\/2013\/10\/Miekkari-2-e1381851933860.jpg\"><img loading=\"lazy\" decoding=\"async\" aria-describedby=\"caption-attachment-1766\" src=\"\/wp-content\/uploads\/sites\/31\/2013\/10\/Miekkari-2-e1381851933860-768x1024.jpg\" alt=\"\" title=\"Miekkari 2\" width=\"600\" height=\"800\" class=\"size-large wp-image-1766\" srcset=\"https:\/\/www.asukkaidenvantaa.fi\/wp-content\/uploads\/sites\/31\/2013\/10\/Miekkari-2-e1381851933860-768x1024.jpg 768w, https:\/\/www.asukkaidenvantaa.fi\/wp-content\/uploads\/sites\/31\/2013\/10\/Miekkari-2-e1381851933860-225x300.jpg 225w\" sizes=\"auto, (max-width: 600px) 100vw, 600px\" \/><\/a><p id=\"caption-attachment-1766\" class=\"wp-caption-text\">Liput liehuen l\u00e4hdettiin ajamaan koulujen s\u00e4ilytt\u00e4mist\u00e4.<\/p><\/div>\nMuutama poliitikkokin oli uskaltautunut paikalle. Mielenosoituksessa selvisi, ett\u00e4 Vihre\u00e4t, Vasemmistoliitto ja Perussuomalaiset yritt\u00e4v\u00e4t taivuttaa valtuuston isot ryhm\u00e4t, kokoomuksen ja sosiaalidemokraatit vastaesityksens\u00e4 taakse opetuslautakunnassa jossa vaaditaan perusteellisemman kouluselvityksen tekemist\u00e4 ennen p\u00e4\u00e4t\u00f6ksi\u00e4.<br \/>\nEli ovi koulujen lakkautuksille j\u00e4tet\u00e4\u00e4n auki. Taisteluvalmius on siis syyt\u00e4 s\u00e4ilytt\u00e4\u00e4 niin Tuomelassa kuin Hevoshaassakin vaikka opetuslautakunta taipuisikin uuden selvityksen tekemiseen ja lopullisten p\u00e4\u00e4t\u00f6sten lykk\u00e4\u00e4miseen.<\/p>\n<p>Opetustoimen koulujen lakkautusesityksen takana on vuonna 2012 hyv\u00e4ksytty TVO, Talouden tasapainottamis- ja velkaohjelma. Vantaan johto on sitoutunut sokeasti toteuttamaan ohjelmaa, ylemm\u00e4lle toimihenkil\u00f6portaalle maksetaan jopa kannustinpalkkioita onnistuessaan TVO:ssa.<br \/>\nMiksi TVO:hon on ajauduttu? Suurin syy on Vantaan sitoutumisessa ylisuuriin, osin luonteeltaan valtakunnallisiin, investointeihin, Keh\u00e4rata ja Keh\u00e4 III. Vantaa on ollut kuin auton ostaja joka osti MCsilla&#8221; vantaalaisilla karsimalla palveluja.<\/p>\n<div id=\"attachment_1767\" style=\"width: 610px\" class=\"wp-caption aligncenter\"><a href=\"\/wp-content\/uploads\/sites\/31\/2013\/10\/Miekkari-3.jpg\"><img loading=\"lazy\" decoding=\"async\" aria-describedby=\"caption-attachment-1767\" class=\"size-large wp-image-1767\" title=\"Miekkari 3\" src=\"\/wp-content\/uploads\/sites\/31\/2013\/10\/Miekkari-3-1024x768.jpg\" alt=\"\" width=\"600\" height=\"450\" srcset=\"https:\/\/www.asukkaidenvantaa.fi\/wp-content\/uploads\/sites\/31\/2013\/10\/Miekkari-3-1024x768.jpg 1024w, https:\/\/www.asukkaidenvantaa.fi\/wp-content\/uploads\/sites\/31\/2013\/10\/Miekkari-3-300x225.jpg 300w\" sizes=\"auto, (max-width: 600px) 100vw, 600px\" \/><\/a><p id=\"caption-attachment-1767\" class=\"wp-caption-text\">Kouluja puolustavassa mieleosoituksessa oli tiivis tunnelma.<\/p><\/div>\n<p>Koulujen edustajat perustelivat puheenvuoroissaan koulujen s\u00e4ilytt\u00e4mist\u00e4 monin j\u00e4rkisyin ja mik\u00e4 pahinta osoittivat lopettamisselvitykset osin virheellisiksi.<\/p>\n<p>J\u00e4\u00e4mme j\u00e4nnityksell\u00e4 odottamaan mielenosoituksen j\u00e4lkeen alkaneen opetuslautakunnan p\u00e4\u00e4t\u00f6st\u00e4.<\/p>\n<div id=\"attachment_1768\" style=\"width: 610px\" class=\"wp-caption aligncenter\"><a href=\"\/wp-content\/uploads\/sites\/31\/2013\/10\/Miekkari-5.jpg\"><img loading=\"lazy\" decoding=\"async\" aria-describedby=\"caption-attachment-1768\" class=\"size-large wp-image-1768\" title=\"Miekkari 5\" src=\"\/wp-content\/uploads\/sites\/31\/2013\/10\/Miekkari-5-1024x768.jpg\" alt=\"\" width=\"600\" height=\"450\" srcset=\"https:\/\/www.asukkaidenvantaa.fi\/wp-content\/uploads\/sites\/31\/2013\/10\/Miekkari-5-1024x768.jpg 1024w, https:\/\/www.asukkaidenvantaa.fi\/wp-content\/uploads\/sites\/31\/2013\/10\/Miekkari-5-300x225.jpg 300w\" sizes=\"auto, (max-width: 600px) 100vw, 600px\" \/><\/a><p id=\"caption-attachment-1768\" class=\"wp-caption-text\">Mielenosoituksen banderollit vetosivat p\u00e4\u00e4tt\u00e4jiin.<\/p><\/div>\n<div id=\"attachment_1769\" style=\"width: 610px\" class=\"wp-caption aligncenter\"><a href=\"\/wp-content\/uploads\/sites\/31\/2013\/10\/Miekkari-7-e1381851984830.jpg\"><img loading=\"lazy\" decoding=\"async\" aria-describedby=\"caption-attachment-1769\" class=\"size-large wp-image-1769\" title=\"Miekkari 7\" src=\"\/wp-content\/uploads\/sites\/31\/2013\/10\/Miekkari-7-e1381851984830-768x1024.jpg\" alt=\"\" width=\"600\" height=\"800\" srcset=\"https:\/\/www.asukkaidenvantaa.fi\/wp-content\/uploads\/sites\/31\/2013\/10\/Miekkari-7-e1381851984830-768x1024.jpg 768w, https:\/\/www.asukkaidenvantaa.fi\/wp-content\/uploads\/sites\/31\/2013\/10\/Miekkari-7-e1381851984830-225x300.jpg 225w\" sizes=\"auto, (max-width: 600px) 100vw, 600px\" \/><\/a><p id=\"caption-attachment-1769\" class=\"wp-caption-text\">Vantaan vuoden 2014 talousarvion perusteluissa todetaan kuinka Vantaata kehitet\u00e4\u00e4n yhdess\u00e4 vantaalaisten kanssa. Yli 12 000 nime\u00e4 kouluja puoltavassa adressissa, k\u00e4yntej\u00e4 p\u00e4\u00e4tt\u00e4jien pyheilla, marsseja ja mielenosoitus. Yhteisty\u00f6 asukkaiden kanssa taitaa olla pelkk\u00e4\u00e4 sanahelin\u00e4\u00e4.<\/p><\/div>\n<div class=\"mceTemp mceIEcenter\"><\/div>\n","protected":false},"excerpt":{"rendered":"<p>Suunnitelmat Tuomelan ja Hevoshaan koulujen lakkauttausuhan takia sai vanhemmat barrikaadeille. Tiistaina 15.10. koulujen puolustajat marssivat lakkautussuunnitelmia vastaan ja kokoontuivat mielenosoitukseen Vantaan kaupungintalolle. Olosuhteet mielenosoitukseen olivat ahtaanlaiset, kaupungintalon edusta on ty\u00f6maana ja sinne on p\u00e4\u00e4sy kielletty. Ahtaudesta johtuen mielenosoittajat tukkivat Asematien kaupungintalon edess\u00e4. Onneksi poliisi yst\u00e4v\u00e4llisesti sulki liikenteen Asematielle, jotta mielenosoitus voitiin vied\u00e4 turvallisesti l\u00e4pi. Rytmikk\u00e4\u00e4t&hellip;<\/p>\n<p class=\"more-link-p\"><a class=\"more-link\" href=\"https:\/\/www.asukkaidenvantaa.fi\/?p=1764\">Lue lis\u00e4\u00e4 \u2192<\/a><\/p>\n","protected":false},"author":5003,"featured_media":0,"comment_status":"open","ping_status":"open","sticky":false,"template":"","format":"standard","meta":{"footnotes":""},"categories":[1],"tags":[59,24],"class_list":["post-1764","post","type-post","status-publish","format-standard","hentry","category-uncategorized","tag-koulu","tag-mielenosoitus"],"_links":{"self":[{"href":"https:\/\/www.asukkaidenvantaa.fi\/index.php?rest_route=\/wp\/v2\/posts\/1764","targetHints":{"allow":["GET"]}}],"collection":[{"href":"https:\/\/www.asukkaidenvantaa.fi\/index.php?rest_route=\/wp\/v2\/posts"}],"about":[{"href":"https:\/\/www.asukkaidenvantaa.fi\/index.php?rest_route=\/wp\/v2\/types\/post"}],"author":[{"embeddable":true,"href":"https:\/\/www.asukkaidenvantaa.fi\/index.php?rest_route=\/wp\/v2\/users\/5003"}],"replies":[{"embeddable":true,"href":"https:\/\/www.asukkaidenvantaa.fi\/index.php?rest_route=%2Fwp%2Fv2%2Fcomments&post=1764"}],"version-history":[{"count":12,"href":"https:\/\/www.asukkaidenvantaa.fi\/index.php?rest_route=\/wp\/v2\/posts\/1764\/revisions"}],"predecessor-version":[{"id":1781,"href":"https:\/\/www.asukkaidenvantaa.fi\/index.php?rest_route=\/wp\/v2\/posts\/1764\/revisions\/1781"}],"wp:attachment":[{"href":"https:\/\/www.asukkaidenvantaa.fi\/index.php?rest_route=%2Fwp%2Fv2%2Fmedia&parent=1764"}],"wp:term":[{"taxonomy":"category","embeddable":true,"href":"https:\/\/www.asukkaidenvantaa.fi\/index.php?rest_route=%2Fwp%2Fv2%2Fcategories&post=1764"},{"taxonomy":"post_tag","embeddable":true,"href":"https:\/\/www.asukkaidenvantaa.fi\/index.php?rest_route=%2Fwp%2Fv2%2Ftags&post=1764"}],"curies":[{"name":"wp","href":"https:\/\/api.w.org\/{rel}","templated":true}]}}