{"id":1745,"date":"2013-10-14T07:03:56","date_gmt":"2013-10-14T07:03:56","guid":{"rendered":"http:\/\/www.asukkaidenvantaa.fi\/?p=1745"},"modified":"2013-10-14T07:03:56","modified_gmt":"2013-10-14T07:03:56","slug":"koulujen-puolesta-tiistaina-15-10-klo-16","status":"publish","type":"post","link":"https:\/\/www.asukkaidenvantaa.fi\/?p=1745","title":{"rendered":"Koulujen puolesta tiistaina 15.10. klo 16"},"content":{"rendered":"<p><strong>Saako joukkoliike taivutettua Vantaan p\u00e4\u00e4tt\u00e4j\u00e4t?<\/strong><br \/>\nTiistaiksi 15.10. klo 16 on kutsuttu koulujen puolustajia mielenosoitukseen Vantaan kaupungintalolle Tikkurilaan.<br \/>\nSaako joukkoliike Vantaan p\u00e4\u00e4tt\u00e4jien p\u00e4\u00e4t k\u00e4\u00e4ntym\u00e4\u00e4n?<\/p>\n<p>Kouluvirasto esitt\u00e4\u00e4 yh\u00e4 kahta koulua, Tuomelan ja Hevoshaan, lakkautettavaksi. N\u00e4iden koulujen s\u00e4ilytt\u00e4miseksi ker\u00e4tty yli 12 000 allekirjoittajan adressi ei tunnu vaikuttavan. Asukkaiden mielipiteit\u00e4 ei haluta ottaa huomioon. Ovatko asukkaat Vantaata varten vai Vantaa asukkaita varten?<\/p>\n<p>Huomenna otetaan Vantaasta mittaa!<\/p>\n<div id=\"attachment_1746\" style=\"width: 349px\" class=\"wp-caption aligncenter\"><a href=\"\/wp-content\/uploads\/sites\/31\/2013\/10\/Miekkari-15.10.jpg\"><img loading=\"lazy\" decoding=\"async\" aria-describedby=\"caption-attachment-1746\" src=\"\/wp-content\/uploads\/sites\/31\/2013\/10\/Miekkari-15.10.jpg\" alt=\"\" title=\"Miekkari 15.10\" width=\"339\" height=\"480\" class=\"size-full wp-image-1746\" srcset=\"https:\/\/www.asukkaidenvantaa.fi\/wp-content\/uploads\/sites\/31\/2013\/10\/Miekkari-15.10.jpg 339w, https:\/\/www.asukkaidenvantaa.fi\/wp-content\/uploads\/sites\/31\/2013\/10\/Miekkari-15.10-211x300.jpg 211w\" sizes=\"auto, (max-width: 339px) 100vw, 339px\" \/><\/a><p id=\"caption-attachment-1746\" class=\"wp-caption-text\">Tiistaina kouluja puolustamaan.<\/p><\/div>\n","protected":false},"excerpt":{"rendered":"<p>Saako joukkoliike taivutettua Vantaan p\u00e4\u00e4tt\u00e4j\u00e4t? Tiistaiksi 15.10. klo 16 on kutsuttu koulujen puolustajia mielenosoitukseen Vantaan kaupungintalolle Tikkurilaan. Saako joukkoliike Vantaan p\u00e4\u00e4tt\u00e4jien p\u00e4\u00e4t k\u00e4\u00e4ntym\u00e4\u00e4n? Kouluvirasto esitt\u00e4\u00e4 yh\u00e4 kahta koulua, Tuomelan ja Hevoshaan, lakkautettavaksi. N\u00e4iden koulujen s\u00e4ilytt\u00e4miseksi ker\u00e4tty yli 12 000 allekirjoittajan adressi ei tunnu vaikuttavan. Asukkaiden mielipiteit\u00e4 ei haluta ottaa huomioon. Ovatko asukkaat Vantaata varten vai&hellip;<\/p>\n<p class=\"more-link-p\"><a class=\"more-link\" href=\"https:\/\/www.asukkaidenvantaa.fi\/?p=1745\">Lue lis\u00e4\u00e4 \u2192<\/a><\/p>\n","protected":false},"author":5003,"featured_media":0,"comment_status":"open","ping_status":"open","sticky":false,"template":"","format":"standard","meta":{"footnotes":""},"categories":[35],"tags":[24],"class_list":["post-1745","post","type-post","status-publish","format-standard","hentry","category-tapahtumat","tag-mielenosoitus"],"_links":{"self":[{"href":"https:\/\/www.asukkaidenvantaa.fi\/index.php?rest_route=\/wp\/v2\/posts\/1745","targetHints":{"allow":["GET"]}}],"collection":[{"href":"https:\/\/www.asukkaidenvantaa.fi\/index.php?rest_route=\/wp\/v2\/posts"}],"about":[{"href":"https:\/\/www.asukkaidenvantaa.fi\/index.php?rest_route=\/wp\/v2\/types\/post"}],"author":[{"embeddable":true,"href":"https:\/\/www.asukkaidenvantaa.fi\/index.php?rest_route=\/wp\/v2\/users\/5003"}],"replies":[{"embeddable":true,"href":"https:\/\/www.asukkaidenvantaa.fi\/index.php?rest_route=%2Fwp%2Fv2%2Fcomments&post=1745"}],"version-history":[{"count":2,"href":"https:\/\/www.asukkaidenvantaa.fi\/index.php?rest_route=\/wp\/v2\/posts\/1745\/revisions"}],"predecessor-version":[{"id":1748,"href":"https:\/\/www.asukkaidenvantaa.fi\/index.php?rest_route=\/wp\/v2\/posts\/1745\/revisions\/1748"}],"wp:attachment":[{"href":"https:\/\/www.asukkaidenvantaa.fi\/index.php?rest_route=%2Fwp%2Fv2%2Fmedia&parent=1745"}],"wp:term":[{"taxonomy":"category","embeddable":true,"href":"https:\/\/www.asukkaidenvantaa.fi\/index.php?rest_route=%2Fwp%2Fv2%2Fcategories&post=1745"},{"taxonomy":"post_tag","embeddable":true,"href":"https:\/\/www.asukkaidenvantaa.fi\/index.php?rest_route=%2Fwp%2Fv2%2Ftags&post=1745"}],"curies":[{"name":"wp","href":"https:\/\/api.w.org\/{rel}","templated":true}]}}