{"id":1735,"date":"2013-10-06T15:22:54","date_gmt":"2013-10-06T15:22:54","guid":{"rendered":"http:\/\/www.asukkaidenvantaa.fi\/?p=1735"},"modified":"2013-10-06T15:25:26","modified_gmt":"2013-10-06T15:25:26","slug":"tikkurilan-maalaismarkkinolla-tunkua-ja-tunnelmaa-asiaa-ja-rihkamaa","status":"publish","type":"post","link":"https:\/\/www.asukkaidenvantaa.fi\/?p=1735","title":{"rendered":"Tikkurilan maalaismarkkinolla tunkua ja tunnelmaa, asiaa ja rihkamaa"},"content":{"rendered":"<p><strong>Tikkurilan maalaismarkkinoita vietettiin 5.-6.10.2013 kohtuullisen s\u00e4\u00e4n vallitessa.<br \/>\n<\/strong>T\u00e4st\u00e4 huolimatta Vantaan Torikauppiasyhdistyksen edusta Ari Uotila arvio ett\u00e4, vuoden 2013 markkinoilla j\u00e4\u00e4d\u00e4\u00e4n hiukan aikaisemmista k\u00e4vij\u00e4m\u00e4\u00e4rist\u00e4. Arvio vuoden 2013 yleis\u00f6m\u00e4\u00e4r\u00e4st\u00e4 on noin 80 000 k\u00e4vij\u00e4\u00e4.<\/p>\n<p>Markkinat levitt\u00e4ytyiv\u00e4t koko Tikkurilan ydinalueelle. Torin lis\u00e4ksi k\u00e4yt\u00f6ss\u00e4 olivat l\u00e4hikadut ja tietysti Tikkuraitti.<br \/>\nMyyt\u00e4v\u00e4n\u00e4 oli tavaraa laidasta laitaan. Oli syksyn satoa, itse tehtyj\u00e4 tuotteita ja valitettavasti my\u00f6s paljon ulkomaista halpatuonti turhaketta.<br \/>\nEr\u00e4skin markkinak\u00e4vij\u00e4 arvosteli juuri markkinoiden muuttumista maalaismarkkinoista, siis l\u00e4hinn\u00e4 maatalouden tuotteiden myymimisest\u00e4, kaikenlaisen rihkaman myyntiin.<\/p>\n<p>Poliittiset puolueet olivat mukana markkinoilla kokoomuksesta kommunisteihin. H\u00e4t\u00e4isemmill\u00e4 oli jo kiire esitell\u00e4 ensi kes\u00e4n eorovaalien ehdokkaita.<br \/>\n<div id=\"attachment_1736\" style=\"width: 610px\" class=\"wp-caption aligncenter\"><a href=\"\/wp-content\/uploads\/sites\/31\/2013\/10\/20131006_104447.jpg\"><img loading=\"lazy\" decoding=\"async\" aria-describedby=\"caption-attachment-1736\" src=\"\/wp-content\/uploads\/sites\/31\/2013\/10\/20131006_104447-1024x768.jpg\" alt=\"\" title=\"20131006_104447\" width=\"600\" height=\"450\" class=\"size-large wp-image-1736\" srcset=\"https:\/\/www.asukkaidenvantaa.fi\/wp-content\/uploads\/sites\/31\/2013\/10\/20131006_104447-1024x768.jpg 1024w, https:\/\/www.asukkaidenvantaa.fi\/wp-content\/uploads\/sites\/31\/2013\/10\/20131006_104447-300x225.jpg 300w\" sizes=\"auto, (max-width: 600px) 100vw, 600px\" \/><\/a><p id=\"caption-attachment-1736\" class=\"wp-caption-text\">Politiikka oli vahvasti mukana Tikkurilan maalaismarkkinoilla. Telttoja l\u00f6ytyi l\u00e4pi poliittisen kartan kokoomuksesta kommunisteihin. Syksyisi\u00e4 maalaistuotteita ei poliittisten puolueiden tarjonnasta juuri l\u00f6ytynyt. Onneksi RKP tavoilleen uskollisena jakoi teltallaan omenoita.  <\/p><\/div>\n<p>Hevoshaan koulun lakkauttamista vastustavat oppilaiden vanhemmat olivat l\u00e4hteneet markkinoille hankkimaan tukea koulunsa s\u00e4ilytt\u00e4miseksi. Koulun s\u00e4ilytt\u00e4mist\u00e4 puoltavaan adressiin ker\u00e4ttiin markkinoilla noin 2 000 allekirjoitusta.<br \/>\nYmm\u00e4rryst\u00e4 koulujen, Hevoshaan ja Tuomelan, lakkauttamiselle ei markkinayleis\u00f6lt\u00e4 l\u00f6ytynyt. Olisiko poliikoilla uudelleenarvioimisen paikka ja muuttaa koulutoimen ehdotuksia. Ehdotuksia jotka perustuvat koulujen puolustajien osoittamina osin virheellisiin laskelmiin ja tulevaisuuden arvioihin.<br \/>\n<div id=\"attachment_1737\" style=\"width: 610px\" class=\"wp-caption aligncenter\"><a href=\"\/wp-content\/uploads\/sites\/31\/2013\/10\/20131006_104659.jpg\"><img loading=\"lazy\" decoding=\"async\" aria-describedby=\"caption-attachment-1737\" src=\"\/wp-content\/uploads\/sites\/31\/2013\/10\/20131006_104659-1024x768.jpg\" alt=\"\" title=\"20131006_104659\" width=\"600\" height=\"450\" class=\"size-large wp-image-1737\" srcset=\"https:\/\/www.asukkaidenvantaa.fi\/wp-content\/uploads\/sites\/31\/2013\/10\/20131006_104659-1024x768.jpg 1024w, https:\/\/www.asukkaidenvantaa.fi\/wp-content\/uploads\/sites\/31\/2013\/10\/20131006_104659-300x225.jpg 300w\" sizes=\"auto, (max-width: 600px) 100vw, 600px\" \/><\/a><p id=\"caption-attachment-1737\" class=\"wp-caption-text\">Vantaan Hakunilassa sijaitsevan Hevoshaan koulun lakkautusta vastustavat oppialiden vanhemmat olivat Tikkurilan maalaismarkkinoilla ker\u00e4\u00e4m\u00e4ss\u00e4 koulun s\u00e4ilytt\u00e4mist\u00e4 puoltavaan adressiin nimi\u00e4. Tukea tulikin markkinoilta mahtavasti, yli kaksituhatta markkinak\u00e4vij\u00e4\u00e4 allekirjoitti edressin.<\/p><\/div>\n","protected":false},"excerpt":{"rendered":"<p>Tikkurilan maalaismarkkinoita vietettiin 5.-6.10.2013 kohtuullisen s\u00e4\u00e4n vallitessa. T\u00e4st\u00e4 huolimatta Vantaan Torikauppiasyhdistyksen edusta Ari Uotila arvio ett\u00e4, vuoden 2013 markkinoilla j\u00e4\u00e4d\u00e4\u00e4n hiukan aikaisemmista k\u00e4vij\u00e4m\u00e4\u00e4rist\u00e4. Arvio vuoden 2013 yleis\u00f6m\u00e4\u00e4r\u00e4st\u00e4 on noin 80 000 k\u00e4vij\u00e4\u00e4. Markkinat levitt\u00e4ytyiv\u00e4t koko Tikkurilan ydinalueelle. Torin lis\u00e4ksi k\u00e4yt\u00f6ss\u00e4 olivat l\u00e4hikadut ja tietysti Tikkuraitti. Myyt\u00e4v\u00e4n\u00e4 oli tavaraa laidasta laitaan. Oli syksyn satoa, itse tehtyj\u00e4&hellip;<\/p>\n<p class=\"more-link-p\"><a class=\"more-link\" href=\"https:\/\/www.asukkaidenvantaa.fi\/?p=1735\">Lue lis\u00e4\u00e4 \u2192<\/a><\/p>\n","protected":false},"author":5003,"featured_media":1737,"comment_status":"open","ping_status":"open","sticky":false,"template":"","format":"standard","meta":{"footnotes":""},"categories":[1],"tags":[],"class_list":["post-1735","post","type-post","status-publish","format-standard","has-post-thumbnail","hentry","category-uncategorized"],"_links":{"self":[{"href":"https:\/\/www.asukkaidenvantaa.fi\/index.php?rest_route=\/wp\/v2\/posts\/1735","targetHints":{"allow":["GET"]}}],"collection":[{"href":"https:\/\/www.asukkaidenvantaa.fi\/index.php?rest_route=\/wp\/v2\/posts"}],"about":[{"href":"https:\/\/www.asukkaidenvantaa.fi\/index.php?rest_route=\/wp\/v2\/types\/post"}],"author":[{"embeddable":true,"href":"https:\/\/www.asukkaidenvantaa.fi\/index.php?rest_route=\/wp\/v2\/users\/5003"}],"replies":[{"embeddable":true,"href":"https:\/\/www.asukkaidenvantaa.fi\/index.php?rest_route=%2Fwp%2Fv2%2Fcomments&post=1735"}],"version-history":[{"count":6,"href":"https:\/\/www.asukkaidenvantaa.fi\/index.php?rest_route=\/wp\/v2\/posts\/1735\/revisions"}],"predecessor-version":[{"id":1743,"href":"https:\/\/www.asukkaidenvantaa.fi\/index.php?rest_route=\/wp\/v2\/posts\/1735\/revisions\/1743"}],"wp:featuredmedia":[{"embeddable":true,"href":"https:\/\/www.asukkaidenvantaa.fi\/index.php?rest_route=\/wp\/v2\/media\/1737"}],"wp:attachment":[{"href":"https:\/\/www.asukkaidenvantaa.fi\/index.php?rest_route=%2Fwp%2Fv2%2Fmedia&parent=1735"}],"wp:term":[{"taxonomy":"category","embeddable":true,"href":"https:\/\/www.asukkaidenvantaa.fi\/index.php?rest_route=%2Fwp%2Fv2%2Fcategories&post=1735"},{"taxonomy":"post_tag","embeddable":true,"href":"https:\/\/www.asukkaidenvantaa.fi\/index.php?rest_route=%2Fwp%2Fv2%2Ftags&post=1735"}],"curies":[{"name":"wp","href":"https:\/\/api.w.org\/{rel}","templated":true}]}}