{"id":1697,"date":"2013-09-26T10:32:32","date_gmt":"2013-09-26T10:32:32","guid":{"rendered":"http:\/\/www.asukkaidenvantaa.fi\/?p=1697"},"modified":"2013-09-26T10:32:32","modified_gmt":"2013-09-26T10:32:32","slug":"vantaalla-kapinoidaan","status":"publish","type":"post","link":"https:\/\/www.asukkaidenvantaa.fi\/?p=1697","title":{"rendered":"Vantaalla kapinoidaan"},"content":{"rendered":"<p><strong><\/strong><\/p>\n<p><strong>Vantaalla k\u00e4yd\u00e4\u00e4n j\u00e4lleen kamppailuja kunnallisten palveluiden s\u00e4ilytt\u00e4misen puolesta. N\u00e4it\u00e4 kapinoinnin aiheita \u2013 ja kapinoita &#8211; kyll\u00e4 tulee Vantaalla riitt\u00e4m\u00e4\u00e4n jatkossakin.<\/strong><\/p>\n<p>Kaupungin ensi vuoden tulo- ja menoarviossa on j\u00e4lleen mukana leikkauksia, jotka sis\u00e4ltyv\u00e4t Vantaan valtuuston viime vuonna hyv\u00e4ksym\u00e4\u00e4n Talouden tasapainottamis- ja velkaohjelmaan (TVO). Sivistystoimen alalla tuo leikkausohjelma merkitsee toimialan m\u00e4\u00e4r\u00e4rahojen vuosittaisen kasvun \u2013 vuoteen 2016 asti &#8211; rajoittamista 1,5 prosenttiin ja t\u00e4m\u00e4 edellytt\u00e4\u00e4 9,6 miljoonan euron v\u00e4hennyst\u00e4 menoista.<\/p>\n<p>Protestiliikkeen eturintamaan ovatkin nyt astuneet koululaisten vanhemmat. Kaupungin kouluista kaksi \u2013 Tuomelan ja Hevoshaan koulut \u2013 ovat nyt sulkemisvuorossa. Lis\u00e4ksi Viertolan ja Kulom\u00e4en kouluja supistetaan. Koulumatkat pitenev\u00e4t. Ryhm\u00e4kokoja suurennetaan. Kurssien m\u00e4\u00e4riss\u00e4 menn\u00e4\u00e4n lain sallimiin minimeihin. N\u00e4m\u00e4 siit\u00e4kin huolimatta, ett\u00e4 vantaalaisnuoret ovat valtakunnallisissa vertailuissa jatko-opintoihin p\u00e4\u00e4syn suhteen jo nyt suhteellisen heikosti sijoittuneet. Tuota koulumatkojen pidennyst\u00e4h\u00e4n pohjustettiin jo viime syksyn\u00e4 kun koulukuljetuksiin tehtiin leikkauksia. Viiteen kilometriin asti lapset joutuvat j\u00e4rjest\u00e4m\u00e4\u00e4n itse koulumatkansa p\u00e4ivitt\u00e4isen kulun.<\/p>\n<p>Kaupungin johdon puolustelut, ett\u00e4 \u201dnyt s\u00e4\u00e4stet\u00e4\u00e4n seinist\u00e4, ei opetuksesta\u201d ei saa oppilaiden vanhempia vakuuttumaan koulutilojen v\u00e4hent\u00e4misen j\u00e4rkevyydest\u00e4. Lopettamisuhan alla olevien koulujen lasten vanhemmat ovat nousseet puolustamaan lastensa ep\u00e4\u00e4m\u00e4tt\u00f6mi\u00e4 oikeuksia.<\/p>\n<p>Voimakkaasti kasvavan kaupungin olisi \u2013 jo imagosyist\u00e4kin \u2013 syyt\u00e4 profiloitua pikemmin paranevien palveluiden tuottajana ja tarjoajana, kuin jatkuvasti kaikkia hyvinvointipalveluita karsivana p\u00e4\u00e4kaupunkiseudun \u201dk\u00f6yh\u00e4n\u00e4 miehen\u00e4\u201d.<\/p>\n<p>Vantaalaisp\u00e4\u00e4tt\u00e4jien toimien j\u00e4rkevyytt\u00e4 on hyvin vaikea ymm\u00e4rt\u00e4\u00e4 varsinkaan pidemm\u00e4n ajan tarkastelussa.<\/p>\n<p>Virkamiehet ovat m\u00e4\u00e4ritelleet palveluiden rapauttamisen mahdollisesti aiheuttamia seurauksia ja kirjanneet niit\u00e4 tuotokseensa &#8211; siis t\u00e4h\u00e4n leikkauslistaan.<\/p>\n<p>Muutama suora lainaus TVO:n niin sanotuista riskianalyyseist\u00e4:<\/p>\n<p>&nbsp;<\/p>\n<p>\u201d&#8230; toimenpiteet vaikuttavat heikent\u00e4v\u00e4sti palveluverkkoon ja palveluty\u00f6n m\u00e4\u00e4r\u00e4\u00e4n ja laatuun kautta linjan.\u201d<\/p>\n<p>\u201d&#8230; imagotappio vanhempien\/kuntaan muuttavien veronmaksajien suuntaan.\u201d<\/p>\n<p>\u201dVetovoima ja kilpailukyky heikkenev\u00e4t, oppimistulokset heikkenev\u00e4t.\u201d<\/p>\n<p>\u201dPalvelutarve kokonaisuudessaan kasvaa pitk\u00e4ll\u00e4 aikav\u00e4lill\u00e4 v\u00e4est\u00f6n lis\u00e4\u00e4ntyess\u00e4.\u201d<\/p>\n<p>&nbsp;<\/p>\n<p>Mitk\u00e4\u00e4n hyvinvointipalveluiden leikkaamisten aiheuttavat ongelmat eiv\u00e4t kuitenkaan tunnu Vantaan p\u00e4\u00e4tt\u00e4jien p\u00e4it\u00e4 k\u00e4\u00e4nt\u00e4v\u00e4n. Sosialidemokraattinen kaupunginjohtaja Kari Nenonen my\u00f6nt\u00e4\u00e4 syntym\u00e4p\u00e4iv\u00e4haastattelussaan \u201d\u2026 ettei Vantaa pysty samaan palvelutasoon kuin Helsinki tai Espoo.\u201d (HS 24.9.) Nenonen on tulkinnut ty\u00f6nkuvansa niin, ett\u00e4 teht\u00e4v\u00e4n\u00e4\u00e4n on \u201d\u2026huolehtia, ettei Vantaan veronmaksajien rasitus k\u00e4y kohtuuttomaksi.\u201d<\/p>\n<p>&nbsp;<\/p>\n<p>Jo pelk\u00e4st\u00e4\u00e4n kuntaveron puolen prosentin korotuksella voitaisiin Vantaalla selvit\u00e4 pahimmilta vaurioilta. Tuon suuruinen kuntaveron korotus tarkoittaisi k\u00e4yt\u00e4nn\u00f6ss\u00e4 keskituloisen vantaalaisen kohdalla noin 15 euron lis\u00e4menoa kuukaudessa.<\/p>\n<p>Unto Nikula<\/p>\n<p>Vantaa, Asola<\/p>\n","protected":false},"excerpt":{"rendered":"<p>Vantaalla k\u00e4yd\u00e4\u00e4n j\u00e4lleen kamppailuja kunnallisten palveluiden s\u00e4ilytt\u00e4misen puolesta. N\u00e4it\u00e4 kapinoinnin aiheita \u2013 ja kapinoita &#8211; kyll\u00e4 tulee Vantaalla riitt\u00e4m\u00e4\u00e4n jatkossakin. Kaupungin ensi vuoden tulo- ja menoarviossa on j\u00e4lleen mukana leikkauksia, jotka sis\u00e4ltyv\u00e4t Vantaan valtuuston viime vuonna hyv\u00e4ksym\u00e4\u00e4n Talouden tasapainottamis- ja velkaohjelmaan (TVO). Sivistystoimen alalla tuo leikkausohjelma merkitsee toimialan m\u00e4\u00e4r\u00e4rahojen vuosittaisen kasvun \u2013 vuoteen 2016 asti&hellip;<\/p>\n<p class=\"more-link-p\"><a class=\"more-link\" href=\"https:\/\/www.asukkaidenvantaa.fi\/?p=1697\">Lue lis\u00e4\u00e4 \u2192<\/a><\/p>\n","protected":false},"author":5006,"featured_media":0,"comment_status":"open","ping_status":"open","sticky":false,"template":"","format":"standard","meta":{"footnotes":""},"categories":[28],"tags":[242,245,243,246,241,247,244],"class_list":["post-1697","post","type-post","status-publish","format-standard","hentry","category-mielipiteet","tag-hevoshaan-koulu","tag-kari-nenonen","tag-kulomaen-koulu","tag-leikkauslista","tag-tuomelan-koulu","tag-tvo","tag-viertolan-koulu"],"_links":{"self":[{"href":"https:\/\/www.asukkaidenvantaa.fi\/index.php?rest_route=\/wp\/v2\/posts\/1697","targetHints":{"allow":["GET"]}}],"collection":[{"href":"https:\/\/www.asukkaidenvantaa.fi\/index.php?rest_route=\/wp\/v2\/posts"}],"about":[{"href":"https:\/\/www.asukkaidenvantaa.fi\/index.php?rest_route=\/wp\/v2\/types\/post"}],"author":[{"embeddable":true,"href":"https:\/\/www.asukkaidenvantaa.fi\/index.php?rest_route=\/wp\/v2\/users\/5006"}],"replies":[{"embeddable":true,"href":"https:\/\/www.asukkaidenvantaa.fi\/index.php?rest_route=%2Fwp%2Fv2%2Fcomments&post=1697"}],"version-history":[{"count":1,"href":"https:\/\/www.asukkaidenvantaa.fi\/index.php?rest_route=\/wp\/v2\/posts\/1697\/revisions"}],"predecessor-version":[{"id":1698,"href":"https:\/\/www.asukkaidenvantaa.fi\/index.php?rest_route=\/wp\/v2\/posts\/1697\/revisions\/1698"}],"wp:attachment":[{"href":"https:\/\/www.asukkaidenvantaa.fi\/index.php?rest_route=%2Fwp%2Fv2%2Fmedia&parent=1697"}],"wp:term":[{"taxonomy":"category","embeddable":true,"href":"https:\/\/www.asukkaidenvantaa.fi\/index.php?rest_route=%2Fwp%2Fv2%2Fcategories&post=1697"},{"taxonomy":"post_tag","embeddable":true,"href":"https:\/\/www.asukkaidenvantaa.fi\/index.php?rest_route=%2Fwp%2Fv2%2Ftags&post=1697"}],"curies":[{"name":"wp","href":"https:\/\/api.w.org\/{rel}","templated":true}]}}