{"id":1665,"date":"2013-09-25T15:45:55","date_gmt":"2013-09-25T15:45:55","guid":{"rendered":"http:\/\/www.asukkaidenvantaa.fi\/?p=1665"},"modified":"2013-09-25T16:37:11","modified_gmt":"2013-09-25T16:37:11","slug":"koulukamppailu-tiivistyy","status":"publish","type":"post","link":"https:\/\/www.asukkaidenvantaa.fi\/?p=1665","title":{"rendered":"Koulukamppailu tiivistyy"},"content":{"rendered":"<p><strong>Asukkaiden vastatoimet laajenevat<\/strong><br \/>\nVantaalla Tuomelan ja Hevoshaan koulujen lakkautussuunnitelmat synnytt\u00e4v\u00e4t yh\u00e4 laajempaa vastarintaa. Asukkaiden laatimat vastaesitykset ovat vieneet opetuslautakunnan ehdotukselta pohjan.<\/p>\n<p>Koulujen puolustajat tulevat j\u00e4tt\u00e4m\u00e4\u00e4n Tuomelan koulun puolesta ker\u00e4tyn adressin opetuslautakunnalle 30.9.2013 klo 16.45.<br \/>\nAdressissa on nimi\u00e4 t\u00e4ll\u00e4 hetkell\u00e4 yli 6 000.<\/p>\n<p>15.10. klo 16, tuntia ennen valtuuston kokousta, j\u00e4rjestet\u00e4\u00e4n kaupungintalon edess\u00e4 suurmielenosoitus koulujen lakkauttamista vastaan.<br \/>\n<div id=\"attachment_1690\" style=\"width: 310px\" class=\"wp-caption aligncenter\"><a href=\"\/wp-content\/uploads\/sites\/31\/2013\/09\/Tuomelan-koulu-3.jpg\"><img loading=\"lazy\" decoding=\"async\" aria-describedby=\"caption-attachment-1690\" src=\"\/wp-content\/uploads\/sites\/31\/2013\/09\/Tuomelan-koulu-3.jpg\" alt=\"\" title=\"Tuomelan koulu 3\" width=\"300\" height=\"168\" class=\"size-full wp-image-1690\" \/><\/a><p id=\"caption-attachment-1690\" class=\"wp-caption-text\">T\u00e4st\u00e4 koulusta halutaan pit\u00e4\u00e4 kiinni kynsin ja hampain. Koulun puolustajat kutsuvat vantaalaisia suurmielenosoitukseen 15.10. klo 16 Tikkurilaan kaupungintalon eteen.<\/p><\/div>\n<p>Koulukamppailua kannattaa seurata mm. Facebookissa sivulla <a href=\"https:\/\/www.facebook.com\/groups\/158953460965070\/\" title=\"Mielenosoitus Tuomelan koulun pelastamiseksi\">Mielenosoitus Tuomelan koulun pelastamiseksi.<\/a><\/p>\n","protected":false},"excerpt":{"rendered":"<p>Asukkaiden vastatoimet laajenevat Vantaalla Tuomelan ja Hevoshaan koulujen lakkautussuunnitelmat synnytt\u00e4v\u00e4t yh\u00e4 laajempaa vastarintaa. Asukkaiden laatimat vastaesitykset ovat vieneet opetuslautakunnan ehdotukselta pohjan. Koulujen puolustajat tulevat j\u00e4tt\u00e4m\u00e4\u00e4n Tuomelan koulun puolesta ker\u00e4tyn adressin opetuslautakunnalle 30.9.2013 klo 16.45. Adressissa on nimi\u00e4 t\u00e4ll\u00e4 hetkell\u00e4 yli 6 000. 15.10. klo 16, tuntia ennen valtuuston kokousta, j\u00e4rjestet\u00e4\u00e4n kaupungintalon edess\u00e4 suurmielenosoitus koulujen lakkauttamista&hellip;<\/p>\n<p class=\"more-link-p\"><a class=\"more-link\" href=\"https:\/\/www.asukkaidenvantaa.fi\/?p=1665\">Lue lis\u00e4\u00e4 \u2192<\/a><\/p>\n","protected":false},"author":5003,"featured_media":0,"comment_status":"open","ping_status":"open","sticky":false,"template":"","format":"standard","meta":{"footnotes":""},"categories":[35],"tags":[107,59,24,240],"class_list":["post-1665","post","type-post","status-publish","format-standard","hentry","category-tapahtumat","tag-kaupungintalo","tag-koulu","tag-mielenosoitus","tag-puolustus"],"_links":{"self":[{"href":"https:\/\/www.asukkaidenvantaa.fi\/index.php?rest_route=\/wp\/v2\/posts\/1665","targetHints":{"allow":["GET"]}}],"collection":[{"href":"https:\/\/www.asukkaidenvantaa.fi\/index.php?rest_route=\/wp\/v2\/posts"}],"about":[{"href":"https:\/\/www.asukkaidenvantaa.fi\/index.php?rest_route=\/wp\/v2\/types\/post"}],"author":[{"embeddable":true,"href":"https:\/\/www.asukkaidenvantaa.fi\/index.php?rest_route=\/wp\/v2\/users\/5003"}],"replies":[{"embeddable":true,"href":"https:\/\/www.asukkaidenvantaa.fi\/index.php?rest_route=%2Fwp%2Fv2%2Fcomments&post=1665"}],"version-history":[{"count":24,"href":"https:\/\/www.asukkaidenvantaa.fi\/index.php?rest_route=\/wp\/v2\/posts\/1665\/revisions"}],"predecessor-version":[{"id":1695,"href":"https:\/\/www.asukkaidenvantaa.fi\/index.php?rest_route=\/wp\/v2\/posts\/1665\/revisions\/1695"}],"wp:attachment":[{"href":"https:\/\/www.asukkaidenvantaa.fi\/index.php?rest_route=%2Fwp%2Fv2%2Fmedia&parent=1665"}],"wp:term":[{"taxonomy":"category","embeddable":true,"href":"https:\/\/www.asukkaidenvantaa.fi\/index.php?rest_route=%2Fwp%2Fv2%2Fcategories&post=1665"},{"taxonomy":"post_tag","embeddable":true,"href":"https:\/\/www.asukkaidenvantaa.fi\/index.php?rest_route=%2Fwp%2Fv2%2Ftags&post=1665"}],"curies":[{"name":"wp","href":"https:\/\/api.w.org\/{rel}","templated":true}]}}