{"id":1658,"date":"2013-09-25T07:27:07","date_gmt":"2013-09-25T07:27:07","guid":{"rendered":"http:\/\/www.asukkaidenvantaa.fi\/?p=1658"},"modified":"2013-09-25T07:29:14","modified_gmt":"2013-09-25T07:29:14","slug":"asunnottomien-yon-vantaan-tapahtuman-valmistelut-hyvassa-vauhdissa","status":"publish","type":"post","link":"https:\/\/www.asukkaidenvantaa.fi\/?p=1658","title":{"rendered":"Asunnottomien y\u00f6n Vantaan tapahtuman valmistelut hyv\u00e4ss\u00e4 vauhdissa"},"content":{"rendered":"<p><strong>17.10. vietet\u00e4\u00e4n perinteist\u00e4 Asunnottomien y\u00f6t\u00e4.<\/strong><br \/>\nVantaan tapahtuman valmistelut ovat hyv\u00e4ss\u00e4 vauhdissa. Tapahtuman p\u00e4\u00e4tapahtuma on Tikkurilan keskustassa Lauri Lairalan aukiolla. Tapahtumaan liittyv\u00e4 lyhytelokuvien esitys ja paneelikeskustelu on l\u00e4heisess\u00e4 Tikkurilan kirkon auditoriossa.<\/p>\n<p><strong>Laurea ammattikorkeakoulu mukana tiiviisti valmisteluissa.<\/strong><br \/>\nLaurean opiskelijat ovat jo usean vuoden ajan osallistuneet Asunnottomien y\u00f6n tapahtumaan Vantaalla.<br \/>\nT\u00e4m\u00e4n vuoden tapahtumaan Laurean opiskelijoiden toimesta valmistuu kaksi asunnottomuutta k\u00e4sittelev\u00e4\u00e4 lyhytelokuvaa.<br \/>\nOpiskelijat suunnittelevat lis\u00e4ksi tapahtuman tiedotusta ja mainontaa, j\u00e4rjest\u00e4v\u00e4t tapahtumaan kirpputorin ja osallistuvat tapahtuman erilaisiin teht\u00e4viin.<\/p>\n<p>Muita j\u00e4rjest\u00e4ji\u00e4 ovat mm: Vahti ry ja Vantaan Rauhanpuolustajat. Vantaan seurakunta ja kaupunki ovat mukana luovuttamalla esim. tiloja tapahtuman k\u00e4yt\u00f6\u00f6n.<br \/>\nVantaan nuorisopalvelut osallistuu tapahtumaan erityisesti t\u00e4m\u00e4n vuoden teeman, nuorison asunnottomuuden, vuoksi.<\/p>\n<p>Tapahtuman p\u00e4\u00e4tapahtumat Vantaalla ovat tapahtumaan valmistuvien kahden asunnottomuutta k\u00e4sittelev\u00e4n lyhytelokuvan ensiesitys klo 16 Tikkurilan kirkon auditoriossa. Samassa tilassa alkaa asunnottomuuden ongelmia ja ratkaisemista k\u00e4sittelev\u00e4 paneelikeskustelu klo 17.<br \/>\nLauri Lairalan aukiolla sytytet\u00e4\u00e4n Asunnottomien y\u00f6n tulet klo 19 kaupunginjohtaja Nenosen toimesta ja puheella.<br \/>\nTilaisuus jatkuu ohjelmaesityksill\u00e4: Tulitaidetta, musiikkia ja imitaatioita on luvassa.<br \/>\nKorson ty\u00f6tt\u00f6m\u00e4t tulevat paikalle makkaragrillin kanssa. Vahti ry on j\u00e4rjest\u00e4m\u00e4ss\u00e4 paikalle leiv\u00e4n jakoa.<br \/>\n<div id=\"attachment_1660\" style=\"width: 610px\" class=\"wp-caption aligncenter\"><a href=\"\/wp-content\/uploads\/sites\/31\/2013\/09\/Asunnottomien-yo-2011-003.jpg\"><img loading=\"lazy\" decoding=\"async\" aria-describedby=\"caption-attachment-1660\" src=\"\/wp-content\/uploads\/sites\/31\/2013\/09\/Asunnottomien-yo-2011-003-1024x768.jpg\" alt=\"\" title=\"Asunnottomien yo 2011 003\" width=\"600\" height=\"450\" class=\"size-large wp-image-1660\" srcset=\"https:\/\/www.asukkaidenvantaa.fi\/wp-content\/uploads\/sites\/31\/2013\/09\/Asunnottomien-yo-2011-003-1024x768.jpg 1024w, https:\/\/www.asukkaidenvantaa.fi\/wp-content\/uploads\/sites\/31\/2013\/09\/Asunnottomien-yo-2011-003-300x225.jpg 300w\" sizes=\"auto, (max-width: 600px) 100vw, 600px\" \/><\/a><p id=\"caption-attachment-1660\" class=\"wp-caption-text\">Kuvamme Asunnottomien y\u00f6n tapahtumassa 2011 Vantaalla.<\/p><\/div>\n","protected":false},"excerpt":{"rendered":"<p>17.10. vietet\u00e4\u00e4n perinteist\u00e4 Asunnottomien y\u00f6t\u00e4. Vantaan tapahtuman valmistelut ovat hyv\u00e4ss\u00e4 vauhdissa. Tapahtuman p\u00e4\u00e4tapahtuma on Tikkurilan keskustassa Lauri Lairalan aukiolla. Tapahtumaan liittyv\u00e4 lyhytelokuvien esitys ja paneelikeskustelu on l\u00e4heisess\u00e4 Tikkurilan kirkon auditoriossa. Laurea ammattikorkeakoulu mukana tiiviisti valmisteluissa. Laurean opiskelijat ovat jo usean vuoden ajan osallistuneet Asunnottomien y\u00f6n tapahtumaan Vantaalla. T\u00e4m\u00e4n vuoden tapahtumaan Laurean opiskelijoiden toimesta valmistuu kaksi&hellip;<\/p>\n<p class=\"more-link-p\"><a class=\"more-link\" href=\"https:\/\/www.asukkaidenvantaa.fi\/?p=1658\">Lue lis\u00e4\u00e4 \u2192<\/a><\/p>\n","protected":false},"author":5003,"featured_media":1660,"comment_status":"open","ping_status":"open","sticky":false,"template":"","format":"standard","meta":{"footnotes":""},"categories":[35],"tags":[237,239,238],"class_list":["post-1658","post","type-post","status-publish","format-standard","has-post-thumbnail","hentry","category-tapahtumat","tag-asunnottomien-yo","tag-leivan-jako","tag-paneelikeskustelu"],"_links":{"self":[{"href":"https:\/\/www.asukkaidenvantaa.fi\/index.php?rest_route=\/wp\/v2\/posts\/1658","targetHints":{"allow":["GET"]}}],"collection":[{"href":"https:\/\/www.asukkaidenvantaa.fi\/index.php?rest_route=\/wp\/v2\/posts"}],"about":[{"href":"https:\/\/www.asukkaidenvantaa.fi\/index.php?rest_route=\/wp\/v2\/types\/post"}],"author":[{"embeddable":true,"href":"https:\/\/www.asukkaidenvantaa.fi\/index.php?rest_route=\/wp\/v2\/users\/5003"}],"replies":[{"embeddable":true,"href":"https:\/\/www.asukkaidenvantaa.fi\/index.php?rest_route=%2Fwp%2Fv2%2Fcomments&post=1658"}],"version-history":[{"count":5,"href":"https:\/\/www.asukkaidenvantaa.fi\/index.php?rest_route=\/wp\/v2\/posts\/1658\/revisions"}],"predecessor-version":[{"id":1664,"href":"https:\/\/www.asukkaidenvantaa.fi\/index.php?rest_route=\/wp\/v2\/posts\/1658\/revisions\/1664"}],"wp:featuredmedia":[{"embeddable":true,"href":"https:\/\/www.asukkaidenvantaa.fi\/index.php?rest_route=\/wp\/v2\/media\/1660"}],"wp:attachment":[{"href":"https:\/\/www.asukkaidenvantaa.fi\/index.php?rest_route=%2Fwp%2Fv2%2Fmedia&parent=1658"}],"wp:term":[{"taxonomy":"category","embeddable":true,"href":"https:\/\/www.asukkaidenvantaa.fi\/index.php?rest_route=%2Fwp%2Fv2%2Fcategories&post=1658"},{"taxonomy":"post_tag","embeddable":true,"href":"https:\/\/www.asukkaidenvantaa.fi\/index.php?rest_route=%2Fwp%2Fv2%2Ftags&post=1658"}],"curies":[{"name":"wp","href":"https:\/\/api.w.org\/{rel}","templated":true}]}}