{"id":1640,"date":"2013-09-18T11:30:58","date_gmt":"2013-09-18T11:30:58","guid":{"rendered":"http:\/\/www.asukkaidenvantaa.fi\/?p=1640"},"modified":"2013-09-18T11:31:01","modified_gmt":"2013-09-18T11:31:01","slug":"myyrmaki-liike-haki-tukea-myyrmaen-nayttamolle","status":"publish","type":"post","link":"https:\/\/www.asukkaidenvantaa.fi\/?p=1640","title":{"rendered":"Myyrm\u00e4ki-liike haki tukea Myyrm\u00e4en n\u00e4ytt\u00e4m\u00f6lle"},"content":{"rendered":"<p><strong>Haki 30 000 sai 15 000 euroa.<\/strong><br \/>\nMyyrm\u00e4ki-liike, verkostomaisesti toimiva asukasliike, Myyrm\u00e4en n\u00e4ytt\u00e4m\u00f6 ry:n asialla. Myyrm\u00e4ki-liike, jonka yksi t\u00e4rkeimmist\u00e4 projekteista on Myyrm\u00e4ki n\u00e4ytt\u00e4m\u00f6, k\u00e4\u00e4ntyi kaupungin puoleen saadakseen avustusta n\u00e4ytt\u00e4m\u00f6n tilavuokriin.<br \/>\nTilan vuokra on 55 728 eur vuodessa. Avustusta haettiin siis 30 000 eur eli reilua puolta vuokrakustannuksista. Kaupunginhallitus p\u00e4\u00e4tti my\u00f6nt\u00e4\u00e4 15 000 euron kerta-avustuksen vuokrakuluihin.<br \/>\nMyyrm\u00e4en n\u00e4ytt\u00e4m\u00f6n tilassa on aiemmin toiminut elokuvateatteri Kino Myyrm\u00e4ki, elokuvateatterin j\u00e4lkeen tiloissa toimi vuosia helluntaiseurakunta. Helluntaiseurakunnan lopetettua tiloihin sijoittui Myyrm\u00e4en n\u00e4ytt\u00e4m\u00f6.<br \/>\n<div id=\"attachment_1641\" style=\"width: 269px\" class=\"wp-caption aligncenter\"><a href=\"\/wp-content\/uploads\/sites\/31\/2013\/09\/Myyrm\u00e4ki-n\u00e4ytt\u00e4m\u00f6.jpg\"><img loading=\"lazy\" decoding=\"async\" aria-describedby=\"caption-attachment-1641\" src=\"\/wp-content\/uploads\/sites\/31\/2013\/09\/Myyrm\u00e4ki-n\u00e4ytt\u00e4m\u00f6.jpg\" alt=\"\" title=\"Myyrm\u00e4ki n\u00e4ytt\u00e4m\u00f6\" width=\"259\" height=\"195\" class=\"size-full wp-image-1641\" \/><\/a><p id=\"caption-attachment-1641\" class=\"wp-caption-text\">Myyrm\u00e4en n\u00e4ytt\u00e4m\u00f6n teatterisali, aiemmin tilassa toimi Kino Myyrm\u00e4ki ja helluntaiseurakunta.<\/p><\/div>\n","protected":false},"excerpt":{"rendered":"<p>Haki 30 000 sai 15 000 euroa. Myyrm\u00e4ki-liike, verkostomaisesti toimiva asukasliike, Myyrm\u00e4en n\u00e4ytt\u00e4m\u00f6 ry:n asialla. Myyrm\u00e4ki-liike, jonka yksi t\u00e4rkeimmist\u00e4 projekteista on Myyrm\u00e4ki n\u00e4ytt\u00e4m\u00f6, k\u00e4\u00e4ntyi kaupungin puoleen saadakseen avustusta n\u00e4ytt\u00e4m\u00f6n tilavuokriin. Tilan vuokra on 55 728 eur vuodessa. Avustusta haettiin siis 30 000 eur eli reilua puolta vuokrakustannuksista. Kaupunginhallitus p\u00e4\u00e4tti my\u00f6nt\u00e4\u00e4 15 000 euron kerta-avustuksen vuokrakuluihin.&hellip;<\/p>\n<p class=\"more-link-p\"><a class=\"more-link\" href=\"https:\/\/www.asukkaidenvantaa.fi\/?p=1640\">Lue lis\u00e4\u00e4 \u2192<\/a><\/p>\n","protected":false},"author":5003,"featured_media":0,"comment_status":"open","ping_status":"open","sticky":false,"template":"","format":"standard","meta":{"footnotes":""},"categories":[10],"tags":[157,232,233],"class_list":["post-1640","post","type-post","status-publish","format-standard","hentry","category-kulttuuri","tag-avustus","tag-myyrmaki-liike","tag-nayttamo"],"_links":{"self":[{"href":"https:\/\/www.asukkaidenvantaa.fi\/index.php?rest_route=\/wp\/v2\/posts\/1640","targetHints":{"allow":["GET"]}}],"collection":[{"href":"https:\/\/www.asukkaidenvantaa.fi\/index.php?rest_route=\/wp\/v2\/posts"}],"about":[{"href":"https:\/\/www.asukkaidenvantaa.fi\/index.php?rest_route=\/wp\/v2\/types\/post"}],"author":[{"embeddable":true,"href":"https:\/\/www.asukkaidenvantaa.fi\/index.php?rest_route=\/wp\/v2\/users\/5003"}],"replies":[{"embeddable":true,"href":"https:\/\/www.asukkaidenvantaa.fi\/index.php?rest_route=%2Fwp%2Fv2%2Fcomments&post=1640"}],"version-history":[{"count":5,"href":"https:\/\/www.asukkaidenvantaa.fi\/index.php?rest_route=\/wp\/v2\/posts\/1640\/revisions"}],"predecessor-version":[{"id":1646,"href":"https:\/\/www.asukkaidenvantaa.fi\/index.php?rest_route=\/wp\/v2\/posts\/1640\/revisions\/1646"}],"wp:attachment":[{"href":"https:\/\/www.asukkaidenvantaa.fi\/index.php?rest_route=%2Fwp%2Fv2%2Fmedia&parent=1640"}],"wp:term":[{"taxonomy":"category","embeddable":true,"href":"https:\/\/www.asukkaidenvantaa.fi\/index.php?rest_route=%2Fwp%2Fv2%2Fcategories&post=1640"},{"taxonomy":"post_tag","embeddable":true,"href":"https:\/\/www.asukkaidenvantaa.fi\/index.php?rest_route=%2Fwp%2Fv2%2Ftags&post=1640"}],"curies":[{"name":"wp","href":"https:\/\/api.w.org\/{rel}","templated":true}]}}