{"id":1628,"date":"2013-09-18T10:09:39","date_gmt":"2013-09-18T10:09:39","guid":{"rendered":"http:\/\/www.asukkaidenvantaa.fi\/?p=1628"},"modified":"2013-09-18T11:06:11","modified_gmt":"2013-09-18T11:06:11","slug":"vantaan-edustushuvila-maan-tasalle","status":"publish","type":"post","link":"https:\/\/www.asukkaidenvantaa.fi\/?p=1628","title":{"rendered":"Vantaan edustushuvila maan tasalle"},"content":{"rendered":"<p><strong>Tikkurilassa sijaitseva Vantaan edustushuvila maan tasalle.<\/strong><br \/>\nJo jonkun aikaa k\u00e4ytt\u00f6kiellossa ollut Vantaan edustushuvilaa \u00c5viki\u00e4 Tikkurilassa puretaan parhaillaan.<br \/>\n<div id=\"attachment_1629\" style=\"width: 610px\" class=\"wp-caption aligncenter\"><a href=\"\/wp-content\/uploads\/sites\/31\/2013\/09\/20130912_134050.jpg\"><img loading=\"lazy\" decoding=\"async\" aria-describedby=\"caption-attachment-1629\" src=\"\/wp-content\/uploads\/sites\/31\/2013\/09\/20130912_134050-1024x768.jpg\" alt=\"\" title=\"20130912_134050\" width=\"600\" height=\"450\" class=\"size-large wp-image-1629\" \/><\/a><p id=\"caption-attachment-1629\" class=\"wp-caption-text\">Vantaan edustushuvila \u00c5vik Tikkurilassa on kohta kasa rakennusj\u00e4tett\u00e4. Mit\u00e4 \u00c5vikin tontille?<\/p><\/div>\n<p>Edustushuvilan paikka on Tikkurilan keskustassa Keravan joen t\u00f6rm\u00e4ll\u00e4 kauniilla paikalla. Kysymys kuuluukin: Mit\u00e4 \u00c5vikin tilalle? Paikka olisi mit\u00e4 parhain julkiseksi tilaksi, n\u00e4k\u00f6alakahvila, kokous- ja kerhotiloja. Nyt olisi kaupunkilaisilla hyv\u00e4 mahdollisuus tehd\u00e4 kaupungille ehdotuksia.<\/p>\n<p>Rakennuksen kaluston poistossa ei ole oltu turhan tarkkoja. Kalustoa lojuu pihalla s\u00e4iden armoilla. Ja my\u00f6skin purettavan rakennuksen sis\u00e4tiloissa n\u00e4ytti olevan kalustoa.<br \/>\n<div id=\"attachment_1633\" style=\"width: 610px\" class=\"wp-caption aligncenter\"><a href=\"\/wp-content\/uploads\/sites\/31\/2013\/09\/20130912_134214.jpg\"><img loading=\"lazy\" decoding=\"async\" aria-describedby=\"caption-attachment-1633\" src=\"\/wp-content\/uploads\/sites\/31\/2013\/09\/20130912_134214-1024x768.jpg\" alt=\"\" title=\"20130912_134214\" width=\"600\" height=\"450\" class=\"size-large wp-image-1633\" \/><\/a><p id=\"caption-attachment-1633\" class=\"wp-caption-text\">Vantaan purettavan edustushuvilan kalustoa pihamaalla s\u00e4iden armoilla. Lieneek\u00f6 tuolit lopuun istuttuja?<\/p><\/div>\n","protected":false},"excerpt":{"rendered":"<p>Tikkurilassa sijaitseva Vantaan edustushuvila maan tasalle. Jo jonkun aikaa k\u00e4ytt\u00f6kiellossa ollut Vantaan edustushuvilaa \u00c5viki\u00e4 Tikkurilassa puretaan parhaillaan. Edustushuvilan paikka on Tikkurilan keskustassa Keravan joen t\u00f6rm\u00e4ll\u00e4 kauniilla paikalla. Kysymys kuuluukin: Mit\u00e4 \u00c5vikin tilalle? Paikka olisi mit\u00e4 parhain julkiseksi tilaksi, n\u00e4k\u00f6alakahvila, kokous- ja kerhotiloja. Nyt olisi kaupunkilaisilla hyv\u00e4 mahdollisuus tehd\u00e4 kaupungille ehdotuksia. Rakennuksen kaluston poistossa ei ole&hellip;<\/p>\n<p class=\"more-link-p\"><a class=\"more-link\" href=\"https:\/\/www.asukkaidenvantaa.fi\/?p=1628\">Lue lis\u00e4\u00e4 \u2192<\/a><\/p>\n","protected":false},"author":5003,"featured_media":0,"comment_status":"open","ping_status":"open","sticky":false,"template":"","format":"standard","meta":{"footnotes":""},"categories":[1],"tags":[231,229,230],"class_list":["post-1628","post","type-post","status-publish","format-standard","hentry","category-uncategorized","tag-avik","tag-edustushuvila","tag-purku"],"_links":{"self":[{"href":"https:\/\/www.asukkaidenvantaa.fi\/index.php?rest_route=\/wp\/v2\/posts\/1628","targetHints":{"allow":["GET"]}}],"collection":[{"href":"https:\/\/www.asukkaidenvantaa.fi\/index.php?rest_route=\/wp\/v2\/posts"}],"about":[{"href":"https:\/\/www.asukkaidenvantaa.fi\/index.php?rest_route=\/wp\/v2\/types\/post"}],"author":[{"embeddable":true,"href":"https:\/\/www.asukkaidenvantaa.fi\/index.php?rest_route=\/wp\/v2\/users\/5003"}],"replies":[{"embeddable":true,"href":"https:\/\/www.asukkaidenvantaa.fi\/index.php?rest_route=%2Fwp%2Fv2%2Fcomments&post=1628"}],"version-history":[{"count":8,"href":"https:\/\/www.asukkaidenvantaa.fi\/index.php?rest_route=\/wp\/v2\/posts\/1628\/revisions"}],"predecessor-version":[{"id":1639,"href":"https:\/\/www.asukkaidenvantaa.fi\/index.php?rest_route=\/wp\/v2\/posts\/1628\/revisions\/1639"}],"wp:attachment":[{"href":"https:\/\/www.asukkaidenvantaa.fi\/index.php?rest_route=%2Fwp%2Fv2%2Fmedia&parent=1628"}],"wp:term":[{"taxonomy":"category","embeddable":true,"href":"https:\/\/www.asukkaidenvantaa.fi\/index.php?rest_route=%2Fwp%2Fv2%2Fcategories&post=1628"},{"taxonomy":"post_tag","embeddable":true,"href":"https:\/\/www.asukkaidenvantaa.fi\/index.php?rest_route=%2Fwp%2Fv2%2Ftags&post=1628"}],"curies":[{"name":"wp","href":"https:\/\/api.w.org\/{rel}","templated":true}]}}