{"id":162,"date":"2012-05-03T08:09:35","date_gmt":"2012-05-03T08:09:35","guid":{"rendered":"http:\/\/www.asukkaidenvantaa.fi\/?p=162"},"modified":"2012-05-21T10:33:42","modified_gmt":"2012-05-21T10:33:42","slug":"helsinki-occupy-liikkeen-kimpussa","status":"publish","type":"post","link":"https:\/\/www.asukkaidenvantaa.fi\/?p=162","title":{"rendered":"Helsinki occupy-liikkeen kimpussa"},"content":{"rendered":"<div id=\"attachment_163\" style=\"width: 160px\" class=\"wp-caption alignright\"><a href=\"\/wp-content\/uploads\/sites\/31\/2012\/05\/Occupy-3.5.2012-003.jpg\"><img loading=\"lazy\" decoding=\"async\" aria-describedby=\"caption-attachment-163\" src=\"\/wp-content\/uploads\/sites\/31\/2012\/05\/Occupy-3.5.2012-003-150x150.jpg\" alt=\"\" title=\"Occupy 3.5.2012 003\" width=\"150\" height=\"150\" class=\"size-thumbnail wp-image-163\" srcset=\"https:\/\/www.asukkaidenvantaa.fi\/wp-content\/uploads\/sites\/31\/2012\/05\/Occupy-3.5.2012-003-150x150.jpg 150w, https:\/\/www.asukkaidenvantaa.fi\/wp-content\/uploads\/sites\/31\/2012\/05\/Occupy-3.5.2012-003-60x60.jpg 60w\" sizes=\"auto, (max-width: 150px) 100vw, 150px\" \/><\/a><p id=\"caption-attachment-163\" class=\"wp-caption-text\">Occupy liikkeen aktivisti Sippo K\u00e4hmi miettii mihin siirt\u00e4isi telttansa h\u00e4\u00e4d\u00f6n jaloista.<\/p><\/div>\n<p>Helsingin kaupungin rakennusvirasto on h\u00e4\u00e4t\u00e4m\u00e4ss\u00e4 Occupy Helsinki -liikett\u00e4 3.5.2012 Kansalaistorilta. Occupy Helsinki on osoittanut mielt\u00e4\u00e4n viime lokakuusta l\u00e4htien Kansalaistorilla. Rakennusvirasto  ei salli en\u00e4\u00e4 vapaata kansalaistoimintaa Kansalaistorilla. Helsingin kaupunki on tulkinnut omavaltaisesti ja lakien vastaisesti kokoontumis- ja mielenosoitusoikeutta.<\/p>\n<p>Occupy Helsinki p\u00e4\u00e4tti siirt\u00e4\u00e4 mielenosoitustaan satakunta metri\u00e4 Kiasman suuntaan. Avoin mikki avattiin v\u00e4litt\u00f6m\u00e4sti. Helsingin kaupunginvaltuutettu Yrj\u00f6 Hakanen antoi puheenvuorossaan tuen rahavallan vastaiselle kansalaisliikkeelle, kertoen olleensa henkil\u00f6kohtaisesti yhteydess\u00e4 kaupungin virkamiesjohtoon ja luottamusmiehiin jotta Occupy Helsinki liikkeen toimintamahdollisuudet turvataan.<\/p>\n<p>Vantaallakin toimii Occupy liike: <a href=\"https:\/\/www.facebook.com\/groups\/173743802714611\/\">Torikokous Vantaa\/Tikkurila.<\/a><br \/>\nTorikokous Occupy liikkeen seuraava suuri mielenosoitus on 12.5. maailmanlaajuisesti. Helsingiss\u00e4 kokoonnutaan klo 12 Paasikiven aukiolle, jossa avoin mikrofoni, marssi ja toimintaryhmi\u00e4.<br \/>\n<div id=\"attachment_166\" style=\"width: 2570px\" class=\"wp-caption aligncenter\"><a href=\"\/wp-content\/uploads\/sites\/31\/2012\/05\/Occupy-3.5.2012-010.jpg\"><img loading=\"lazy\" decoding=\"async\" aria-describedby=\"caption-attachment-166\" src=\"\/wp-content\/uploads\/sites\/31\/2012\/05\/Occupy-3.5.2012-010.jpg\" alt=\"\" title=\"Occupy 3.5.2012 010\" width=\"2560\" height=\"1920\" class=\"size-full wp-image-166\" srcset=\"https:\/\/www.asukkaidenvantaa.fi\/wp-content\/uploads\/sites\/31\/2012\/05\/Occupy-3.5.2012-010.jpg 2560w, https:\/\/www.asukkaidenvantaa.fi\/wp-content\/uploads\/sites\/31\/2012\/05\/Occupy-3.5.2012-010-300x225.jpg 300w, https:\/\/www.asukkaidenvantaa.fi\/wp-content\/uploads\/sites\/31\/2012\/05\/Occupy-3.5.2012-010-1024x768.jpg 1024w\" sizes=\"auto, (max-width: 2560px) 100vw, 2560px\" \/><\/a><p id=\"caption-attachment-166\" class=\"wp-caption-text\">Occupy Helsinki joutui kaupungin h\u00e4\u00e4t\u00f6toimien vuoksi siirt\u00e4m\u00e4\u00e4n mielenosoituksensa paikkaa. Uusi paikka on pienen matkaa Kiasman suuntaan. Avoin mikki avattiin v\u00e4litt\u00f6m\u00e4sti<\/p><\/div>\n","protected":false},"excerpt":{"rendered":"<p>Helsingin kaupungin rakennusvirasto on h\u00e4\u00e4t\u00e4m\u00e4ss\u00e4 Occupy Helsinki -liikett\u00e4 3.5.2012 Kansalaistorilta. Occupy Helsinki on osoittanut mielt\u00e4\u00e4n viime lokakuusta l\u00e4htien Kansalaistorilla. Rakennusvirasto ei salli en\u00e4\u00e4 vapaata kansalaistoimintaa Kansalaistorilla. Helsingin kaupunki on tulkinnut omavaltaisesti ja lakien vastaisesti kokoontumis- ja mielenosoitusoikeutta. Occupy Helsinki p\u00e4\u00e4tti siirt\u00e4\u00e4 mielenosoitustaan satakunta metri\u00e4 Kiasman suuntaan. Avoin mikki avattiin v\u00e4litt\u00f6m\u00e4sti. Helsingin kaupunginvaltuutettu Yrj\u00f6 Hakanen antoi&hellip;<\/p>\n<p class=\"more-link-p\"><a class=\"more-link\" href=\"https:\/\/www.asukkaidenvantaa.fi\/?p=162\">Lue lis\u00e4\u00e4 \u2192<\/a><\/p>\n","protected":false},"author":5003,"featured_media":0,"comment_status":"open","ping_status":"open","sticky":false,"template":"","format":"standard","meta":{"footnotes":""},"categories":[1],"tags":[25,23,24,20,19],"class_list":["post-162","post","type-post","status-publish","format-standard","hentry","category-uncategorized","tag-haato","tag-helsinki","tag-mielenosoitus","tag-occupy","tag-torikokous"],"_links":{"self":[{"href":"https:\/\/www.asukkaidenvantaa.fi\/index.php?rest_route=\/wp\/v2\/posts\/162","targetHints":{"allow":["GET"]}}],"collection":[{"href":"https:\/\/www.asukkaidenvantaa.fi\/index.php?rest_route=\/wp\/v2\/posts"}],"about":[{"href":"https:\/\/www.asukkaidenvantaa.fi\/index.php?rest_route=\/wp\/v2\/types\/post"}],"author":[{"embeddable":true,"href":"https:\/\/www.asukkaidenvantaa.fi\/index.php?rest_route=\/wp\/v2\/users\/5003"}],"replies":[{"embeddable":true,"href":"https:\/\/www.asukkaidenvantaa.fi\/index.php?rest_route=%2Fwp%2Fv2%2Fcomments&post=162"}],"version-history":[{"count":18,"href":"https:\/\/www.asukkaidenvantaa.fi\/index.php?rest_route=\/wp\/v2\/posts\/162\/revisions"}],"predecessor-version":[{"id":174,"href":"https:\/\/www.asukkaidenvantaa.fi\/index.php?rest_route=\/wp\/v2\/posts\/162\/revisions\/174"}],"wp:attachment":[{"href":"https:\/\/www.asukkaidenvantaa.fi\/index.php?rest_route=%2Fwp%2Fv2%2Fmedia&parent=162"}],"wp:term":[{"taxonomy":"category","embeddable":true,"href":"https:\/\/www.asukkaidenvantaa.fi\/index.php?rest_route=%2Fwp%2Fv2%2Fcategories&post=162"},{"taxonomy":"post_tag","embeddable":true,"href":"https:\/\/www.asukkaidenvantaa.fi\/index.php?rest_route=%2Fwp%2Fv2%2Ftags&post=162"}],"curies":[{"name":"wp","href":"https:\/\/api.w.org\/{rel}","templated":true}]}}