{"id":1607,"date":"2013-09-12T19:20:20","date_gmt":"2013-09-12T19:20:20","guid":{"rendered":"http:\/\/www.asukkaidenvantaa.fi\/?p=1607"},"modified":"2013-09-12T19:20:20","modified_gmt":"2013-09-12T19:20:20","slug":"pro-tuomela-valtuustoryhmien-puheilla","status":"publish","type":"post","link":"https:\/\/www.asukkaidenvantaa.fi\/?p=1607","title":{"rendered":"Pro Tuomela valtuustoryhmien puheilla"},"content":{"rendered":"<p><strong>Tuomelan koulun puolustajat ottivat infoonsa tulevat Vantaan valtuutetut vastaan n\u00e4ytt\u00e4v\u00e4ll\u00e4 tunnuksella kaupungintalon edustalla Tikkurilassa 12.9.<\/strong><br \/>\n<div id=\"attachment_1608\" style=\"width: 610px\" class=\"wp-caption aligncenter\"><a href=\"\/wp-content\/uploads\/sites\/31\/2013\/09\/Vantaata-kes\u00e4-2013-041.jpg\"><img loading=\"lazy\" decoding=\"async\" aria-describedby=\"caption-attachment-1608\" src=\"\/wp-content\/uploads\/sites\/31\/2013\/09\/Vantaata-kes\u00e4-2013-041-1024x768.jpg\" alt=\"\" title=\"Vantaata kes\u00e4 2013 041\" width=\"600\" height=\"450\" class=\"size-large wp-image-1608\" \/><\/a><p id=\"caption-attachment-1608\" class=\"wp-caption-text\">Tuomelan koulun puolustajat k\u00e4viv\u00e4t j\u00e4tt\u00e4m\u00e4ss\u00e4 Vantaan valtuustoryhmille vasta-argumenttinsa koulun lopettamista esitt\u00e4neille.<\/p><\/div>\n<p>Kaupugintalon aulassa valtuustoryhmien edustajat ottivat vastaan pro Tuomelan l\u00e4hetyst\u00f6n, joka j\u00e4tti argumenttinsa valtuustoryhmille.<\/p>\n<p>Tuomelan koulun puolustajat ovat tehneet perusteellisen selvityksen koulun s\u00e4ilytt\u00e4miseksi.<br \/>\nSelvityksess\u00e4\u00e4n Tuomelan puolustajat osoittavat, ett\u00e4 Tuomelan koulun lakkauttaminen ei tuo kaupungille kokonaiss\u00e4\u00e4st\u00f6\u00e4.<br \/>\nToiseksi koulun puolustajat osoittavat, ett\u00e4 ymp\u00e4rist\u00f6n koulutilanne ei kest\u00e4 Tuomelan koulun lopettamista.<br \/>\nKolmanneksi Tuomelan koulun lakkauttaminen tuo kaupungille lis\u00e4kustannuksia.<br \/>\n<div id=\"attachment_1622\" style=\"width: 610px\" class=\"wp-caption aligncenter\"><a href=\"\/wp-content\/uploads\/sites\/31\/2013\/09\/Pro-Tuomela-2.jpg\"><img loading=\"lazy\" decoding=\"async\" aria-describedby=\"caption-attachment-1622\" src=\"\/wp-content\/uploads\/sites\/31\/2013\/09\/Pro-Tuomela-2-1024x768.jpg\" alt=\"\" title=\"Pro Tuomela 2\" width=\"600\" height=\"450\" class=\"size-large wp-image-1622\" \/><\/a><p id=\"caption-attachment-1622\" class=\"wp-caption-text\">Tuomelan koulun puolustajat Vantaan valtuustoryhmien puheilla.<\/p><\/div>\n<p>Tuomelan koulun pelastaminen jatkuu, tulevassa viikonvaihteessa j\u00e4rjestett\u00e4v\u00e4ll\u00e4 yleis\u00f6tilaisuudella.<\/p>\n","protected":false},"excerpt":{"rendered":"<p>Tuomelan koulun puolustajat ottivat infoonsa tulevat Vantaan valtuutetut vastaan n\u00e4ytt\u00e4v\u00e4ll\u00e4 tunnuksella kaupungintalon edustalla Tikkurilassa 12.9. Kaupugintalon aulassa valtuustoryhmien edustajat ottivat vastaan pro Tuomelan l\u00e4hetyst\u00f6n, joka j\u00e4tti argumenttinsa valtuustoryhmille. Tuomelan koulun puolustajat ovat tehneet perusteellisen selvityksen koulun s\u00e4ilytt\u00e4miseksi. Selvityksess\u00e4\u00e4n Tuomelan puolustajat osoittavat, ett\u00e4 Tuomelan koulun lakkauttaminen ei tuo kaupungille kokonaiss\u00e4\u00e4st\u00f6\u00e4. Toiseksi koulun puolustajat osoittavat, ett\u00e4 ymp\u00e4rist\u00f6n&hellip;<\/p>\n<p class=\"more-link-p\"><a class=\"more-link\" href=\"https:\/\/www.asukkaidenvantaa.fi\/?p=1607\">Lue lis\u00e4\u00e4 \u2192<\/a><\/p>\n","protected":false},"author":5003,"featured_media":0,"comment_status":"open","ping_status":"open","sticky":false,"template":"","format":"standard","meta":{"footnotes":""},"categories":[1],"tags":[],"class_list":["post-1607","post","type-post","status-publish","format-standard","hentry","category-uncategorized"],"_links":{"self":[{"href":"https:\/\/www.asukkaidenvantaa.fi\/index.php?rest_route=\/wp\/v2\/posts\/1607","targetHints":{"allow":["GET"]}}],"collection":[{"href":"https:\/\/www.asukkaidenvantaa.fi\/index.php?rest_route=\/wp\/v2\/posts"}],"about":[{"href":"https:\/\/www.asukkaidenvantaa.fi\/index.php?rest_route=\/wp\/v2\/types\/post"}],"author":[{"embeddable":true,"href":"https:\/\/www.asukkaidenvantaa.fi\/index.php?rest_route=\/wp\/v2\/users\/5003"}],"replies":[{"embeddable":true,"href":"https:\/\/www.asukkaidenvantaa.fi\/index.php?rest_route=%2Fwp%2Fv2%2Fcomments&post=1607"}],"version-history":[{"count":18,"href":"https:\/\/www.asukkaidenvantaa.fi\/index.php?rest_route=\/wp\/v2\/posts\/1607\/revisions"}],"predecessor-version":[{"id":1627,"href":"https:\/\/www.asukkaidenvantaa.fi\/index.php?rest_route=\/wp\/v2\/posts\/1607\/revisions\/1627"}],"wp:attachment":[{"href":"https:\/\/www.asukkaidenvantaa.fi\/index.php?rest_route=%2Fwp%2Fv2%2Fmedia&parent=1607"}],"wp:term":[{"taxonomy":"category","embeddable":true,"href":"https:\/\/www.asukkaidenvantaa.fi\/index.php?rest_route=%2Fwp%2Fv2%2Fcategories&post=1607"},{"taxonomy":"post_tag","embeddable":true,"href":"https:\/\/www.asukkaidenvantaa.fi\/index.php?rest_route=%2Fwp%2Fv2%2Ftags&post=1607"}],"curies":[{"name":"wp","href":"https:\/\/api.w.org\/{rel}","templated":true}]}}