{"id":1591,"date":"2013-09-09T07:27:37","date_gmt":"2013-09-09T07:27:37","guid":{"rendered":"http:\/\/www.asukkaidenvantaa.fi\/?p=1591"},"modified":"2013-09-09T07:27:37","modified_gmt":"2013-09-09T07:27:37","slug":"terveydenhoidon-ammattilaiset-vetoavat-sosteriin","status":"publish","type":"post","link":"https:\/\/www.asukkaidenvantaa.fi\/?p=1591","title":{"rendered":"Terveydenhoidon ammattilaiset vetoavat SOSTERIIN"},"content":{"rendered":"<p>Viisi terveydenhoidon ammattilaista, kaksi sairaanhoitajaa, kaksi l\u00e4\u00e4k\u00e4ri\u00e4 ja yksi sosiaality\u00f6ntekij\u00e4 ovat l\u00e4hett\u00e4neet terveys- ja sosiaalilautakunnalle vetoomuksen. Vetoomuksessa osoitetaan riitt\u00e4v\u00e4n varhaisen hoidon taloudellisuus. Samalla he varoittavat terveydenhoidon supistusten ja viivyttelyn vaaroista. Vetoomuksessa asetaan my\u00f6s kyseenalaiseksi suunniteltujen leikkausp\u00e4\u00e4t\u00f6sten perusteena k\u00e4ytetyt mittarit.<\/p>\n<p>Imatran kaupunki, joka p\u00e4\u00e4tti panostaa varhaiseen perusterveydenhoitoon huomasi varsin nopeasti sen tuovan s\u00e4\u00e4st\u00f6j\u00e4.<br \/>\nVantaalaisten p\u00e4\u00e4t\u00e4jien kannattaisi pikinmiten tutustua Imatran esimerkkiin.<br \/>\n<div id=\"attachment_1592\" style=\"width: 315px\" class=\"wp-caption aligncenter\"><a href=\"\/wp-content\/uploads\/sites\/31\/2013\/09\/Odotushuone-terveyskeskus.jpg\"><img loading=\"lazy\" decoding=\"async\" aria-describedby=\"caption-attachment-1592\" src=\"\/wp-content\/uploads\/sites\/31\/2013\/09\/Odotushuone-terveyskeskus.jpg\" alt=\"\" title=\"Odotushuone terveyskeskus\" width=\"305\" height=\"165\" class=\"size-full wp-image-1592\" \/><\/a><p id=\"caption-attachment-1592\" class=\"wp-caption-text\">Panostamalla parempaan ja aikaisempaan perusterveydenhoitoon voitaisiin terveyskeskusten jonoja lyhent\u00e4\u00e4.<\/p><\/div>\n<p>Ohessa ammattilaisten vetoomus:<br \/>\n VANTAAN SOSIAALI- JA TERVEYDENHUOLLON TOIMIALAN JOHDOLLE JA VASTUUSSA OLEVILLE P\u00c4\u00c4TT\u00c4JILLE<br \/>\n    Sosiaali- ja terveydenhoitoalan ammattilaisina haluamme kiinnitt\u00e4\u00e4 huomiotanne viel\u00e4 kerran seuraaviin huolestuttaviin asioihin:<br \/>\n    TVO ohjelman puitteissa SOSTER -toimialalle asetetettu s\u00e4\u00e4st\u00f6vaatimus ei perustu kest\u00e4viin laskelmiin. S\u00e4\u00e4st\u00f6toimissa ei ole otettu huomioon alan ammattiosaamista eik\u00e4 tieteellisi\u00e4 tosiasioita. Alan ammattilaisina olemme tietoisia siit\u00e4, ett\u00e4 sek\u00e4 lyhyell\u00e4 ett\u00e4 pidemm\u00e4ll\u00e4 aikaviiveell\u00e4 n\u00e4ist\u00e4 s\u00e4\u00e4st\u00f6toimenpiteist\u00e4 vain aiheutuu suurempia kustannuksia. Ennaltaehk\u00e4isev\u00e4t palvelut ja aikaisen hoidon tarjoaminen riitt\u00e4v\u00e4n laadukkaasti ovat edellytykset tulevien s\u00e4\u00e4st\u00f6jen syntymiselle ja v\u00e4est\u00f6n terveydentilan kohentamiselle. Vain n\u00e4it\u00e4 tarjoamalla riitt\u00e4v\u00e4n laadukkaasti voidaan taata kuntalaisille my\u00f6s mahdollisuuksia vastuulliseen itsehoitoon. Siksi virheelliset p\u00e4\u00e4t\u00f6kset on nyt rohkeasti kumottava. Haluamme huomauttaa my\u00f6s, ett\u00e4 ainakaan toistaiseksi s\u00e4\u00e4st\u00f6toimien perusteluksi ei ole esitetty vertailevaa tietoa asiakkaisiin\/ihmisiin kohdistuvista vaikutuksista (IVA) .<br \/>\n    Toiminnan tehokkuuden arvioinnissa on k\u00e4ytetty alalle sopimattomia mittareita. Tuloksellisuutta ei voida terveyden- ja sosiaalihuollon alalla mitata suoritteilla tai k\u00e4yntifrekvensseill\u00e4. Suunitelma vastaanottoaikojen lyhent\u00e4miseksi on omiaan huonontamaan vaikuttavuutta entuudestaan. Tuloksia ei terveydenhuollossa ja sosiaalitoimessa voida mitata k\u00e4yntim\u00e4\u00e4rin\u00e4, vaan todellinen tulos on hyvinvoiva potilas, jonka terveyspalvelujen k\u00e4ytt\u00f6tarve on pikemmin v\u00e4hentynyt. On ehdottomasti luotettava vastaanottavien l\u00e4\u00e4k\u00e4rien ja hoitajien ammattitaitoon m\u00e4\u00e4ritt\u00e4\u00e4 kunkin potilaan tarvitsemat tutkimukset sek\u00e4 vastaanottoajan pituus.<br \/>\n    Olemme my\u00f6s kiinnitt\u00e4neet huomiota mainintaan l\u00e4\u00e4k\u00e4reiden l\u00e4hetteiden seuraamisesta ja haluamme varmistaa, ettei n\u00e4ill\u00e4 toimenpiteill\u00e4 olla luomassa toimintaymp\u00e4rist\u00f6\u00e4, joka est\u00e4\u00e4 l\u00e4\u00e4k\u00e4ri\u00e4 toimimasta ammattitaitonsa mukaisesti. Viiv\u00e4stynyt diagnosointi ja hoito tulee inhimillisten k\u00e4rsimysten lis\u00e4ksi kunnalle todella kalliiksi, lis\u00e4ten siis my\u00f6s erikoissairaanhoidon kustannuksia.<br \/>\n    Haluamme kiinnitt\u00e4\u00e4 huomioitanne siihen, ett\u00e4 kest\u00e4v\u00e4n talouden ja kasvun edellytyksist\u00e4 inhimillinen p\u00e4\u00e4oma on avainasemassa. Vantaan velan v\u00e4hent\u00e4miseksi meid\u00e4n on nyt investoitava henkil\u00f6p\u00e4\u00e4omaan ja kuntalaisten hyvinvointiin. Vain n\u00e4in voimme v\u00e4hent\u00e4\u00e4 julkisten palvelujen tarvetta ja kustannuksia, sek\u00e4 nostaa tuottavuutta ja verotulojen kertym\u00e4\u00e4.<\/p>\n<p>    Laila Jouhki, sosiaality\u00f6ntekij\u00e4<br \/>\n    Ros-Britt Kangas, HuK, erikoissairaanhoitaja<br \/>\n    Pirjo Kovanen, erikoissairaanhoitaja<br \/>\n    Marja Salonius, ty\u00f6terveyshuollon erikoisl\u00e4\u00e4k\u00e4ri<br \/>\n    Tiina Tuomela, LKT, lastentautien erikoisl\u00e4\u00e4k\u00e4ri<\/p>\n","protected":false},"excerpt":{"rendered":"<p>Viisi terveydenhoidon ammattilaista, kaksi sairaanhoitajaa, kaksi l\u00e4\u00e4k\u00e4ri\u00e4 ja yksi sosiaality\u00f6ntekij\u00e4 ovat l\u00e4hett\u00e4neet terveys- ja sosiaalilautakunnalle vetoomuksen. Vetoomuksessa osoitetaan riitt\u00e4v\u00e4n varhaisen hoidon taloudellisuus. Samalla he varoittavat terveydenhoidon supistusten ja viivyttelyn vaaroista. Vetoomuksessa asetaan my\u00f6s kyseenalaiseksi suunniteltujen leikkausp\u00e4\u00e4t\u00f6sten perusteena k\u00e4ytetyt mittarit. Imatran kaupunki, joka p\u00e4\u00e4tti panostaa varhaiseen perusterveydenhoitoon huomasi varsin nopeasti sen tuovan s\u00e4\u00e4st\u00f6j\u00e4. Vantaalaisten p\u00e4\u00e4t\u00e4jien kannattaisi&hellip;<\/p>\n<p class=\"more-link-p\"><a class=\"more-link\" href=\"https:\/\/www.asukkaidenvantaa.fi\/?p=1591\">Lue lis\u00e4\u00e4 \u2192<\/a><\/p>\n","protected":false},"author":5003,"featured_media":1594,"comment_status":"open","ping_status":"open","sticky":false,"template":"","format":"standard","meta":{"footnotes":""},"categories":[1],"tags":[222,61,225,226,223,227,224,187,228,221],"class_list":["post-1591","post","type-post","status-publish","format-standard","has-post-thumbnail","hentry","category-uncategorized","tag-laakari","tag-leikkaus","tag-paatos","tag-peruste","tag-sairaanhoitaja","tag-sosiaalilautakunta","tag-sosiaalityontekija","tag-terveydenhoito","tag-terveyslautakunta","tag-vetoomus"],"_links":{"self":[{"href":"https:\/\/www.asukkaidenvantaa.fi\/index.php?rest_route=\/wp\/v2\/posts\/1591","targetHints":{"allow":["GET"]}}],"collection":[{"href":"https:\/\/www.asukkaidenvantaa.fi\/index.php?rest_route=\/wp\/v2\/posts"}],"about":[{"href":"https:\/\/www.asukkaidenvantaa.fi\/index.php?rest_route=\/wp\/v2\/types\/post"}],"author":[{"embeddable":true,"href":"https:\/\/www.asukkaidenvantaa.fi\/index.php?rest_route=\/wp\/v2\/users\/5003"}],"replies":[{"embeddable":true,"href":"https:\/\/www.asukkaidenvantaa.fi\/index.php?rest_route=%2Fwp%2Fv2%2Fcomments&post=1591"}],"version-history":[{"count":4,"href":"https:\/\/www.asukkaidenvantaa.fi\/index.php?rest_route=\/wp\/v2\/posts\/1591\/revisions"}],"predecessor-version":[{"id":1597,"href":"https:\/\/www.asukkaidenvantaa.fi\/index.php?rest_route=\/wp\/v2\/posts\/1591\/revisions\/1597"}],"wp:featuredmedia":[{"embeddable":true,"href":"https:\/\/www.asukkaidenvantaa.fi\/index.php?rest_route=\/wp\/v2\/media\/1594"}],"wp:attachment":[{"href":"https:\/\/www.asukkaidenvantaa.fi\/index.php?rest_route=%2Fwp%2Fv2%2Fmedia&parent=1591"}],"wp:term":[{"taxonomy":"category","embeddable":true,"href":"https:\/\/www.asukkaidenvantaa.fi\/index.php?rest_route=%2Fwp%2Fv2%2Fcategories&post=1591"},{"taxonomy":"post_tag","embeddable":true,"href":"https:\/\/www.asukkaidenvantaa.fi\/index.php?rest_route=%2Fwp%2Fv2%2Ftags&post=1591"}],"curies":[{"name":"wp","href":"https:\/\/api.w.org\/{rel}","templated":true}]}}