{"id":159,"date":"2012-05-03T10:00:13","date_gmt":"2012-05-03T10:00:13","guid":{"rendered":"http:\/\/www.asukkaidenvantaa.fi\/?p=159"},"modified":"2012-05-03T10:30:16","modified_gmt":"2012-05-03T10:30:16","slug":"iranin-kommunistit-yhteisessa-rintamassa-maailman-tyolaisten-kanssa","status":"publish","type":"post","link":"https:\/\/www.asukkaidenvantaa.fi\/?p=159","title":{"rendered":"Iranin kommunistit yhteisess\u00e4 rintamassa maailman ty\u00f6l\u00e4isten kanssa"},"content":{"rendered":"<p><span style=\"font-size: small;\"><strong><span style=\"font-family: Times New Roman, serif;\">Vantaalainen opettaja Soran Zaki v\u00e4litti Iranin kommunistien julistuksen Helsingin Ty\u00f6v\u00e4en ja nuorison vappujuhlaan 1.5.2012<\/span><\/strong><\/span><\/p>\n<p><span style=\"font-family: Times New Roman, serif;\"><span style=\"font-size: large;\"><strong>Iranin kommunistisen puolueen keskuskomitean julistus kansainv\u00e4lisen ty\u00f6l\u00e4isten p\u00e4iv\u00e4n 1. toukokuuta johdosta<\/strong><\/span><\/span><\/p>\n<p><span style=\"font-family: Times New Roman, serif;\"><span style=\"font-size: small;\">Globaalikapitalismin kriisi on aiheuttanut ennenn\u00e4kem\u00e4t\u00f6nt\u00e4 ty\u00f6tt\u00f6myytt\u00e4 ja k\u00f6yhyytt\u00e4 ty\u00f6v\u00e4enluokalle. Monissa teollisuus- ja kehitysmaissa valtioiden hy\u00f6kk\u00e4ykset ty\u00f6ntekij\u00f6iden elinoloja vastaan kriisin hallitsemiseksi ovat aiheuttaneet laajoja lakkoja ja protesteja ty\u00f6v\u00e4enluokan ja k\u00f6yh\u00e4list\u00f6n keskuudessa. T\u00e4m\u00e4n taistelun kokemukset ovat saaneet monet ty\u00f6v\u00e4enluokan edell\u00e4k\u00e4vij\u00e4t uskomaan, ett\u00e4 kriisin ratkaisuun ei ole kapitalistista vaihtoehtoa. Kapitalistivaltioiden yritykset kriisin voittamiseksi ovat aiheuttaneet k\u00f6yhyyden lis\u00e4\u00e4ntymist\u00e4 ja tuhoa yhteiskunnalle.<\/span><\/span><br \/>\n<div id=\"attachment_186\" style=\"width: 610px\" class=\"wp-caption aligncenter\"><a href=\"\/wp-content\/uploads\/sites\/31\/2012\/05\/Vappu-2012-99.jpg\"><img loading=\"lazy\" decoding=\"async\" aria-describedby=\"caption-attachment-186\" src=\"\/wp-content\/uploads\/sites\/31\/2012\/05\/Vappu-2012-99-767x1024.jpg\" alt=\"\" title=\"Vappu 2012 (99)\" width=\"600\" height=\"801\" class=\"size-large wp-image-186\" srcset=\"https:\/\/www.asukkaidenvantaa.fi\/wp-content\/uploads\/sites\/31\/2012\/05\/Vappu-2012-99-767x1024.jpg 767w, https:\/\/www.asukkaidenvantaa.fi\/wp-content\/uploads\/sites\/31\/2012\/05\/Vappu-2012-99-224x300.jpg 224w, https:\/\/www.asukkaidenvantaa.fi\/wp-content\/uploads\/sites\/31\/2012\/05\/Vappu-2012-99.jpg 821w\" sizes=\"auto, (max-width: 600px) 100vw, 600px\" \/><\/a><p id=\"caption-attachment-186\" class=\"wp-caption-text\">Iranin kommunistisen puolueen tervehdyst\u00e4 esitt\u00e4m\u00e4ss\u00e4 Soran Zaki Helsingiss\u00e4, Tokoinrannassa vappuna 2012. Kuva Toivo Koivisto<\/p><\/div>\n<p><span style=\"font-family: Times New Roman, serif;\"><span style=\"font-size: small;\">Kapitalistisen talouskriisin vastustamisprosessissa ty\u00f6v\u00e4enliikkeen luokkataistelu on alkanut radikalisoitua niin, ett\u00e4 se ylitt\u00e4isi reformististen ammattiliittojen harjoittamaa politiikkaa. Nykykriisin jatkumisen johdosta on syntynyt Vallatkaa Wall Street-liike, joka puutteistaan huolimatta on tuonut esille miljoonien ahertajakansan taistelua, jossa vastustetaan sellaista pime\u00e4\u00e4 tulevaisuutta, mit\u00e4 kapitalistinen j\u00e4rjestelm\u00e4 tarjoaa tavallisille ihmisille. Ja juuri t\u00e4ss\u00e4 tilanteessa Me olemme yhdeks\u00e4nkymment\u00e4yhdeks\u00e4n prosenttia -niminen liike Amerikassa julisti vappup\u00e4iv\u00e4n maailmanlaajuiseksi suurlakkop\u00e4iv\u00e4ksi muutama kuukausi ennen vappua ja kehotti maailman 99 prosenttisia ihmisi\u00e4 j\u00e4tt\u00e4m\u00e4\u00e4n ty\u00f6paikkansa, vapauttamaan itsens\u00e4 kapitalististen ty\u00f6lakien orjuudesta ja tulemaan kaduille vaatimaan oikeuksiaan ja osoittamaan solidaarisuutta luoville ty\u00f6t\u00e4tekeville. <\/span><\/span><\/p>\n<p><span style=\"font-family: Times New Roman, serif;\"><span style=\"font-size: small;\">Tunisian ja Egyptin ty\u00f6v\u00e4enluokka on osoittanut Pohjois-Afrikan ja L\u00e4hi-id\u00e4n maiden vallankumousten edell\u00e4k\u00e4vij\u00e4n\u00e4 omalla taistelullaan kiireellisten vaatimusten puolesta sen, ett\u00e4 vallansiirto edellisilt\u00e4 diktaattoreilta l\u00e4ntt\u00e4 tukevien taantumuksellisten islamilaisten ja porvarinationalistien ryhmien k\u00e4siin ei voi olla vallankumousten ja kansannousujen lopullinen tulos, joka antaisi toivoa taistelun ja vallankumousten jatkumiselle.<\/span><\/span><\/p>\n<p><span style=\"font-family: Times New Roman, serif;\"><span style=\"font-size: small;\">Runsas vuosi sitten Iranissa toteutettiin valtion tuen leikkaukset, jotka tehtiin Maailman pankin uusliberalistisen politiikkaan ohjeiden mukaisesti ja jotka eiv\u00e4t kuitenkaan elvytt\u00e4neet taloutta eiv\u00e4tk\u00e4 tuotantoa Iranin hallituksen haluamalla tavalla eiv\u00e4tk\u00e4 auttaneet Irania liittym\u00e4\u00e4n Maailman kauppaj\u00e4rjest\u00f6n (WTO) j\u00e4seneksi, vaan pikemminkin heikensiv\u00e4t maan taloudellista tilannetta entisest\u00e4\u00e4n. Iranin hallituksen tukileikkausten t\u00e4yt\u00e4nt\u00f6\u00f6npanon ja hintas\u00e4\u00e4telyn seurauksena tuhansia pieni\u00e4 ja suuria tuotantokeskuksia on suljettu. Lis\u00e4ksi yh\u00e4 laajentuva kauppasaarto on nopeuttanut konkursseja ja ajanut alas monia tehtaita ja tuotantokeskuksia. T\u00e4m\u00e4 on lis\u00e4nnyt p\u00e4ivitt\u00e4isi\u00e4 joukkoirtisanomisia, ja my\u00f6s korkea inflaatio on nostanut kovasti elintarvikkeiden hintoja, mik\u00e4 on aiheuttanut entist\u00e4 enemm\u00e4n tuhoa ja k\u00f6yhyytt\u00e4 ty\u00f6ntekij\u00f6ille.<\/span><\/span><\/p>\n<p><span style=\"font-family: Times New Roman, serif;\"><span style=\"font-size: small;\">Islamilainen sortovalta on osoittanut olevansa ty\u00f6l\u00e4isten vihollinen ja halukkuutensa ajaa alas ty\u00f6l\u00e4isperheiden elintasoa monenkertaisesti k\u00f6yhyysrajan alapuolelle nimitt\u00e4m\u00e4ll\u00e4 kuluvan vuoden Iranin kansallisen tuotannon ja maan ty\u00f6n ja p\u00e4\u00e4oman vuodeksi ja hyv\u00e4ksym\u00e4ll\u00e4 240 euroa kuluvan vuoden v\u00e4himm\u00e4ispalkaksi. Iranin viranomaisten mukaan jokaisen teheranilaisen perheen v\u00e4himm\u00e4ismenot kuukaudessa on 835 euroa. Monien ty\u00f6ntekij\u00f6iden ja erityisesti pientehtaiden ty\u00f6ntekij\u00f6iden kuukausipalkka on alle 123 euroa. Pienen summan minimipalkaksi m\u00e4\u00e4ritt\u00e4minen, joka on kolme tai jopa viisi kertaa pienempi kuin k\u00f6yhyysrajaksi m\u00e4\u00e4ritetty summa kertoo, kuinka paljon Iranin hallitus rakastaa voittoa ja toimii ty\u00f6l\u00e4isten vihollisena.<\/span><\/span><\/p>\n<p><span style=\"font-family: Times New Roman, serif;\"><span style=\"font-size: small;\">Islamilainen tasavalta tavoittaa ty\u00f6v\u00e4enluokan sorron kirist\u00e4mist\u00e4 tilanteessa, jossa Iranin ty\u00f6ntekij\u00f6ilt\u00e4 on ev\u00e4tty pieni\u00e4kin mahdollisuuksia t\u00e4ss\u00e4 taloudellisessa ahdingossa. Valtakunnallisten ty\u00f6ehtosopimusten puute, p\u00e4tk\u00e4ty\u00f6t, ty\u00f6nteko ilman varsinaista ty\u00f6sopimusta, sosiaali- ja terveysvakuutusten puuttuminen, heikot suojelustandardit ty\u00f6paikoilla, syrjint\u00e4 naisia ja maahanmuuttajia kohtaan, sananvapauden t\u00e4ydellinen puuttuminen, lakko ja j\u00e4rjest\u00e4ytymisoikeuksien puute, systemaattisten ty\u00f6l\u00e4isten lakkojen ja protestien tukahduttaminen ja itsen\u00e4isten ty\u00f6l\u00e4isj\u00e4rjest\u00f6jen aktivistien jokap\u00e4iv\u00e4iset pid\u00e4tykset ovat ajaneet joka puolelta ty\u00f6ntekij\u00e4t siet\u00e4m\u00e4tt\u00f6m\u00e4\u00e4n ahdinkoon. T\u00e4ss\u00e4 t\u00e4ysin siet\u00e4m\u00e4tt\u00f6m\u00e4ss\u00e4 taloudellisessa ja poliittisessa tilanteessa Iranin ty\u00f6v\u00e4enluokalla ei ole muuta vaihtoehtoa kuin ryhty\u00e4 yhten\u00e4iseen valtakunnalliseen taisteluun. <\/span><\/span><\/p>\n<p><span style=\"font-family: Times New Roman, serif;\"><span style=\"font-size: small;\">Iranin kommunistinen puolue muistuttaa ty\u00f6v\u00e4enliikkeen aktivisteja ja puolueemme j\u00e4senist\u00f6\u00e4, ett\u00e4 vappu on koko ty\u00f6v\u00e4enluokan taistelup\u00e4iv\u00e4. Puolueemme osana ty\u00f6v\u00e4enliikett\u00e4 ei miss\u00e4\u00e4n nimess\u00e4 halua j\u00e4rjest\u00e4\u00e4 puolueen vapputilaisuuksia, vaan olemme yhten\u00e4isen ja laajan ty\u00f6v\u00e4en vappumarssin puolesta, joka perustuu ty\u00f6l\u00e4isten luokkatietoisuuteen. Porvarit ovat harjoittaneet kautta historian hajota ja hallita politiikkaa uskonnollisten, kansallisten ja sukupuolierojen perusteella. <\/span><\/span><\/p>\n<p><span style=\"font-family: Times New Roman, serif;\"><span style=\"font-size: small;\">Iranin kommunistinen puolue onnittelee toukokuun ensimm\u00e4isen p\u00e4iv\u00e4n vapun johdosta kaikkia ty\u00f6t\u00e4tekevi\u00e4 ymp\u00e4ri maailmaa!<\/span><\/span><\/p>\n<p><span style=\"font-family: Times New Roman, serif;\"><span style=\"font-size: small;\">Alas Iranin islamilainen tasavalta! <\/span><\/span><\/p>\n<p><span style=\"font-family: Times New Roman, serif;\"><span style=\"font-size: small;\">Kauan el\u00e4k\u00f6\u00f6n ensimm\u00e4inen toukokuuta, Ty\u00f6l\u00e4isten kansainv\u00e4linen p\u00e4iv\u00e4!<\/span><\/span><\/p>\n<p><span style=\"font-family: Times New Roman, serif;\"><span style=\"font-size: small;\">Kauan el\u00e4k\u00f6\u00f6n vapaus, tasa-arvo ja ty\u00f6l\u00e4isten valtio!<\/span><\/span><\/p>\n<p align=\"CENTER\"><span style=\"font-family: Times New Roman, serif;\"><span style=\"font-size: large;\">Iranin kommunistinen Puolue<\/span><\/span><\/p>\n<p><span style=\"font-family: Times New Roman, serif;\"><span style=\"font-size: small;\">Huhtikuu 2012<\/span><\/span><\/p>\n<p><span style=\"font-family: Times New Roman, serif;\"><span style=\"font-size: small;\">www.cpiran.org<\/span><\/span><\/p>\n<p><span style=\"font-family: Times New Roman, serif;\"><span style=\"font-size: small;\">cpifinland@gmail.com<\/span><\/span><\/p>\n","protected":false},"excerpt":{"rendered":"<p>Vantaalainen opettaja Soran Zaki v\u00e4litti Iranin kommunistien julistuksen Helsingin Ty\u00f6v\u00e4en ja nuorison vappujuhlaan 1.5.2012 Iranin kommunistisen puolueen keskuskomitean julistus kansainv\u00e4lisen ty\u00f6l\u00e4isten p\u00e4iv\u00e4n 1. toukokuuta johdosta Globaalikapitalismin kriisi on aiheuttanut ennenn\u00e4kem\u00e4t\u00f6nt\u00e4 ty\u00f6tt\u00f6myytt\u00e4 ja k\u00f6yhyytt\u00e4 ty\u00f6v\u00e4enluokalle. Monissa teollisuus- ja kehitysmaissa valtioiden hy\u00f6kk\u00e4ykset ty\u00f6ntekij\u00f6iden elinoloja vastaan kriisin hallitsemiseksi ovat aiheuttaneet laajoja lakkoja ja protesteja ty\u00f6v\u00e4enluokan ja k\u00f6yh\u00e4list\u00f6n keskuudessa.&hellip;<\/p>\n<p class=\"more-link-p\"><a class=\"more-link\" href=\"https:\/\/www.asukkaidenvantaa.fi\/?p=159\">Lue lis\u00e4\u00e4 \u2192<\/a><\/p>\n","protected":false},"author":5006,"featured_media":0,"comment_status":"open","ping_status":"open","sticky":false,"template":"","format":"standard","meta":{"footnotes":""},"categories":[3],"tags":[],"class_list":["post-159","post","type-post","status-publish","format-standard","hentry","category-tausta"],"_links":{"self":[{"href":"https:\/\/www.asukkaidenvantaa.fi\/index.php?rest_route=\/wp\/v2\/posts\/159","targetHints":{"allow":["GET"]}}],"collection":[{"href":"https:\/\/www.asukkaidenvantaa.fi\/index.php?rest_route=\/wp\/v2\/posts"}],"about":[{"href":"https:\/\/www.asukkaidenvantaa.fi\/index.php?rest_route=\/wp\/v2\/types\/post"}],"author":[{"embeddable":true,"href":"https:\/\/www.asukkaidenvantaa.fi\/index.php?rest_route=\/wp\/v2\/users\/5006"}],"replies":[{"embeddable":true,"href":"https:\/\/www.asukkaidenvantaa.fi\/index.php?rest_route=%2Fwp%2Fv2%2Fcomments&post=159"}],"version-history":[{"count":5,"href":"https:\/\/www.asukkaidenvantaa.fi\/index.php?rest_route=\/wp\/v2\/posts\/159\/revisions"}],"predecessor-version":[{"id":205,"href":"https:\/\/www.asukkaidenvantaa.fi\/index.php?rest_route=\/wp\/v2\/posts\/159\/revisions\/205"}],"wp:attachment":[{"href":"https:\/\/www.asukkaidenvantaa.fi\/index.php?rest_route=%2Fwp%2Fv2%2Fmedia&parent=159"}],"wp:term":[{"taxonomy":"category","embeddable":true,"href":"https:\/\/www.asukkaidenvantaa.fi\/index.php?rest_route=%2Fwp%2Fv2%2Fcategories&post=159"},{"taxonomy":"post_tag","embeddable":true,"href":"https:\/\/www.asukkaidenvantaa.fi\/index.php?rest_route=%2Fwp%2Fv2%2Ftags&post=159"}],"curies":[{"name":"wp","href":"https:\/\/api.w.org\/{rel}","templated":true}]}}