{"id":1589,"date":"2013-09-07T15:32:55","date_gmt":"2013-09-07T15:32:55","guid":{"rendered":"http:\/\/www.asukkaidenvantaa.fi\/?p=1589"},"modified":"2013-09-07T15:32:55","modified_gmt":"2013-09-07T15:32:55","slug":"kestavyysvajetta-ei-voi-perustella-mitenkaan","status":"publish","type":"post","link":"https:\/\/www.asukkaidenvantaa.fi\/?p=1589","title":{"rendered":"Kest\u00e4vyysvajetta ei voi perustella mitenk\u00e4\u00e4n"},"content":{"rendered":"<p><strong>Yksi maamme johtavista talousasiantuntijoista arvioi radion talousohjelmassa hallituksen rakenneuudistusta ja sanoi olevan \u201dedesvastuutonta, ett\u00e4 kest\u00e4vyysvaje puetaan t\u00e4llaiseen yhteen lukuun. Oikea tapa ilmaista asia olisi jonkinlainen haarukka-arvio. Nyt poliitikkojen kannalta t\u00e4ss\u00e4 on ongelma, koska realistinen haarukka pit\u00e4isi sis\u00e4ll\u00e4\u00e4n my\u00f6s vaihtoehdon, ettei sit\u00e4 vajetta ole ollenkaan.\u201d \u00a0\u201dTodenn\u00e4k\u00f6isyys, ett\u00e4 tuollaisen arvion pohjalta tehd\u00e4\u00e4n eritt\u00e4in suuria talouspoliittisia virheit\u00e4, on eritt\u00e4in suuri.\u201d<\/strong><\/p>\n<p><strong><\/strong><\/p>\n<p>Se kansan \u201dkriisitietoisuuden\u201d nostanut hokema 4,7 prosentin kest\u00e4vyysvajeesta ei perustu mihink\u00e4\u00e4n osoitettavissa olevaan reaalitalouden akuuttiin raham\u00e4\u00e4r\u00e4n puutteeseen.<\/p>\n<p>Jos sit\u00e4 Suomen velkasuhdetta ei saataisi k\u00e4\u00e4ntym\u00e4\u00e4n vuoteen 2017 menness\u00e4 \u2013 mihin nyt n\u00e4ill\u00e4 p\u00e4\u00e4t\u00f6ksill\u00e4 pakotettuna menn\u00e4\u00e4n &#8211; niin se \u201dhukka perisi\u201d mahdollisesti vasta jossakin vuosikymmenten p\u00e4\u00e4ss\u00e4. Ja t\u00e4m\u00e4kin vain sill\u00e4 oletuksella, ettei Suomen talous kasvaisi yht\u00e4\u00e4n tulevina vuosikymmenin\u00e4, eik\u00e4 mik\u00e4\u00e4n tuleva hallitus muuttaisi yht\u00e4\u00e4n mit\u00e4\u00e4n kansantalouden fundamenttia. Ett\u00e4 siis kansantalouden tuotos-kulutus-suhde pysyisi tasan samana hyvin pitk\u00e4\u00e4n, jopa 50 vuotta. (sama l\u00e4hde)<\/p>\n<p>&nbsp;<\/p>\n<p>Eli t\u00e4ss\u00e4 on rakennettu jonkin niin ep\u00e4m\u00e4\u00e4r\u00e4isen hypoteesin varaan, ett\u00e4 tuon kaiken toteutumiseen ja sen Jeesuksen toiseen tulemiseen voi vedonly\u00f6nniss\u00e4 panostaa aivan yht\u00e4 varmoin tuotto-odotuksin.<\/p>\n<p>On j\u00e4rjet\u00f6nt\u00e4 yritt\u00e4\u00e4 v\u00e4kisin muuttaa velkasuhdetta \u2013 valtion velan m\u00e4\u00e4r\u00e4n suhdetta bruttokansantuotteeseen (bkt) &#8211; alenevan bkt:n tilanteessa. \u00a0Nyt tehd\u00e4\u00e4n ratkaisuja, joiden \u201ddynaamiset\u201d vaikutukset ovat hyvin monen muun, <strong>mahdollisesti<\/strong> toteutuvan ehdon varassa.<\/p>\n<p>Menn\u00e4\u00e4n jostakin ihmeen pakosta puristamaan valtion velan absoluuttista m\u00e4\u00e4r\u00e4\u00e4 ja samalla kahlitaan bkt:n nousu. Se suhteellinen \u201dv\u00e4\u00e4ristym\u00e4\u201d ei n\u00e4ill\u00e4 konsteilla oikene. Taantumassa vain elvytt\u00e4m\u00e4ll\u00e4 \u2013 vaikka lis\u00e4velalla \u2013 voi bkt:n nousun kautta korjata tuota suhteellista ep\u00e4tasapainoa.<\/p>\n<p>&nbsp;<\/p>\n<p>Ty\u00f6tt\u00f6myys on se oikea rakenteellinen ongelma eik\u00e4 ty\u00f6voiman lis\u00e4tarjonta lis\u00e4\u00e4 automaattisesti ty\u00f6n lis\u00e4tarjontaa, jos kansan ostovoimaa samaan aikaan muilla toimilla voimakkaasti leikataan. Kuten tehdyll\u00e4 ty\u00f6markkinaratkaisulla nyt tehd\u00e4\u00e4n.<\/p>\n<p>Kuntataloudelle lyk\u00e4tyn likaisen ty\u00f6n, pakkos\u00e4\u00e4st\u00e4misen, leikkausten ja irtisanomisten vaikutukset ovat<\/p>\n<p>nopeavaikutteisia ja konkreettisia. Ty\u00f6tt\u00f6myys on absoluuttinen tilanne \u2013 kest\u00e4vyysvaje ja velkasuhde ovat suhteellisia k\u00e4sitteit\u00e4.<\/p>\n<p>&nbsp;<\/p>\n<p>T\u00e4llaisilla paniikkiratkaisuilla ei paranneta kansantalouden tilaa tippaakaan. N\u00e4m\u00e4 ovat hallitukselta pelkki\u00e4 poliittisia \u201dn\u00e4ytt\u00f6j\u00e4\u201d jostakin, mill\u00e4 yritet\u00e4\u00e4n perustella oma poliittisen vaikuttajan olemassaolon oikeus.<\/p>\n<p>Unto Nikula<\/p>\n<p>Vantaa<\/p>\n","protected":false},"excerpt":{"rendered":"<p>Yksi maamme johtavista talousasiantuntijoista arvioi radion talousohjelmassa hallituksen rakenneuudistusta ja sanoi olevan \u201dedesvastuutonta, ett\u00e4 kest\u00e4vyysvaje puetaan t\u00e4llaiseen yhteen lukuun. Oikea tapa ilmaista asia olisi jonkinlainen haarukka-arvio. Nyt poliitikkojen kannalta t\u00e4ss\u00e4 on ongelma, koska realistinen haarukka pit\u00e4isi sis\u00e4ll\u00e4\u00e4n my\u00f6s vaihtoehdon, ettei sit\u00e4 vajetta ole ollenkaan.\u201d \u00a0\u201dTodenn\u00e4k\u00f6isyys, ett\u00e4 tuollaisen arvion pohjalta tehd\u00e4\u00e4n eritt\u00e4in suuria talouspoliittisia virheit\u00e4, on&hellip;<\/p>\n<p class=\"more-link-p\"><a class=\"more-link\" href=\"https:\/\/www.asukkaidenvantaa.fi\/?p=1589\">Lue lis\u00e4\u00e4 \u2192<\/a><\/p>\n","protected":false},"author":5006,"featured_media":0,"comment_status":"open","ping_status":"open","sticky":false,"template":"","format":"standard","meta":{"footnotes":""},"categories":[28,3],"tags":[220,218,219,120,217],"class_list":["post-1589","post","type-post","status-publish","format-standard","hentry","category-mielipiteet","category-tausta","tag-dynaaminen-vaikutus","tag-kriisitietoisuus","tag-kuntatalous","tag-tyottomyys","tag-velkasuhde"],"_links":{"self":[{"href":"https:\/\/www.asukkaidenvantaa.fi\/index.php?rest_route=\/wp\/v2\/posts\/1589","targetHints":{"allow":["GET"]}}],"collection":[{"href":"https:\/\/www.asukkaidenvantaa.fi\/index.php?rest_route=\/wp\/v2\/posts"}],"about":[{"href":"https:\/\/www.asukkaidenvantaa.fi\/index.php?rest_route=\/wp\/v2\/types\/post"}],"author":[{"embeddable":true,"href":"https:\/\/www.asukkaidenvantaa.fi\/index.php?rest_route=\/wp\/v2\/users\/5006"}],"replies":[{"embeddable":true,"href":"https:\/\/www.asukkaidenvantaa.fi\/index.php?rest_route=%2Fwp%2Fv2%2Fcomments&post=1589"}],"version-history":[{"count":1,"href":"https:\/\/www.asukkaidenvantaa.fi\/index.php?rest_route=\/wp\/v2\/posts\/1589\/revisions"}],"predecessor-version":[{"id":1590,"href":"https:\/\/www.asukkaidenvantaa.fi\/index.php?rest_route=\/wp\/v2\/posts\/1589\/revisions\/1590"}],"wp:attachment":[{"href":"https:\/\/www.asukkaidenvantaa.fi\/index.php?rest_route=%2Fwp%2Fv2%2Fmedia&parent=1589"}],"wp:term":[{"taxonomy":"category","embeddable":true,"href":"https:\/\/www.asukkaidenvantaa.fi\/index.php?rest_route=%2Fwp%2Fv2%2Fcategories&post=1589"},{"taxonomy":"post_tag","embeddable":true,"href":"https:\/\/www.asukkaidenvantaa.fi\/index.php?rest_route=%2Fwp%2Fv2%2Ftags&post=1589"}],"curies":[{"name":"wp","href":"https:\/\/api.w.org\/{rel}","templated":true}]}}