{"id":1532,"date":"2013-09-02T13:43:51","date_gmt":"2013-09-02T13:43:51","guid":{"rendered":"http:\/\/www.asukkaidenvantaa.fi\/?p=1532"},"modified":"2013-09-02T14:05:24","modified_gmt":"2013-09-02T14:05:24","slug":"paaministeri-katainen-tutustui-vahti-ryn-toimintaan","status":"publish","type":"post","link":"https:\/\/www.asukkaidenvantaa.fi\/?p=1532","title":{"rendered":"P\u00e4\u00e4ministeri Katainen tutustui Vahti ry:n toimintaan"},"content":{"rendered":"<p><strong>P\u00e4\u00e4ministeri Katainen piipahti aamupalalla Vahti Caf\u00e9ssa<\/strong><br \/>\nKiirehtiess\u00e4\u00e4n koollekutsumaansa talousfoorumiin Heurekaan 26.8. p\u00e4\u00e4ministeri Katainen piipahti Minttukirkolla Vahti ry:n kahvilassa ja leiv\u00e4njakopisteess\u00e4.<br \/>\nVahti ry oli kutsunut talousfoorumin osanottajat aamupalalle Vahti Caf\u00e9seen, useimmat kielt\u00e4ytyiv\u00e4t kohteliaasti, mutta p\u00e4\u00e4misinterin lis\u00e4ksi aamutuimaan Vahdin aamupalalla n\u00e4htiin sis\u00e4ministeri P\u00e4ivi R\u00e4s\u00e4nen, kulttuuriministeri Paavo Arhinm\u00e4ki ja vasemmistonuorten puheenjohtaja Li Andersson.<br \/>\n<div id=\"attachment_1533\" style=\"width: 610px\" class=\"wp-caption aligncenter\"><a href=\"\/wp-content\/uploads\/sites\/31\/2013\/09\/Katainen-3.jpg\"><img loading=\"lazy\" decoding=\"async\" aria-describedby=\"caption-attachment-1533\" src=\"\/wp-content\/uploads\/sites\/31\/2013\/09\/Katainen-3-1024x768.jpg\" alt=\"\" title=\"Katainen 3\" width=\"600\" height=\"450\" class=\"size-large wp-image-1533\" \/><\/a><p id=\"caption-attachment-1533\" class=\"wp-caption-text\">Ministereit\u00e4 Vahti ry:n aamupalalla 26.8. Minttukirkolla. P\u00e4\u00e4ministeri Jyrki Katianen, sis\u00e4ministeri P\u00e4ivi R\u00e4s\u00e4nen, kulttuuriministeri Paavo Arhinm\u00e4ki ja vasemmistonuorten puheenjohtaja Li Andersson. Oranssipaitainen Vahdin toiminnanjohtaja Jarno Eskelinen kertoo vieraille Vahti ry:n toiminnasta, takana kahvipannun kanssa h\u00e4\u00e4r\u00e4\u00e4 Vahdin puheenjohtaja Tiina Tuomela.     <\/p><\/div>\nMinistereiden vierailu osui leiv\u00e4njakop\u00e4iv\u00e4\u00e4n ja Jarno Eskelinen houkutteli p\u00e4\u00e4ministerin leiv\u00e4n jakoon. V\u00e4h\u00e4varaisten leip\u00e4jonosta talousviisaiden foorumiin, kovasti vastakohtainen p\u00e4iv\u00e4 p\u00e4\u00e4ministerill\u00e4.<a href=\"http:\/\/vahti.info.fi\" title=\"vahti.info.fi\"><\/a><br \/>\n<div id=\"attachment_1534\" style=\"width: 650px\" class=\"wp-caption aligncenter\"><a href=\"\/wp-content\/uploads\/sites\/31\/2013\/09\/Katainen-1.jpg\"><img loading=\"lazy\" decoding=\"async\" aria-describedby=\"caption-attachment-1534\" src=\"\/wp-content\/uploads\/sites\/31\/2013\/09\/Katainen-1.jpg\" alt=\"\" title=\"Katainen 1\" width=\"640\" height=\"480\" class=\"size-full wp-image-1534\" \/><\/a><p id=\"caption-attachment-1534\" class=\"wp-caption-text\">Vahti ry:n toiminnanjohtaja Jarno Eskelinen houkutteli p\u00e4\u00e4ministeri Kataisen leiv\u00e4n jakoon.<\/p><\/div>\n<strong>Vahti ry:n leiv\u00e4n jakelu<\/strong> maanantaisin, keskiviikkoisin ja perjantaisin klo 9.00 &#8211; 11.00.<br \/>\nKohtuuhintaista lounasta tarjotaan klo 11.00-13.00.<\/p>\n<p>Vahti ry:n toimintaan voi tutustua tarkemmin <a href=\"http:\/\/www.vahti.info\" title=\"Vahdin omilla kotisivuilla\">Vahdin omilla kotisivuilla<\/a><\/p>\n","protected":false},"excerpt":{"rendered":"<p>P\u00e4\u00e4ministeri Katainen piipahti aamupalalla Vahti Caf\u00e9ssa Kiirehtiess\u00e4\u00e4n koollekutsumaansa talousfoorumiin Heurekaan 26.8. p\u00e4\u00e4ministeri Katainen piipahti Minttukirkolla Vahti ry:n kahvilassa ja leiv\u00e4njakopisteess\u00e4. Vahti ry oli kutsunut talousfoorumin osanottajat aamupalalle Vahti Caf\u00e9seen, useimmat kielt\u00e4ytyiv\u00e4t kohteliaasti, mutta p\u00e4\u00e4misinterin lis\u00e4ksi aamutuimaan Vahdin aamupalalla n\u00e4htiin sis\u00e4ministeri P\u00e4ivi R\u00e4s\u00e4nen, kulttuuriministeri Paavo Arhinm\u00e4ki ja vasemmistonuorten puheenjohtaja Li Andersson. Ministereiden vierailu osui leiv\u00e4njakop\u00e4iv\u00e4\u00e4n ja&hellip;<\/p>\n<p class=\"more-link-p\"><a class=\"more-link\" href=\"https:\/\/www.asukkaidenvantaa.fi\/?p=1532\">Lue lis\u00e4\u00e4 \u2192<\/a><\/p>\n","protected":false},"author":5003,"featured_media":0,"comment_status":"open","ping_status":"open","sticky":false,"template":"","format":"standard","meta":{"footnotes":""},"categories":[1],"tags":[215,213,212,214,216],"class_list":["post-1532","post","type-post","status-publish","format-standard","hentry","category-uncategorized","tag-aamupala","tag-leipajono","tag-paaministeri","tag-talousfoorumi","tag-vahavarainen"],"_links":{"self":[{"href":"https:\/\/www.asukkaidenvantaa.fi\/index.php?rest_route=\/wp\/v2\/posts\/1532","targetHints":{"allow":["GET"]}}],"collection":[{"href":"https:\/\/www.asukkaidenvantaa.fi\/index.php?rest_route=\/wp\/v2\/posts"}],"about":[{"href":"https:\/\/www.asukkaidenvantaa.fi\/index.php?rest_route=\/wp\/v2\/types\/post"}],"author":[{"embeddable":true,"href":"https:\/\/www.asukkaidenvantaa.fi\/index.php?rest_route=\/wp\/v2\/users\/5003"}],"replies":[{"embeddable":true,"href":"https:\/\/www.asukkaidenvantaa.fi\/index.php?rest_route=%2Fwp%2Fv2%2Fcomments&post=1532"}],"version-history":[{"count":10,"href":"https:\/\/www.asukkaidenvantaa.fi\/index.php?rest_route=\/wp\/v2\/posts\/1532\/revisions"}],"predecessor-version":[{"id":1544,"href":"https:\/\/www.asukkaidenvantaa.fi\/index.php?rest_route=\/wp\/v2\/posts\/1532\/revisions\/1544"}],"wp:attachment":[{"href":"https:\/\/www.asukkaidenvantaa.fi\/index.php?rest_route=%2Fwp%2Fv2%2Fmedia&parent=1532"}],"wp:term":[{"taxonomy":"category","embeddable":true,"href":"https:\/\/www.asukkaidenvantaa.fi\/index.php?rest_route=%2Fwp%2Fv2%2Fcategories&post=1532"},{"taxonomy":"post_tag","embeddable":true,"href":"https:\/\/www.asukkaidenvantaa.fi\/index.php?rest_route=%2Fwp%2Fv2%2Ftags&post=1532"}],"curies":[{"name":"wp","href":"https:\/\/api.w.org\/{rel}","templated":true}]}}