{"id":1517,"date":"2013-08-20T06:59:17","date_gmt":"2013-08-20T06:59:17","guid":{"rendered":"http:\/\/www.asukkaidenvantaa.fi\/?p=1517"},"modified":"2013-08-20T06:59:17","modified_gmt":"2013-08-20T06:59:17","slug":"koyhat-vahtijat-vahti-ja-kansalaiset-mukaan-heurekan-talousfoorumiin","status":"publish","type":"post","link":"https:\/\/www.asukkaidenvantaa.fi\/?p=1517","title":{"rendered":"K\u00f6yh\u00e4t, Vahtijat, Vahti ja kansalaiset mukaan Heurekan talousfoorumiin"},"content":{"rendered":"<p><strong>P\u00e4\u00e4ministeri Jyrki Kataisen koollekutsuma talousfoorumi Heurekassa 26.8. kiinnostaa my\u00f6s kansalaisia.<\/strong><br \/>\nP\u00e4\u00e4ministerin talousfoorumin ymp\u00e4rille on muodostumassa vaihtoehtoja etsiv\u00e4\u00e4 kansalaistoimintaa.<br \/>\nOheistapahtuman j\u00e4rjet\u00e4j\u00e4t ovat nimenneet tapahtuman <strong>Korpivaellus Heurekaan.<\/strong><br \/>\nTapahtumaan liittyy tapahtumia pitkin p\u00e4iv\u00e4\u00e4 ja huipentuu keskusteluun illalla Vernissassa.<br \/>\nOhessa tapahtuman mainoslenn\u00e4kki.<br \/>\n<div id=\"attachment_1525\" style=\"width: 610px\" class=\"wp-caption aligncenter\"><a href=\"\/wp-content\/uploads\/sites\/31\/2013\/08\/Korpivaellus-Heurekaan-3.jpg\"><img loading=\"lazy\" decoding=\"async\" aria-describedby=\"caption-attachment-1525\" src=\"\/wp-content\/uploads\/sites\/31\/2013\/08\/Korpivaellus-Heurekaan-3-723x1024.jpg\" alt=\"\" title=\"Korpivaellus Heurekaan-3\" width=\"600\" height=\"849\" class=\"size-large wp-image-1525\" srcset=\"https:\/\/www.asukkaidenvantaa.fi\/wp-content\/uploads\/sites\/31\/2013\/08\/Korpivaellus-Heurekaan-3-723x1024.jpg 723w, https:\/\/www.asukkaidenvantaa.fi\/wp-content\/uploads\/sites\/31\/2013\/08\/Korpivaellus-Heurekaan-3-211x300.jpg 211w, https:\/\/www.asukkaidenvantaa.fi\/wp-content\/uploads\/sites\/31\/2013\/08\/Korpivaellus-Heurekaan-3.jpg 826w\" sizes=\"auto, (max-width: 600px) 100vw, 600px\" \/><\/a><p id=\"caption-attachment-1525\" class=\"wp-caption-text\">Kansalaiset Korpivaellukselle Heurekaan 26.8.<\/p><\/div>\n","protected":false},"excerpt":{"rendered":"<p>P\u00e4\u00e4ministeri Jyrki Kataisen koollekutsuma talousfoorumi Heurekassa 26.8. kiinnostaa my\u00f6s kansalaisia. P\u00e4\u00e4ministerin talousfoorumin ymp\u00e4rille on muodostumassa vaihtoehtoja etsiv\u00e4\u00e4 kansalaistoimintaa. Oheistapahtuman j\u00e4rjet\u00e4j\u00e4t ovat nimenneet tapahtuman Korpivaellus Heurekaan. Tapahtumaan liittyy tapahtumia pitkin p\u00e4iv\u00e4\u00e4 ja huipentuu keskusteluun illalla Vernissassa. Ohessa tapahtuman mainoslenn\u00e4kki.<\/p>\n<p class=\"more-link-p\"><a class=\"more-link\" href=\"https:\/\/www.asukkaidenvantaa.fi\/?p=1517\">Lue lis\u00e4\u00e4 \u2192<\/a><\/p>\n","protected":false},"author":5003,"featured_media":1525,"comment_status":"open","ping_status":"open","sticky":false,"template":"","format":"standard","meta":{"footnotes":""},"categories":[1],"tags":[],"class_list":["post-1517","post","type-post","status-publish","format-standard","has-post-thumbnail","hentry","category-uncategorized"],"_links":{"self":[{"href":"https:\/\/www.asukkaidenvantaa.fi\/index.php?rest_route=\/wp\/v2\/posts\/1517","targetHints":{"allow":["GET"]}}],"collection":[{"href":"https:\/\/www.asukkaidenvantaa.fi\/index.php?rest_route=\/wp\/v2\/posts"}],"about":[{"href":"https:\/\/www.asukkaidenvantaa.fi\/index.php?rest_route=\/wp\/v2\/types\/post"}],"author":[{"embeddable":true,"href":"https:\/\/www.asukkaidenvantaa.fi\/index.php?rest_route=\/wp\/v2\/users\/5003"}],"replies":[{"embeddable":true,"href":"https:\/\/www.asukkaidenvantaa.fi\/index.php?rest_route=%2Fwp%2Fv2%2Fcomments&post=1517"}],"version-history":[{"count":7,"href":"https:\/\/www.asukkaidenvantaa.fi\/index.php?rest_route=\/wp\/v2\/posts\/1517\/revisions"}],"predecessor-version":[{"id":1528,"href":"https:\/\/www.asukkaidenvantaa.fi\/index.php?rest_route=\/wp\/v2\/posts\/1517\/revisions\/1528"}],"wp:featuredmedia":[{"embeddable":true,"href":"https:\/\/www.asukkaidenvantaa.fi\/index.php?rest_route=\/wp\/v2\/media\/1525"}],"wp:attachment":[{"href":"https:\/\/www.asukkaidenvantaa.fi\/index.php?rest_route=%2Fwp%2Fv2%2Fmedia&parent=1517"}],"wp:term":[{"taxonomy":"category","embeddable":true,"href":"https:\/\/www.asukkaidenvantaa.fi\/index.php?rest_route=%2Fwp%2Fv2%2Fcategories&post=1517"},{"taxonomy":"post_tag","embeddable":true,"href":"https:\/\/www.asukkaidenvantaa.fi\/index.php?rest_route=%2Fwp%2Fv2%2Ftags&post=1517"}],"curies":[{"name":"wp","href":"https:\/\/api.w.org\/{rel}","templated":true}]}}