{"id":1503,"date":"2013-08-12T14:37:44","date_gmt":"2013-08-12T14:37:44","guid":{"rendered":"http:\/\/www.asukkaidenvantaa.fi\/?p=1503"},"modified":"2013-08-12T14:40:19","modified_gmt":"2013-08-12T14:40:19","slug":"vantaan-kaupunginhallitus-palasi-kesalomilta-hyvaksyi-ymparistoohjelman","status":"publish","type":"post","link":"https:\/\/www.asukkaidenvantaa.fi\/?p=1503","title":{"rendered":"Vantaan kaupunginhallitus palasi kes\u00e4lomilta, hyv\u00e4ksyi ymp\u00e4rist\u00f6ohjelman"},"content":{"rendered":"<p><strong>Ymp\u00e4rist\u00f6tietoisuuden ja -johtamisen kehitt\u00e4minen, materiaali- ja energiatehokkuuden parantaminen, ilmastonmuutokseen sopeutuminen, ekotehokas kaupunkirakenne ja kest\u00e4v\u00e4 rakentaminen ja rakennusten k\u00e4ytt\u00f6,<\/strong>siin\u00e4 hyv\u00e4ksytyn ymp\u00e4rist\u00f6ohjelman kuusi p\u00e4\u00e4m\u00e4\u00e4r\u00e4\u00e4.<\/p>\n<p>Ymp\u00e4rist\u00f6ohjelmassa on my\u00f6skin yksityiskohtaisia tavoitteita:<br \/>\n&#8211; palveluntuottajia ohjeistetaan kest\u00e4v\u00e4n kehityksen mukaiseen toimintaan<br \/>\n&#8211; kierr\u00e4tys- ja korjauspalvelua kehitet\u00e4\u00e4n ja edistet\u00e4\u00e4n kierr\u00e4tysmateriaalien k\u00e4ytt\u00f6\u00e4<br \/>\n&#8211; viheralueita kehitet\u00e4\u00e4n s\u00e4\u00e4n vaihteluita siet\u00e4viksi ja metsiin sitoutuneen hiilen m\u00e4\u00e4r\u00e4n annetaan kasvaa<br \/>\n-joukkoliikenteen osuus kasvaa merkitt\u00e4v\u00e4sti keh\u00e4radan valmistuttua asemien ja terminaalien vaihtoyhteyksi\u00e4 parantamalla<br \/>\n-rakennusvalvonnan energianeuvonnalla ohjataan rakentajia tekem\u00e4\u00e4n energiatehokkuutta parantavia toimenpiteit\u00e4.<br \/>\nHyv\u00e4ksymiskokouksessa lis\u00e4ttiin tavoitteisiin muutama uusikin asia_<br \/>\n&#8211; Vantaanjoen kehitt\u00e4minen vaelluskalavesist\u00f6n\u00e4<br \/>\n&#8211; kosteikkojen rakentamisen selvityksen tekeminen<br \/>\n&#8211; viherkeh\u00e4n s\u00e4ilytt\u00e4minen kaavoitusratkaisussa.<\/p>\n<p>Syksyn alkaessa on hyv\u00e4 muistuttaa mieliin ket\u00e4 Vantaan keskeisimp\u00e4\u00e4n p\u00e4\u00e4t\u00f6ksentekoelimeen kaupunginhallitukseen kuuluu. P\u00e4\u00e4t\u00f6ksi\u00e4 alkaa tulla kuin liukuhihnalta, mink\u00e4laisia j\u00e4\u00e4 n\u00e4ht\u00e4v\u00e4ksi.<br \/>\n<div id=\"attachment_1504\" style=\"width: 627px\" class=\"wp-caption aligncenter\"><a href=\"\/wp-content\/uploads\/sites\/31\/2013\/08\/Vantaan-kaupunginhallitus.jpg\"><img loading=\"lazy\" decoding=\"async\" aria-describedby=\"caption-attachment-1504\" src=\"\/wp-content\/uploads\/sites\/31\/2013\/08\/Vantaan-kaupunginhallitus.jpg\" alt=\"\" title=\"Vantaan kaupunginhallitus\" width=\"617\" height=\"277\" class=\"size-full wp-image-1504\" \/><\/a><p id=\"caption-attachment-1504\" class=\"wp-caption-text\">Vantaan kaupunginhallituksen j\u00e4senet. Kaupunginhallitukseen kuuluu 17 j\u00e4sent\u00e4: pj. M\u00e4kinen Tapani  kok, 1. varapuheenjohtaja Letto Pirkko sd, 2. varapuheenjohtaja Niinist\u00f6 Jaakko ps, Bruun Susanna sd, Hurri Maija kd, Juurikkala Timo vihr, Karlsson Patrik sfp, Kauppinen Sirpa vihr, Kotila Pirkko vas, Multala Sari kok, M\u00e4ntynen Taisto sd, Niemel\u00e4 Arja ps, N\u00e4\u00e4tsaari Sinikka sd, Orpana Anitta kok, Ranto Esko sd, Weckman Markku kok. Kaupunginhallitus on hetken vajaalukuinen, Johanna Jurvalle my\u00f6nnettiin ero ja h\u00e4nen tilalleen valitaan uusi j\u00e4sen perussuomalaisten joukosta syksyn ensimm\u00e4isess\u00e4 valtuustossa.<\/p><\/div>\n","protected":false},"excerpt":{"rendered":"<p>Ymp\u00e4rist\u00f6tietoisuuden ja -johtamisen kehitt\u00e4minen, materiaali- ja energiatehokkuuden parantaminen, ilmastonmuutokseen sopeutuminen, ekotehokas kaupunkirakenne ja kest\u00e4v\u00e4 rakentaminen ja rakennusten k\u00e4ytt\u00f6,siin\u00e4 hyv\u00e4ksytyn ymp\u00e4rist\u00f6ohjelman kuusi p\u00e4\u00e4m\u00e4\u00e4r\u00e4\u00e4. Ymp\u00e4rist\u00f6ohjelmassa on my\u00f6skin yksityiskohtaisia tavoitteita: &#8211; palveluntuottajia ohjeistetaan kest\u00e4v\u00e4n kehityksen mukaiseen toimintaan &#8211; kierr\u00e4tys- ja korjauspalvelua kehitet\u00e4\u00e4n ja edistet\u00e4\u00e4n kierr\u00e4tysmateriaalien k\u00e4ytt\u00f6\u00e4 &#8211; viheralueita kehitet\u00e4\u00e4n s\u00e4\u00e4n vaihteluita siet\u00e4viksi ja metsiin sitoutuneen hiilen m\u00e4\u00e4r\u00e4n annetaan&hellip;<\/p>\n<p class=\"more-link-p\"><a class=\"more-link\" href=\"https:\/\/www.asukkaidenvantaa.fi\/?p=1503\">Lue lis\u00e4\u00e4 \u2192<\/a><\/p>\n","protected":false},"author":5003,"featured_media":1506,"comment_status":"open","ping_status":"open","sticky":false,"template":"","format":"standard","meta":{"footnotes":""},"categories":[1],"tags":[211],"class_list":["post-1503","post","type-post","status-publish","format-standard","has-post-thumbnail","hentry","category-uncategorized","tag-ymparistoohjelma"],"_links":{"self":[{"href":"https:\/\/www.asukkaidenvantaa.fi\/index.php?rest_route=\/wp\/v2\/posts\/1503","targetHints":{"allow":["GET"]}}],"collection":[{"href":"https:\/\/www.asukkaidenvantaa.fi\/index.php?rest_route=\/wp\/v2\/posts"}],"about":[{"href":"https:\/\/www.asukkaidenvantaa.fi\/index.php?rest_route=\/wp\/v2\/types\/post"}],"author":[{"embeddable":true,"href":"https:\/\/www.asukkaidenvantaa.fi\/index.php?rest_route=\/wp\/v2\/users\/5003"}],"replies":[{"embeddable":true,"href":"https:\/\/www.asukkaidenvantaa.fi\/index.php?rest_route=%2Fwp%2Fv2%2Fcomments&post=1503"}],"version-history":[{"count":4,"href":"https:\/\/www.asukkaidenvantaa.fi\/index.php?rest_route=\/wp\/v2\/posts\/1503\/revisions"}],"predecessor-version":[{"id":1509,"href":"https:\/\/www.asukkaidenvantaa.fi\/index.php?rest_route=\/wp\/v2\/posts\/1503\/revisions\/1509"}],"wp:featuredmedia":[{"embeddable":true,"href":"https:\/\/www.asukkaidenvantaa.fi\/index.php?rest_route=\/wp\/v2\/media\/1506"}],"wp:attachment":[{"href":"https:\/\/www.asukkaidenvantaa.fi\/index.php?rest_route=%2Fwp%2Fv2%2Fmedia&parent=1503"}],"wp:term":[{"taxonomy":"category","embeddable":true,"href":"https:\/\/www.asukkaidenvantaa.fi\/index.php?rest_route=%2Fwp%2Fv2%2Fcategories&post=1503"},{"taxonomy":"post_tag","embeddable":true,"href":"https:\/\/www.asukkaidenvantaa.fi\/index.php?rest_route=%2Fwp%2Fv2%2Ftags&post=1503"}],"curies":[{"name":"wp","href":"https:\/\/api.w.org\/{rel}","templated":true}]}}