{"id":1496,"date":"2013-08-10T09:01:43","date_gmt":"2013-08-10T09:01:43","guid":{"rendered":"http:\/\/www.asukkaidenvantaa.fi\/?p=1496"},"modified":"2013-08-10T09:01:43","modified_gmt":"2013-08-10T09:01:43","slug":"vantaa-talouden-polttopisteessa-26-8","status":"publish","type":"post","link":"https:\/\/www.asukkaidenvantaa.fi\/?p=1496","title":{"rendered":"Vantaa talouden polttopisteess\u00e4 26.8."},"content":{"rendered":"<p><strong>P\u00e4\u00e4ministeri Katainen on kutsunut koolle seminaarin<\/strong> pohtimaan talouskysymyksi\u00e4, etsim\u00e4\u00e4n yhteist\u00e4 n\u00e4kemyst\u00e4 Suomen kest\u00e4v\u00e4st\u00e4 taloudesta ja ty\u00f6llisyydest\u00e4.<br \/>\nSeminaari j\u00e4rjestet\u00e4\u00e4n 26.8.2013 Tiedekeskus Heurekassa Vantaalla.<\/p>\n<p><strong>Seminaarista niukasti tietoa saatavilla<\/strong><br \/>\nSeminaarista l\u00f6ytyy varsin niukasti tietoa, esimerkiksi p\u00e4\u00e4ministerin kanslian sivuilta ei mainintaa tilaisuudesta l\u00f6ydy.<br \/>\nT\u00e4h\u00e4n puolisalaiseen seminaariin on julkisuudessa esiintyneiden tietojen mukaan kutsuttu puolueiden edustajat, siis eduskuntapuolueiden edustajat, ty\u00f6markkinaj\u00e4rjest\u00f6jen edustajat ja taloustutkimuslaitosten edustajat.<br \/>\nKorpilammen hengess\u00e4 kokoonnnutaan etsim\u00e4\u00e4n heurekaa!<br \/>\n<div id=\"attachment_1497\" style=\"width: 310px\" class=\"wp-caption aligncenter\"><a href=\"\/wp-content\/uploads\/sites\/31\/2013\/08\/Katainen-seminaari.jpeg\"><img loading=\"lazy\" decoding=\"async\" aria-describedby=\"caption-attachment-1497\" src=\"\/wp-content\/uploads\/sites\/31\/2013\/08\/Katainen-seminaari.jpeg\" alt=\"\" title=\"Katainen seminaari\" width=\"300\" height=\"168\" class=\"size-full wp-image-1497\" \/><\/a><p id=\"caption-attachment-1497\" class=\"wp-caption-text\">P\u00e4\u00e4ministeri Katainen ker\u00e4\u00e4 taloustutkijat ja-p\u00e4\u00e4tt\u00e4j\u00e4t Tiedekeskus Heurekaan Vantaalle 26.8. etsim\u00e4\u00e4n yhteishenke\u00e4, el\u00e4kei\u00e4n nostamiseen, palveluiden leikkaamiseen ja palkkojen s\u00e4\u00e4nn\u00f6stelyyn. T\u00e4m\u00e4 kaikki on v\u00e4ltt\u00e4m\u00e4t\u00f6nt\u00e4 suuryhti\u00f6iden voittojen turvaamiseksi.<\/p><\/div>\n<p><strong>My\u00f6s kansalaiset kiinnostuneita seminaarista<\/strong><br \/>\nSeminaarin aiheet ja mahdolliset tulokset koskettanevat erityisesti tavallisia kansalaisia, heid\u00e4n rahapussillaan tullaan todenn\u00e4k\u00f6isemmin k\u00e4ym\u00e4\u00e4n, heid\u00e4n palvelujaan leikattaneen, heid\u00e4n e\u00e4keik\u00e4\u00e4ns\u00e4 nostettaneen.<br \/>\nSuunnitteilla onkin Korpivaellus Heurekaan viem\u00e4\u00e4n terveisi\u00e4 seminaarin osanottajille. asukkaidenvantaa.fi palaa Korpivaellukseen palstallaan pikaisesti.<br \/>\n<div id=\"attachment_1500\" style=\"width: 488px\" class=\"wp-caption aligncenter\"><a href=\"\/wp-content\/uploads\/sites\/31\/2013\/08\/Heurekan-sis\u00e4\u00e4nk\u00e4ynti.jpg\"><img loading=\"lazy\" decoding=\"async\" aria-describedby=\"caption-attachment-1500\" src=\"\/wp-content\/uploads\/sites\/31\/2013\/08\/Heurekan-sis\u00e4\u00e4nk\u00e4ynti.jpg\" alt=\"\" title=\"Heurekan sis\u00e4\u00e4nk\u00e4ynti\" width=\"478\" height=\"640\" class=\"size-full wp-image-1500\" \/><\/a><p id=\"caption-attachment-1500\" class=\"wp-caption-text\">Tiedekeskus Heurekan sis\u00e4\u00e4nk\u00e4ynti.<\/p><\/div>\n","protected":false},"excerpt":{"rendered":"<p>P\u00e4\u00e4ministeri Katainen on kutsunut koolle seminaarin pohtimaan talouskysymyksi\u00e4, etsim\u00e4\u00e4n yhteist\u00e4 n\u00e4kemyst\u00e4 Suomen kest\u00e4v\u00e4st\u00e4 taloudesta ja ty\u00f6llisyydest\u00e4. Seminaari j\u00e4rjestet\u00e4\u00e4n 26.8.2013 Tiedekeskus Heurekassa Vantaalla. Seminaarista niukasti tietoa saatavilla Seminaarista l\u00f6ytyy varsin niukasti tietoa, esimerkiksi p\u00e4\u00e4ministerin kanslian sivuilta ei mainintaa tilaisuudesta l\u00f6ydy. T\u00e4h\u00e4n puolisalaiseen seminaariin on julkisuudessa esiintyneiden tietojen mukaan kutsuttu puolueiden edustajat, siis eduskuntapuolueiden edustajat, ty\u00f6markkinaj\u00e4rjest\u00f6jen edustajat&hellip;<\/p>\n<p class=\"more-link-p\"><a class=\"more-link\" href=\"https:\/\/www.asukkaidenvantaa.fi\/?p=1496\">Lue lis\u00e4\u00e4 \u2192<\/a><\/p>\n","protected":false},"author":5003,"featured_media":0,"comment_status":"open","ping_status":"open","sticky":false,"template":"","format":"standard","meta":{"footnotes":""},"categories":[1],"tags":[],"class_list":["post-1496","post","type-post","status-publish","format-standard","hentry","category-uncategorized"],"_links":{"self":[{"href":"https:\/\/www.asukkaidenvantaa.fi\/index.php?rest_route=\/wp\/v2\/posts\/1496","targetHints":{"allow":["GET"]}}],"collection":[{"href":"https:\/\/www.asukkaidenvantaa.fi\/index.php?rest_route=\/wp\/v2\/posts"}],"about":[{"href":"https:\/\/www.asukkaidenvantaa.fi\/index.php?rest_route=\/wp\/v2\/types\/post"}],"author":[{"embeddable":true,"href":"https:\/\/www.asukkaidenvantaa.fi\/index.php?rest_route=\/wp\/v2\/users\/5003"}],"replies":[{"embeddable":true,"href":"https:\/\/www.asukkaidenvantaa.fi\/index.php?rest_route=%2Fwp%2Fv2%2Fcomments&post=1496"}],"version-history":[{"count":2,"href":"https:\/\/www.asukkaidenvantaa.fi\/index.php?rest_route=\/wp\/v2\/posts\/1496\/revisions"}],"predecessor-version":[{"id":1502,"href":"https:\/\/www.asukkaidenvantaa.fi\/index.php?rest_route=\/wp\/v2\/posts\/1496\/revisions\/1502"}],"wp:attachment":[{"href":"https:\/\/www.asukkaidenvantaa.fi\/index.php?rest_route=%2Fwp%2Fv2%2Fmedia&parent=1496"}],"wp:term":[{"taxonomy":"category","embeddable":true,"href":"https:\/\/www.asukkaidenvantaa.fi\/index.php?rest_route=%2Fwp%2Fv2%2Fcategories&post=1496"},{"taxonomy":"post_tag","embeddable":true,"href":"https:\/\/www.asukkaidenvantaa.fi\/index.php?rest_route=%2Fwp%2Fv2%2Ftags&post=1496"}],"curies":[{"name":"wp","href":"https:\/\/api.w.org\/{rel}","templated":true}]}}