{"id":1491,"date":"2013-08-07T09:53:49","date_gmt":"2013-08-07T09:53:49","guid":{"rendered":"http:\/\/www.asukkaidenvantaa.fi\/?p=1491"},"modified":"2013-08-07T09:53:49","modified_gmt":"2013-08-07T09:53:49","slug":"kiville-karahtanut-eu","status":"publish","type":"post","link":"https:\/\/www.asukkaidenvantaa.fi\/?p=1491","title":{"rendered":"Kiville karahtanut EU"},"content":{"rendered":"<p>Euroopan Unionista k\u00e4ynniss\u00e4 olevassa keskustelussa visiot tuntuvat olevan hakusessa, jopa kadoksissa. Shakkipelin termein tuntuu, ett\u00e4 aina on jonkin tahon kannalta shakki-tilanne ja kaikki pelk\u00e4\u00e4v\u00e4t kuollakseen uhkaavaa matti-tilannetta. Patti ei tunnu mahdolliselta.<\/p>\n<p>Suomen ainoa \u201dvirallinen\u201d EU-kriitikko, Timo Soini on peruuttanut kritiikkins\u00e4 uhkaavan p\u00e4\u00e4ministeriyden ja sen my\u00f6t\u00e4 lankeavan vastuun pelossa. Pahimmassa kurimuksessa olevien etel\u00e4isen Euroopan maiden vasemmistoilla \u2013 edes kommunisteilla \u2013 ei tunnu olevan selke\u00e4\u00e4, yhten\u00e4ist\u00e4 n\u00e4kemyst\u00e4 ongelmien ratkaisuksi.<\/p>\n<p>Vaikka EU:lla on olemassa my\u00f6s parlamentti, voi mielest\u00e4ni perustellusti kysy\u00e4 Unionin demokraattisuuden per\u00e4\u00e4n. Mik\u00e4h\u00e4n rooli sill\u00e4 parlamentilla on ollut esimerkiksi t\u00e4ss\u00e4 eurokriisin hoidossa? Ei nyt varmaankaan auta jonkin eurovaalij\u00e4rjestelm\u00e4n \u201ddemokratisoiminen\u201d tai itse kunkin tahon n\u00e4kyvyyden varmistaminen.<\/p>\n<p>Meille luvattiin EU:n (EY:n) my\u00f6t\u00e4 pelkk\u00e4\u00e4 auvoa; vientimarkkinoiden\/-mahdollisuuksien piti avautua aivan uudella tavalla, investointeja piti tuleman tulvimalla, ruokaa piti saada halvalla, jne. Mutta kuinka k\u00e4vik\u00e4\u00e4n?<\/p>\n<p>Suomesta on EU-j\u00e4senyyden aikana kadonnut alkutuotannosta ja perusteollisuudesta valtavasti ty\u00f6paikkoja. \u00a0Uudet ty\u00f6paikat syntyv\u00e4t voittopuolisesti matalapalkkaiselle palvelusektorille. Hyvinvointivaltion perusta, julkinen talous on muuttunut pelk\u00e4ksi rasitteeksi. Kilpailukykyfraseologiassa syyllisiksi, varsinaisiksi riippakiviksi nimet\u00e4\u00e4n kaikki kasvua h\u00e4iritsev\u00e4t tekij\u00e4t kuten lapset, nuoret, sairaat, vanhukset. Ty\u00f6tt\u00f6mi\u00e4 h\u00e4v\u00e4ist\u00e4\u00e4n laiskurin leimalla. Kuinka ep\u00e4uskottavalta kuulostavatkaan p\u00e4\u00e4ministerin vakuuttelut tukipakettien v\u00e4ltt\u00e4m\u00e4tt\u00f6myydest\u00e4 L\u00e4nsi-Euroopan suurpankeille yhteisvaluutan pelastamiseksi! Siis ett\u00e4 \u201dsuomalaisia ty\u00f6paikkoja me vain t\u00e4ss\u00e4 pelastamme\u201d?<\/p>\n<p>Korkotaso on ainoa talouden fundamentti, mik\u00e4 on pysynyt yhteisvaluutan aikana suhteellisen alhaalla, mutta siit\u00e4k\u00e4\u00e4n ei kukaan tai mik\u00e4\u00e4n taho voi mitenk\u00e4\u00e4n menn\u00e4 takuuseen, etteik\u00f6 USA:n keskuspankin rahapolitiikka olisikin vaikuttanut my\u00f6s eurooppalaiseen korkotasoon samansuuntaisesti.<\/p>\n<p>Niin sanottujen kriisimaiden julkisen sektorin pakkopurkaminen ehtona ulkopuoliselle avulle on tietenkin hyvin synkronissa uusliberalistisen ideologian kanssa. T\u00e4m\u00e4h\u00e4n on se eetos, jolle koko integraation on rakennettu. Yhteisvaluutan sekoittamien talouksien sotkujen selvittely on saanut jo selke\u00e4n libertaarisia muotoja.<\/p>\n<p>Ay-liikett\u00e4 my\u00f6ten kaikki tahot odottavat ja toivovat jotakin ihmeellist\u00e4 kasvua. Edes ty\u00f6ntekij\u00e4j\u00e4rjest\u00f6iss\u00e4 ei en\u00e4\u00e4 puhuta \u2013 ei edes mainita \u2013 ty\u00f6ntekij\u00f6iden reaaliansioiden riitt\u00e4vyydest\u00e4 v\u00e4ltt\u00e4m\u00e4tt\u00f6mimp\u00e4\u00e4n. Libertaristinen ajatus rikkaiden runsaasta kattauksesta k\u00f6yhille tippuvista murusista tuntuu l\u00e4vist\u00e4neen kaikki korporaatiot. Maan sis\u00e4iset intressiristiriidat on pit\u00e4nyt unohtaa ulkopuolisen, globaalin uhan edess\u00e4.<\/p>\n<p>Jos Euroopan yhdentymisen ideaa kannattelikin aikanaan toisen maailmansodan hirvitt\u00e4v\u00e4t muistot, kuka viel\u00e4 ajattelee EU:n olevan rauhanprojekti? Ei kai tosiaan sen gallialais-germaanisen kukkotappelun hillitsemiseksi ja hallitsemiseksi olisi kuitenkaan ollut pakko kahlita koko maanosaa yhteen ja samaan pakkopaitaan.<\/p>\n<p>Miss\u00e4 olisi se sadun lapsi, joka kertoisi totuuden keisarin vaatetuksesta? Kest\u00e4\u00e4k\u00f6 t\u00e4m\u00e4 integraation raiskaama Eurooppa habituksensa paljastamista?<\/p>\n<p>Unto Nikula<\/p>\n","protected":false},"excerpt":{"rendered":"<p>Euroopan Unionista k\u00e4ynniss\u00e4 olevassa keskustelussa visiot tuntuvat olevan hakusessa, jopa kadoksissa. Shakkipelin termein tuntuu, ett\u00e4 aina on jonkin tahon kannalta shakki-tilanne ja kaikki pelk\u00e4\u00e4v\u00e4t kuollakseen uhkaavaa matti-tilannetta. Patti ei tunnu mahdolliselta. Suomen ainoa \u201dvirallinen\u201d EU-kriitikko, Timo Soini on peruuttanut kritiikkins\u00e4 uhkaavan p\u00e4\u00e4ministeriyden ja sen my\u00f6t\u00e4 lankeavan vastuun pelossa. Pahimmassa kurimuksessa olevien etel\u00e4isen Euroopan maiden vasemmistoilla&hellip;<\/p>\n<p class=\"more-link-p\"><a class=\"more-link\" href=\"https:\/\/www.asukkaidenvantaa.fi\/?p=1491\">Lue lis\u00e4\u00e4 \u2192<\/a><\/p>\n","protected":false},"author":5006,"featured_media":0,"comment_status":"open","ping_status":"open","sticky":false,"template":"","format":"standard","meta":{"footnotes":""},"categories":[28,3],"tags":[],"class_list":["post-1491","post","type-post","status-publish","format-standard","hentry","category-mielipiteet","category-tausta"],"_links":{"self":[{"href":"https:\/\/www.asukkaidenvantaa.fi\/index.php?rest_route=\/wp\/v2\/posts\/1491","targetHints":{"allow":["GET"]}}],"collection":[{"href":"https:\/\/www.asukkaidenvantaa.fi\/index.php?rest_route=\/wp\/v2\/posts"}],"about":[{"href":"https:\/\/www.asukkaidenvantaa.fi\/index.php?rest_route=\/wp\/v2\/types\/post"}],"author":[{"embeddable":true,"href":"https:\/\/www.asukkaidenvantaa.fi\/index.php?rest_route=\/wp\/v2\/users\/5006"}],"replies":[{"embeddable":true,"href":"https:\/\/www.asukkaidenvantaa.fi\/index.php?rest_route=%2Fwp%2Fv2%2Fcomments&post=1491"}],"version-history":[{"count":1,"href":"https:\/\/www.asukkaidenvantaa.fi\/index.php?rest_route=\/wp\/v2\/posts\/1491\/revisions"}],"predecessor-version":[{"id":1492,"href":"https:\/\/www.asukkaidenvantaa.fi\/index.php?rest_route=\/wp\/v2\/posts\/1491\/revisions\/1492"}],"wp:attachment":[{"href":"https:\/\/www.asukkaidenvantaa.fi\/index.php?rest_route=%2Fwp%2Fv2%2Fmedia&parent=1491"}],"wp:term":[{"taxonomy":"category","embeddable":true,"href":"https:\/\/www.asukkaidenvantaa.fi\/index.php?rest_route=%2Fwp%2Fv2%2Fcategories&post=1491"},{"taxonomy":"post_tag","embeddable":true,"href":"https:\/\/www.asukkaidenvantaa.fi\/index.php?rest_route=%2Fwp%2Fv2%2Ftags&post=1491"}],"curies":[{"name":"wp","href":"https:\/\/api.w.org\/{rel}","templated":true}]}}