{"id":1485,"date":"2013-08-07T11:04:24","date_gmt":"2013-08-07T11:04:24","guid":{"rendered":"http:\/\/www.asukkaidenvantaa.fi\/?p=1485"},"modified":"2013-08-07T11:04:24","modified_gmt":"2013-08-07T11:04:24","slug":"68-vuotta-hiroshimasta","status":"publish","type":"post","link":"https:\/\/www.asukkaidenvantaa.fi\/?p=1485","title":{"rendered":"68 vuotta Hiroshimasta"},"content":{"rendered":"<p>1945 koettiin Japanissa toisen maailmasodan loppuvaiheissa maailman ensimm\u00e4isten atomipommien tuho. Amerikkalaiset pudottivat Hiroshiman ja Nagasakin kaupunkeihin atomipommit. Arvioiden mukaan yli 150 000 ihmist\u00e4 sai surmansa.<br \/>\nHirosiman uhrien muistoa tuhoisan tapahtuman vuosip\u00e4iv\u00e4n\u00e4 vietettiin ymp\u00e4ri maailmaa, my\u00f6s Vantaalla.<br \/>\nOhessa muutama kuva Veinin Myllyll\u00e4  vietetyst\u00e4 muistohetkest\u00e4.<br \/>\n<div id=\"attachment_1493\" style=\"width: 610px\" class=\"wp-caption aligncenter\"><a href=\"\/wp-content\/uploads\/sites\/31\/2013\/08\/Hiroshima-2013-yleis\u00f6-2.jpg\"><img loading=\"lazy\" decoding=\"async\" aria-describedby=\"caption-attachment-1493\" src=\"\/wp-content\/uploads\/sites\/31\/2013\/08\/Hiroshima-2013-yleis\u00f6-2-1024x768.jpg\" alt=\"\" title=\"Hiroshima 2013 yleis\u00f6 2\" width=\"600\" height=\"450\" class=\"size-large wp-image-1493\" \/><\/a><p id=\"caption-attachment-1493\" class=\"wp-caption-text\">Hiroshiman pommituksen vuosip\u00e4iv\u00e4n\u00e4 ker\u00e4\u00e4nnyttiin taas Veinin myllylle muistamaan sodan uhreja ja erityisesti ensimm\u00e4isten atomipommien surmaamia Hiroshiman ja Nagasakin kaupunkien yli 150 000 kuollutta.<\/p><\/div>\n<div id=\"attachment_1487\" style=\"width: 610px\" class=\"wp-caption aligncenter\"><a href=\"\/wp-content\/uploads\/sites\/31\/2013\/08\/20130806_181709.jpg\"><img loading=\"lazy\" decoding=\"async\" aria-describedby=\"caption-attachment-1487\" src=\"\/wp-content\/uploads\/sites\/31\/2013\/08\/20130806_181709-1024x768.jpg\" alt=\"\" title=\"20130806_181709\" width=\"600\" height=\"450\" class=\"size-large wp-image-1487\" srcset=\"https:\/\/www.asukkaidenvantaa.fi\/wp-content\/uploads\/sites\/31\/2013\/08\/20130806_181709-1024x768.jpg 1024w, https:\/\/www.asukkaidenvantaa.fi\/wp-content\/uploads\/sites\/31\/2013\/08\/20130806_181709-300x225.jpg 300w\" sizes=\"auto, (max-width: 600px) 100vw, 600px\" \/><\/a><p id=\"caption-attachment-1487\" class=\"wp-caption-text\">Vantaan Hiroshiman muistotilaisuudessa puhunut Loviisan Rauhanfoorumin p\u00e4\u00e4sihteeri Timo Virtala l\u00e4hestyi rauhanteemaa kertoen tunnetuista v\u00e4kivallattomalla osallistumisella saavutetuista voitoista.<\/p><\/div>\n<div id=\"attachment_1488\" style=\"width: 610px\" class=\"wp-caption aligncenter\"><a href=\"\/wp-content\/uploads\/sites\/31\/2013\/08\/20130806_182732.jpg\"><img loading=\"lazy\" decoding=\"async\" aria-describedby=\"caption-attachment-1488\" src=\"\/wp-content\/uploads\/sites\/31\/2013\/08\/20130806_182732-1024x768.jpg\" alt=\"\" title=\"20130806_182732\" width=\"600\" height=\"450\" class=\"size-large wp-image-1488\" srcset=\"https:\/\/www.asukkaidenvantaa.fi\/wp-content\/uploads\/sites\/31\/2013\/08\/20130806_182732-1024x768.jpg 1024w, https:\/\/www.asukkaidenvantaa.fi\/wp-content\/uploads\/sites\/31\/2013\/08\/20130806_182732-300x225.jpg 300w\" sizes=\"auto, (max-width: 600px) 100vw, 600px\" \/><\/a><p id=\"caption-attachment-1488\" class=\"wp-caption-text\">Tikkurilan El\u00e4kel\u00e4isten Sekakuoro valmistautumassa esiintym\u00e4\u00e4n Vantaan Rauhanpuolustajien Hiroshimatilaisuuden osanottajille.<\/p><\/div>\n<div id=\"attachment_1486\" style=\"width: 610px\" class=\"wp-caption aligncenter\"><a href=\"\/wp-content\/uploads\/sites\/31\/2013\/08\/20130806_184424.jpg\"><img loading=\"lazy\" decoding=\"async\" aria-describedby=\"caption-attachment-1486\" src=\"\/wp-content\/uploads\/sites\/31\/2013\/08\/20130806_184424-1024x768.jpg\" alt=\"\" title=\"20130806_184424\" width=\"600\" height=\"450\" class=\"size-large wp-image-1486\" \/><\/a><p id=\"caption-attachment-1486\" class=\"wp-caption-text\">Keravanjokeen heihetyt kukat lipuvat virran mukana Hiroshiman uhreista muistuttaen.<\/p><\/div>\n","protected":false},"excerpt":{"rendered":"<p>1945 koettiin Japanissa toisen maailmasodan loppuvaiheissa maailman ensimm\u00e4isten atomipommien tuho. Amerikkalaiset pudottivat Hiroshiman ja Nagasakin kaupunkeihin atomipommit. Arvioiden mukaan yli 150 000 ihmist\u00e4 sai surmansa. Hirosiman uhrien muistoa tuhoisan tapahtuman vuosip\u00e4iv\u00e4n\u00e4 vietettiin ymp\u00e4ri maailmaa, my\u00f6s Vantaalla. Ohessa muutama kuva Veinin Myllyll\u00e4 vietetyst\u00e4 muistohetkest\u00e4.<\/p>\n<p class=\"more-link-p\"><a class=\"more-link\" href=\"https:\/\/www.asukkaidenvantaa.fi\/?p=1485\">Lue lis\u00e4\u00e4 \u2192<\/a><\/p>\n","protected":false},"author":5003,"featured_media":0,"comment_status":"open","ping_status":"open","sticky":false,"template":"","format":"standard","meta":{"footnotes":""},"categories":[35],"tags":[209,80,79,210,208],"class_list":["post-1485","post","type-post","status-publish","format-standard","hentry","category-tapahtumat","tag-amerikkalainen","tag-atomipommi","tag-hiroshima","tag-toinen-maailmansota","tag-tuho"],"_links":{"self":[{"href":"https:\/\/www.asukkaidenvantaa.fi\/index.php?rest_route=\/wp\/v2\/posts\/1485","targetHints":{"allow":["GET"]}}],"collection":[{"href":"https:\/\/www.asukkaidenvantaa.fi\/index.php?rest_route=\/wp\/v2\/posts"}],"about":[{"href":"https:\/\/www.asukkaidenvantaa.fi\/index.php?rest_route=\/wp\/v2\/types\/post"}],"author":[{"embeddable":true,"href":"https:\/\/www.asukkaidenvantaa.fi\/index.php?rest_route=\/wp\/v2\/users\/5003"}],"replies":[{"embeddable":true,"href":"https:\/\/www.asukkaidenvantaa.fi\/index.php?rest_route=%2Fwp%2Fv2%2Fcomments&post=1485"}],"version-history":[{"count":4,"href":"https:\/\/www.asukkaidenvantaa.fi\/index.php?rest_route=\/wp\/v2\/posts\/1485\/revisions"}],"predecessor-version":[{"id":1495,"href":"https:\/\/www.asukkaidenvantaa.fi\/index.php?rest_route=\/wp\/v2\/posts\/1485\/revisions\/1495"}],"wp:attachment":[{"href":"https:\/\/www.asukkaidenvantaa.fi\/index.php?rest_route=%2Fwp%2Fv2%2Fmedia&parent=1485"}],"wp:term":[{"taxonomy":"category","embeddable":true,"href":"https:\/\/www.asukkaidenvantaa.fi\/index.php?rest_route=%2Fwp%2Fv2%2Fcategories&post=1485"},{"taxonomy":"post_tag","embeddable":true,"href":"https:\/\/www.asukkaidenvantaa.fi\/index.php?rest_route=%2Fwp%2Fv2%2Ftags&post=1485"}],"curies":[{"name":"wp","href":"https:\/\/api.w.org\/{rel}","templated":true}]}}