{"id":1477,"date":"2013-08-05T16:11:30","date_gmt":"2013-08-05T16:11:30","guid":{"rendered":"http:\/\/www.asukkaidenvantaa.fi\/?p=1477"},"modified":"2014-11-02T11:51:34","modified_gmt":"2014-11-02T11:51:34","slug":"hiroshima-ei-koskaan-enaa","status":"publish","type":"post","link":"https:\/\/www.asukkaidenvantaa.fi\/?p=1477","title":{"rendered":"Hiroshima &#8211; ei koskaan en\u00e4\u00e4"},"content":{"rendered":"<div id=\"attachment_1478\" style=\"width: 610px\" class=\"wp-caption aligncenter\"><a href=\"\/wp-content\/uploads\/sites\/31\/2013\/08\/20130805_164935.jpg\"><img loading=\"lazy\" decoding=\"async\" aria-describedby=\"caption-attachment-1478\" src=\"\/wp-content\/uploads\/sites\/31\/2013\/08\/20130805_164935-1024x768.jpg\" alt=\"\" title=\"20130805_164935\" width=\"600\" height=\"450\" class=\"size-large wp-image-1478\" srcset=\"https:\/\/www.asukkaidenvantaa.fi\/wp-content\/uploads\/sites\/31\/2013\/08\/20130805_164935-1024x768.jpg 1024w, https:\/\/www.asukkaidenvantaa.fi\/wp-content\/uploads\/sites\/31\/2013\/08\/20130805_164935-300x225.jpg 300w\" sizes=\"auto, (max-width: 600px) 100vw, 600px\" \/><\/a><p id=\"caption-attachment-1478\" class=\"wp-caption-text\">Hiroshiman pommituksen vuosip\u00e4iv\u00e4n\u00e4 6.8. klo 18 Hiroshiman pommituksen uhrien muistotilaisuus Veinin myllyll\u00e4 Tikkurilassa.<\/p><\/div>\n<p><a href=\"\/wp-content\/uploads\/sites\/31\/2013\/08\/Hiroshima-ilmoitus.jpg\"><img loading=\"lazy\" decoding=\"async\" src=\"\/wp-content\/uploads\/sites\/31\/2013\/08\/Hiroshima-ilmoitus.jpg\" alt=\"\" title=\"Hiroshima ilmoitus\" width=\"232\" height=\"522\" class=\"aligncenter size-full wp-image-1481\" srcset=\"https:\/\/www.asukkaidenvantaa.fi\/wp-content\/uploads\/sites\/31\/2013\/08\/Hiroshima-ilmoitus.jpg 232w, https:\/\/www.asukkaidenvantaa.fi\/wp-content\/uploads\/sites\/31\/2013\/08\/Hiroshima-ilmoitus-133x300.jpg 133w\" sizes=\"auto, (max-width: 232px) 100vw, 232px\" \/><\/a><\/p>\n","protected":false},"excerpt":{"rendered":"<p class=\"more-link-p\"><a class=\"more-link\" href=\"https:\/\/www.asukkaidenvantaa.fi\/?p=1477\">Lue lis\u00e4\u00e4 \u2192<\/a><\/p>\n","protected":false},"author":5003,"featured_media":1478,"comment_status":"open","ping_status":"open","sticky":false,"template":"","format":"standard","meta":{"footnotes":""},"categories":[35],"tags":[79,207,206,93],"class_list":["post-1477","post","type-post","status-publish","format-standard","has-post-thumbnail","hentry","category-tapahtumat","tag-hiroshima","tag-muistotilaisuus","tag-pommitus","tag-rauhanpuolustajat"],"_links":{"self":[{"href":"https:\/\/www.asukkaidenvantaa.fi\/index.php?rest_route=\/wp\/v2\/posts\/1477","targetHints":{"allow":["GET"]}}],"collection":[{"href":"https:\/\/www.asukkaidenvantaa.fi\/index.php?rest_route=\/wp\/v2\/posts"}],"about":[{"href":"https:\/\/www.asukkaidenvantaa.fi\/index.php?rest_route=\/wp\/v2\/types\/post"}],"author":[{"embeddable":true,"href":"https:\/\/www.asukkaidenvantaa.fi\/index.php?rest_route=\/wp\/v2\/users\/5003"}],"replies":[{"embeddable":true,"href":"https:\/\/www.asukkaidenvantaa.fi\/index.php?rest_route=%2Fwp%2Fv2%2Fcomments&post=1477"}],"version-history":[{"count":5,"href":"https:\/\/www.asukkaidenvantaa.fi\/index.php?rest_route=\/wp\/v2\/posts\/1477\/revisions"}],"predecessor-version":[{"id":1484,"href":"https:\/\/www.asukkaidenvantaa.fi\/index.php?rest_route=\/wp\/v2\/posts\/1477\/revisions\/1484"}],"wp:featuredmedia":[{"embeddable":true,"href":"https:\/\/www.asukkaidenvantaa.fi\/index.php?rest_route=\/wp\/v2\/media\/1478"}],"wp:attachment":[{"href":"https:\/\/www.asukkaidenvantaa.fi\/index.php?rest_route=%2Fwp%2Fv2%2Fmedia&parent=1477"}],"wp:term":[{"taxonomy":"category","embeddable":true,"href":"https:\/\/www.asukkaidenvantaa.fi\/index.php?rest_route=%2Fwp%2Fv2%2Fcategories&post=1477"},{"taxonomy":"post_tag","embeddable":true,"href":"https:\/\/www.asukkaidenvantaa.fi\/index.php?rest_route=%2Fwp%2Fv2%2Ftags&post=1477"}],"curies":[{"name":"wp","href":"https:\/\/api.w.org\/{rel}","templated":true}]}}