{"id":1472,"date":"2013-08-02T06:49:39","date_gmt":"2013-08-02T06:49:39","guid":{"rendered":"http:\/\/www.asukkaidenvantaa.fi\/?p=1472"},"modified":"2013-08-02T06:49:39","modified_gmt":"2013-08-02T06:49:39","slug":"yksi-uusi-tyontekija-muistikoordinaattori-muistisairaiden-palveluun","status":"publish","type":"post","link":"https:\/\/www.asukkaidenvantaa.fi\/?p=1472","title":{"rendered":"Yksi uusi ty\u00f6ntekij\u00e4, muistikoordinaattori, muistisairaiden palveluun"},"content":{"rendered":"<p><strong>Muistisairauksien lis\u00e4\u00e4tyminen luo painetta palveluihin.<\/strong><\/p>\n<p>Uusia muistisairaita todetaan Suomessa 13 000 vuosittain. V\u00e4kim\u00e4\u00e4r\u00e4\u00e4n suhteutettuna Vantaalla todetaan noin 500 uutta muitisairasta vuodessa.<br \/>\nUuden palkkauksen my\u00f6t\u00e4 muistikoordinaattorien lukum\u00e4\u00e4r\u00e4 nousee kolmesta nelj\u00e4\u00e4n. N\u00e4in\u00e4 TVO:n (Talous- ja velkaohjelma) aikoina jokaista terveydenhuoltoon saatua lis\u00e4ty\u00f6ntekij\u00e4\u00e4 on pidett\u00e4v\u00e4 pienen\u00e4 ihmeen\u00e4.<br \/>\nUuden muistikoordinaattorin toimipiste aloittaa Simonkyl\u00e4n vanhustenkeskuksessa elokuun alussa. Aikaisemmat toimivat Koivukyl\u00e4n vanhustenkeskuksessa, Hakunilan p\u00e4iv\u00e4toimintakeskuksessa ja Myyrm\u00e4en vanhustekeskuksessa.<\/p>\n<p>Muistikoordinaattori on muistisairaan ja h\u00e4nen perheens\u00e4 tukemiseen koulutettu sosiaali- ja terveydenhuollon ammattilainen. Muistikoordinaattori antaa tietoa, tukee ja ohjaa muistisairasta, omaisia ja ammattihenkil\u00f6it\u00e4 sek\u00e4 auttaa ongelmatilanteiden selvittelyss\u00e4. Muistikoordinaattorin teht\u00e4viin kuuluu asiakkaan sairauden diagnoosin j\u00e4lkeinen seuranta, kotona asumisen tukeminen, muistisairaan ja omaisten tukeminen, puhelinneuvonta, asiakastapaamiset vastaanotolla, kotik\u00e4ynnit sovitusti, yleisen muistitietouden v\u00e4litt\u00e4minen, ennaltaehk\u00e4isev\u00e4 ty\u00f6 sek\u00e4 opastus ja yhteisty\u00f6 eri ammattiryhmien kanssa.<br \/>\n<div id=\"attachment_1473\" style=\"width: 310px\" class=\"wp-caption aligncenter\"><a href=\"\/wp-content\/uploads\/sites\/31\/2013\/08\/muistisairaus.jpeg\"><img loading=\"lazy\" decoding=\"async\" aria-describedby=\"caption-attachment-1473\" src=\"\/wp-content\/uploads\/sites\/31\/2013\/08\/muistisairaus.jpeg\" alt=\"\" title=\"muistisairaus\" width=\"300\" height=\"168\" class=\"size-full wp-image-1473\" \/><\/a><p id=\"caption-attachment-1473\" class=\"wp-caption-text\">Muistisairaudet yleistyv\u00e4t vauhdilla. Ekoloogisia muistitikkuja tarvitaan yh\u00e4 enemm\u00e4n. Vantaalle nelj\u00e4s muistikoordinaattin vastaanotto elokuun alusta.<\/p><\/div>\n<p><strong>Muistisairaiden apuna my\u00f6s Vantaan Muistiyhdistys ry<\/strong><br \/>\nYhdistys tarjoaa tukea ja palveluja muistisairaille, heid\u00e4n l\u00e4heisilleen ja ammattihenkil\u00f6st\u00f6lle sek\u00e4 edist\u00e4\u00e4 yleist\u00e4 tietoutta muistisairauksista.<br \/>\nYhdistykseen saa yhteytt\u00e4 vaikkapa s\u00e4hk\u00f6postilla muistiyhdistys(at)kolumbus.fi<\/p>\n","protected":false},"excerpt":{"rendered":"<p>Muistisairauksien lis\u00e4\u00e4tyminen luo painetta palveluihin. Uusia muistisairaita todetaan Suomessa 13 000 vuosittain. V\u00e4kim\u00e4\u00e4r\u00e4\u00e4n suhteutettuna Vantaalla todetaan noin 500 uutta muitisairasta vuodessa. Uuden palkkauksen my\u00f6t\u00e4 muistikoordinaattorien lukum\u00e4\u00e4r\u00e4 nousee kolmesta nelj\u00e4\u00e4n. N\u00e4in\u00e4 TVO:n (Talous- ja velkaohjelma) aikoina jokaista terveydenhuoltoon saatua lis\u00e4ty\u00f6ntekij\u00e4\u00e4 on pidett\u00e4v\u00e4 pienen\u00e4 ihmeen\u00e4. Uuden muistikoordinaattorin toimipiste aloittaa Simonkyl\u00e4n vanhustenkeskuksessa elokuun alussa. Aikaisemmat toimivat Koivukyl\u00e4n vanhustenkeskuksessa,&hellip;<\/p>\n<p class=\"more-link-p\"><a class=\"more-link\" href=\"https:\/\/www.asukkaidenvantaa.fi\/?p=1472\">Lue lis\u00e4\u00e4 \u2192<\/a><\/p>\n","protected":false},"author":5003,"featured_media":0,"comment_status":"open","ping_status":"open","sticky":false,"template":"","format":"standard","meta":{"footnotes":""},"categories":[1],"tags":[205,204],"class_list":["post-1472","post","type-post","status-publish","format-standard","hentry","category-uncategorized","tag-muistikoordinaattori","tag-muistisairaus"],"_links":{"self":[{"href":"https:\/\/www.asukkaidenvantaa.fi\/index.php?rest_route=\/wp\/v2\/posts\/1472","targetHints":{"allow":["GET"]}}],"collection":[{"href":"https:\/\/www.asukkaidenvantaa.fi\/index.php?rest_route=\/wp\/v2\/posts"}],"about":[{"href":"https:\/\/www.asukkaidenvantaa.fi\/index.php?rest_route=\/wp\/v2\/types\/post"}],"author":[{"embeddable":true,"href":"https:\/\/www.asukkaidenvantaa.fi\/index.php?rest_route=\/wp\/v2\/users\/5003"}],"replies":[{"embeddable":true,"href":"https:\/\/www.asukkaidenvantaa.fi\/index.php?rest_route=%2Fwp%2Fv2%2Fcomments&post=1472"}],"version-history":[{"count":3,"href":"https:\/\/www.asukkaidenvantaa.fi\/index.php?rest_route=\/wp\/v2\/posts\/1472\/revisions"}],"predecessor-version":[{"id":1476,"href":"https:\/\/www.asukkaidenvantaa.fi\/index.php?rest_route=\/wp\/v2\/posts\/1472\/revisions\/1476"}],"wp:attachment":[{"href":"https:\/\/www.asukkaidenvantaa.fi\/index.php?rest_route=%2Fwp%2Fv2%2Fmedia&parent=1472"}],"wp:term":[{"taxonomy":"category","embeddable":true,"href":"https:\/\/www.asukkaidenvantaa.fi\/index.php?rest_route=%2Fwp%2Fv2%2Fcategories&post=1472"},{"taxonomy":"post_tag","embeddable":true,"href":"https:\/\/www.asukkaidenvantaa.fi\/index.php?rest_route=%2Fwp%2Fv2%2Ftags&post=1472"}],"curies":[{"name":"wp","href":"https:\/\/api.w.org\/{rel}","templated":true}]}}