{"id":143,"date":"2012-05-04T15:08:12","date_gmt":"2012-05-04T15:08:12","guid":{"rendered":"http:\/\/www.asukkaidenvantaa.fi\/?p=143"},"modified":"2012-05-05T16:45:05","modified_gmt":"2012-05-05T16:45:05","slug":"vappuna-muistettiin-luokkasodan-uhreja","status":"publish","type":"post","link":"https:\/\/www.asukkaidenvantaa.fi\/?p=143","title":{"rendered":"Vappuna muistettiin luokkasodan uhreja"},"content":{"rendered":"<p><a href=\"\/wp-content\/uploads\/sites\/31\/2012\/05\/Vappu-2012-016.jpg\"><img loading=\"lazy\" decoding=\"async\" class=\"aligncenter size-large wp-image-144\" title=\"Vappu 2012 016\" src=\"\/wp-content\/uploads\/sites\/31\/2012\/05\/Vappu-2012-016-1024x768.jpg\" alt=\"\" width=\"600\" height=\"450\" srcset=\"https:\/\/www.asukkaidenvantaa.fi\/wp-content\/uploads\/sites\/31\/2012\/05\/Vappu-2012-016-1024x768.jpg 1024w, https:\/\/www.asukkaidenvantaa.fi\/wp-content\/uploads\/sites\/31\/2012\/05\/Vappu-2012-016-300x225.jpg 300w\" sizes=\"auto, (max-width: 600px) 100vw, 600px\" \/><\/a><br \/>\nVantaalainen ty\u00f6v\u00e4en vappu alkoi yhten\u00e4isesti. Vantaalaiset ty\u00f6v\u00e4enj\u00e4rjest\u00f6t, sosiaalidemokraateista kommunisteihin, kokoontuivat kunnioittamaan luokkasodassa kaatuneiden muistoa Vantaan Hiekkaharjussa olevalle muistomerkille. Tilaisuus oli saanut paikalle runsaasti yleis\u00f6\u00e4. Hulmuavat punaiset liput ja Korson Ty\u00f6v\u00e4en Soittokunnan s\u00e4velet virittiv\u00e4t hienoon vapputunnelmaan.<\/p>\n<p>Tilaisuudessa puhunut Erkki Vuorenmaa (SDP) totesi mm:<br \/>\nHYV\u00c4T YST\u00c4V\u00c4T, TOVERIT<br \/>\n  &#8221;Olemme kokoontuneet t\u00e4lle punaisten muistomerkille kunnioittamaan niit\u00e4 ty\u00f6v\u00e4en ihmisi\u00e4, jotka olivat valmiit antamaan kaikkensa vakaumuksensa ja aatteensa puolesta. Tuon ajan ihmiset eliv\u00e4t aikaa mit\u00e4 meid\u00e4n on vaikea ymm\u00e4rt\u00e4\u00e4.<\/p>\n<p>Aikamme ihmiset ovat muodostaneet kantansa kansalaissotaan kirjojen, elokuvien ja yleisen keskustelun kautta. Osa meist\u00e4 on saanut asiasta tietoa vanhemmiltaan tai jopa isovanhemmiltaan.<\/p>\n<p>Omakohtaisesti tied\u00e4n miten is\u00e4 suhtautui &#8221;lahtareihin&#8221; ja poliittiseen oikeistoon. Is\u00e4 oli kansalaissodan aikana 10-vuotias ja h\u00e4nen is\u00e4ns\u00e4 v\u00e4h\u00e4n yli 30-vuotias. Is\u00e4ni suhtautumiseen vaikutti my\u00f6s, ett\u00e4 h\u00e4nen is\u00e4ns\u00e4 oli vangittu, vaikkei onneksi pitk\u00e4ksi ajaksi. Sen ajan ihmisten ty\u00f6 paremman maailman puolesta on luonnut meille kaikille parempaa turvaa ja tulevaisuuden uskoa ja alkua yhteiskunnan uudistumiselle.<\/p>\n<p>Sodan syyt olivat moninaiset. Perussyy oli kuitenkin ihmisten k\u00f6yhyys, huonot ty\u00f6olot, ty\u00f6tt\u00f6myys ja sosiaaliturvan puuttuminen. My\u00f6s tietoisuus kuinka v\u00e4h\u00e4n oli mahdollista vaikuttaa omiin oloihinsa oli eritt\u00e4in merkitt\u00e4v\u00e4 asia. Yleinen tyytym\u00e4tt\u00f6myys purkautui vastustamattomasti hallitsevia kohtaan.<\/p>\n<p>Sodan j\u00e4lkeiset tapahtumat hirvitt\u00e4v\u00e4t. Suuri uhrien m\u00e4\u00e4r\u00e4 vankileireill\u00e4 kauhistuttaa edelleen. M\u00e4\u00e4r\u00e4 oli suuri kun se suhteutetaan suomen v\u00e4kilukuun ja kun sit\u00e4 verrataan muihin eurooppalaisten kansojen kansalaissotiin.<\/p>\n<p>Vastaavia taisteluja, joita suomessa k\u00e4ytiin 1918 k\u00e4yd\u00e4\u00e4n edelleen ymp\u00e4ri maailmaa. k\u00f6yhyys monissa maissa johtaa v\u00e4kivaltaan. Se on my\u00f6s t\u00e4rkein yksitt\u00e4inen syy vallankumouksiin sen lis\u00e4ksi, ett\u00e4 valta on keskittynyt yksiin k\u00e4siin. Yksinvaltius ei ole koskaan ollut valistunutta, koska se johtaa rahan vallan kasvuun ja sivuuttaa demokratian.<\/p>\n<p>Toinen asia, joka valitettavasti jatkuu edelleen: ty\u00f6v\u00e4enliikkeen kahtia jakautuminen. Ihmeellist\u00e4 siin\u00e4 on se, ett\u00e4 se mik\u00e4 erotti ty\u00f6v\u00e4enliikett\u00e4 on aikansa el\u00e4nyt. Hajanaisuus vaikuttaa ty\u00f6v\u00e4enliikkeen yhteiseen voimaan ajaessamme oikeudenmukaisen ja tasa-arvoisen yhteiskunnan kehitt\u00e4mist\u00e4.<\/p>\n<p>Meill\u00e4 on paljon ty\u00f6t\u00e4 j\u00e4ljell\u00e4. ja meid\u00e4n tulee lunastaa joka p\u00e4iv\u00e4 oikeutemme sek\u00e4 luottamuksemme kansalaisten silmiss\u00e4. Se edellytt\u00e4\u00e4 ty\u00f6v\u00e4enliikkeen voimien kokoamista yhten\u00e4iseksi ja voimakkaaksi tekij\u00e4ksi suomalaisessa yhteiskunnassa.<br \/>\nUskon vakaasti, ett\u00e4 tekisimme sill\u00e4 kunniaa edesmenneille sukupolville. Erityisesti niille jotka ovat vaivojaan s\u00e4\u00e4st\u00e4m\u00e4tt\u00e4 ajaneet ja toimineet aatteen puolesta. Yhteinen ty\u00f6v\u00e4enliike on kaikkialla maailmassa osoittanut voimansa.&#8221;<\/p>\n<p>Vuonna 2011 Juha Kovanen (SKP) ehdotti puheessaan uhrien nimien lis\u00e4\u00e4mist\u00e4 muistomerkkiin. Aloite on tehty, toivottavasti se saadaan toteutettua vuoteen 2018 menness\u00e4 jolloin tulee kuluneeksi 100 vuotta luokkasodasta. <\/p>\n","protected":false},"excerpt":{"rendered":"<p>Vantaalainen ty\u00f6v\u00e4en vappu alkoi yhten\u00e4isesti. Vantaalaiset ty\u00f6v\u00e4enj\u00e4rjest\u00f6t, sosiaalidemokraateista kommunisteihin, kokoontuivat kunnioittamaan luokkasodassa kaatuneiden muistoa Vantaan Hiekkaharjussa olevalle muistomerkille. Tilaisuus oli saanut paikalle runsaasti yleis\u00f6\u00e4. Hulmuavat punaiset liput ja Korson Ty\u00f6v\u00e4en Soittokunnan s\u00e4velet virittiv\u00e4t hienoon vapputunnelmaan. Tilaisuudessa puhunut Erkki Vuorenmaa (SDP) totesi mm: HYV\u00c4T YST\u00c4V\u00c4T, TOVERIT &#8221;Olemme kokoontuneet t\u00e4lle punaisten muistomerkille kunnioittamaan niit\u00e4 ty\u00f6v\u00e4en ihmisi\u00e4, jotka&hellip;<\/p>\n<p class=\"more-link-p\"><a class=\"more-link\" href=\"https:\/\/www.asukkaidenvantaa.fi\/?p=143\">Lue lis\u00e4\u00e4 \u2192<\/a><\/p>\n","protected":false},"author":5003,"featured_media":0,"comment_status":"open","ping_status":"open","sticky":false,"template":"","format":"standard","meta":{"footnotes":""},"categories":[1],"tags":[],"class_list":["post-143","post","type-post","status-publish","format-standard","hentry","category-uncategorized"],"_links":{"self":[{"href":"https:\/\/www.asukkaidenvantaa.fi\/index.php?rest_route=\/wp\/v2\/posts\/143","targetHints":{"allow":["GET"]}}],"collection":[{"href":"https:\/\/www.asukkaidenvantaa.fi\/index.php?rest_route=\/wp\/v2\/posts"}],"about":[{"href":"https:\/\/www.asukkaidenvantaa.fi\/index.php?rest_route=\/wp\/v2\/types\/post"}],"author":[{"embeddable":true,"href":"https:\/\/www.asukkaidenvantaa.fi\/index.php?rest_route=\/wp\/v2\/users\/5003"}],"replies":[{"embeddable":true,"href":"https:\/\/www.asukkaidenvantaa.fi\/index.php?rest_route=%2Fwp%2Fv2%2Fcomments&post=143"}],"version-history":[{"count":9,"href":"https:\/\/www.asukkaidenvantaa.fi\/index.php?rest_route=\/wp\/v2\/posts\/143\/revisions"}],"predecessor-version":[{"id":229,"href":"https:\/\/www.asukkaidenvantaa.fi\/index.php?rest_route=\/wp\/v2\/posts\/143\/revisions\/229"}],"wp:attachment":[{"href":"https:\/\/www.asukkaidenvantaa.fi\/index.php?rest_route=%2Fwp%2Fv2%2Fmedia&parent=143"}],"wp:term":[{"taxonomy":"category","embeddable":true,"href":"https:\/\/www.asukkaidenvantaa.fi\/index.php?rest_route=%2Fwp%2Fv2%2Fcategories&post=143"},{"taxonomy":"post_tag","embeddable":true,"href":"https:\/\/www.asukkaidenvantaa.fi\/index.php?rest_route=%2Fwp%2Fv2%2Ftags&post=143"}],"curies":[{"name":"wp","href":"https:\/\/api.w.org\/{rel}","templated":true}]}}