{"id":1428,"date":"2013-07-01T11:11:27","date_gmt":"2013-07-01T11:11:27","guid":{"rendered":"http:\/\/www.asukkaidenvantaa.fi\/?p=1428"},"modified":"2013-07-01T11:11:27","modified_gmt":"2013-07-01T11:11:27","slug":"toimeentulohakemusten-ja-paatosten-kasittelyajat-lyhentyneet-vantaalla","status":"publish","type":"post","link":"https:\/\/www.asukkaidenvantaa.fi\/?p=1428","title":{"rendered":"Toimeentulohakemusten ja p\u00e4\u00e4t\u00f6sten k\u00e4sittelyajat lyhentyneet Vantaalla"},"content":{"rendered":"<p><strong>Vantaan sosiaali- ja terveyslautakunta kokoontui ylim\u00e4\u00e4r\u00e4iseen kokoukseen 28.6. kuulemaan toimeentulohakemusten ja p\u00e4\u00e4t\u00f6sten nykytilannetta.<\/strong><br \/>\nLautakunnata sai kuulla, ett\u00e4 tilanne on parantunut huomattavasti.<br \/>\nL\u00e4hes kaikissa toimipisteiss\u00e4 hakemukset pystyt\u00e4\u00e4n k\u00e4sittelem\u00e4\u00e4n ajoissa. Noin 95 % hakemuksista k\u00e4sitell\u00e4\u00e4n lain s\u00e4\u00e4t\u00e4m\u00e4ss\u00e4 ajassa alle seisem\u00e4ss\u00e4 p\u00e4iv\u00e4ss\u00e4. Useissa ty\u00f6pisteiss\u00e4 merkitt\u00e4v\u00e4 osa hakemuksesta k\u00e4sitell\u00e4\u00e4n kahdessa kolmessa p\u00e4iv\u00e4ss\u00e4.<br \/>\nSosiaaliviraston palvelup\u00e4\u00e4llikk\u00f6 Virve Flinkkil\u00e4 arvio, ett\u00e4 lakis\u00e4\u00e4teiseen tilanteeseen kaikilta osin p\u00e4\u00e4st\u00e4\u00e4n hein\u00e4kuun loppuun menness\u00e4.<br \/>\n<div id=\"attachment_1429\" style=\"width: 310px\" class=\"wp-caption aligncenter\"><a href=\"\/wp-content\/uploads\/sites\/31\/2013\/07\/toimeentulohakemus.jpeg\"><img loading=\"lazy\" decoding=\"async\" aria-describedby=\"caption-attachment-1429\" src=\"\/wp-content\/uploads\/sites\/31\/2013\/07\/toimeentulohakemus.jpeg\" alt=\"\" title=\"toimeentulohakemus\" width=\"300\" height=\"168\" class=\"size-full wp-image-1429\" \/><\/a><p id=\"caption-attachment-1429\" class=\"wp-caption-text\">Toimeentulohakemusten k\u00e4sittelyajat lyhentyneet Vantaalla. Lain m\u00e4\u00e4r\u00e4\u00e4m\u00e4ss\u00e4 viikon m\u00e4\u00e4r\u00e4ajassa k\u00e4sitell\u00e4\u00e4n jo l\u00e4hes kaikki hakemukset.<\/p><\/div>\n<p><strong>Vantaan selvinnee uhkasakosta.<\/strong><br \/>\nToimeentulohakemusten k\u00e4sittelyn laiton tila johti siihen, ett\u00e4 Aluehallintovirasto m\u00e4\u00e4r\u00e4si Vantaalle useiden satojen tuhansien uhkasakon laittomasta tilanteesta. Vantaan on raportoitava tilanteestaan hein\u00e4kuun lopussa Aluehallintovirastolle. Nyt n\u00e4ytt\u00e4\u00e4kin silt\u00e4, ett\u00e4 Vantaa selvi\u00e4\u00e4 ilman sakkoja.<\/p>\n<p><strong>Esimerkki onnettomasta ja typer\u00e4st\u00e4 p\u00e4\u00e4t\u00f6ksenteosta.<\/strong><br \/>\nP\u00e4\u00e4t\u00f6kset toimeentulohakemusten ymp\u00e4rill\u00e4 on ollut todellista h\u00f6lm\u00f6l\u00e4isten hommaa. Henkil\u00f6kuntaa v\u00e4hennettiin toimeentulohakemusten k\u00e4sittelyst\u00e4 vaikka tiedettiin, ett\u00e4 se johtaa laittomaan tilanteeseen. Tilanteen saattamiseksi takaisin lailliselle tasolle peruutetut palkkaukset oli palautettava. Monet ihmiset joutuivat jo k\u00e4rsim\u00e4\u00e4n t\u00e4st\u00e4 &#8221;s\u00e4\u00e4st\u00e4misest\u00e4&#8221;.<br \/>\nLis\u00e4ksi Vantaa sai melkoisen klommon maineeseensa v\u00e4hempiosaisten v\u00e4linpit\u00e4m\u00e4tt\u00f6m\u00e4st\u00e4 kohtelusta.<br \/>\n<div id=\"attachment_1431\" style=\"width: 285px\" class=\"wp-caption aligncenter\"><a href=\"\/wp-content\/uploads\/sites\/31\/2013\/07\/leip\u00e4jono.jpeg\"><img loading=\"lazy\" decoding=\"async\" aria-describedby=\"caption-attachment-1431\" src=\"\/wp-content\/uploads\/sites\/31\/2013\/07\/leip\u00e4jono.jpeg\" alt=\"\" title=\"leip\u00e4jono\" width=\"275\" height=\"183\" class=\"size-full wp-image-1431\" \/><\/a><p id=\"caption-attachment-1431\" class=\"wp-caption-text\">Ruoka-avun lopettaminen Koivukyl\u00e4ss\u00e4 ja toimeentulohakemusten hidas k\u00e4sittely n\u00e4kyi Hurstin leip\u00e4jonossa lis\u00e4\u00e4ntynein\u00e4 avuntarvitsijoina. Vahti ry:n kahvilatoiminta Tikkurilan  Minttukirkolla yritt\u00e4\u00e4 paikata tilannetta. <\/p><\/div>\n","protected":false},"excerpt":{"rendered":"<p>Vantaan sosiaali- ja terveyslautakunta kokoontui ylim\u00e4\u00e4r\u00e4iseen kokoukseen 28.6. kuulemaan toimeentulohakemusten ja p\u00e4\u00e4t\u00f6sten nykytilannetta. Lautakunnata sai kuulla, ett\u00e4 tilanne on parantunut huomattavasti. L\u00e4hes kaikissa toimipisteiss\u00e4 hakemukset pystyt\u00e4\u00e4n k\u00e4sittelem\u00e4\u00e4n ajoissa. Noin 95 % hakemuksista k\u00e4sitell\u00e4\u00e4n lain s\u00e4\u00e4t\u00e4m\u00e4ss\u00e4 ajassa alle seisem\u00e4ss\u00e4 p\u00e4iv\u00e4ss\u00e4. Useissa ty\u00f6pisteiss\u00e4 merkitt\u00e4v\u00e4 osa hakemuksesta k\u00e4sitell\u00e4\u00e4n kahdessa kolmessa p\u00e4iv\u00e4ss\u00e4. Sosiaaliviraston palvelup\u00e4\u00e4llikk\u00f6 Virve Flinkkil\u00e4 arvio, ett\u00e4 lakis\u00e4\u00e4teiseen&hellip;<\/p>\n<p class=\"more-link-p\"><a class=\"more-link\" href=\"https:\/\/www.asukkaidenvantaa.fi\/?p=1428\">Lue lis\u00e4\u00e4 \u2192<\/a><\/p>\n","protected":false},"author":5003,"featured_media":0,"comment_status":"open","ping_status":"open","sticky":false,"template":"","format":"standard","meta":{"footnotes":""},"categories":[1],"tags":[],"class_list":["post-1428","post","type-post","status-publish","format-standard","hentry","category-uncategorized"],"_links":{"self":[{"href":"https:\/\/www.asukkaidenvantaa.fi\/index.php?rest_route=\/wp\/v2\/posts\/1428","targetHints":{"allow":["GET"]}}],"collection":[{"href":"https:\/\/www.asukkaidenvantaa.fi\/index.php?rest_route=\/wp\/v2\/posts"}],"about":[{"href":"https:\/\/www.asukkaidenvantaa.fi\/index.php?rest_route=\/wp\/v2\/types\/post"}],"author":[{"embeddable":true,"href":"https:\/\/www.asukkaidenvantaa.fi\/index.php?rest_route=\/wp\/v2\/users\/5003"}],"replies":[{"embeddable":true,"href":"https:\/\/www.asukkaidenvantaa.fi\/index.php?rest_route=%2Fwp%2Fv2%2Fcomments&post=1428"}],"version-history":[{"count":3,"href":"https:\/\/www.asukkaidenvantaa.fi\/index.php?rest_route=\/wp\/v2\/posts\/1428\/revisions"}],"predecessor-version":[{"id":1433,"href":"https:\/\/www.asukkaidenvantaa.fi\/index.php?rest_route=\/wp\/v2\/posts\/1428\/revisions\/1433"}],"wp:attachment":[{"href":"https:\/\/www.asukkaidenvantaa.fi\/index.php?rest_route=%2Fwp%2Fv2%2Fmedia&parent=1428"}],"wp:term":[{"taxonomy":"category","embeddable":true,"href":"https:\/\/www.asukkaidenvantaa.fi\/index.php?rest_route=%2Fwp%2Fv2%2Fcategories&post=1428"},{"taxonomy":"post_tag","embeddable":true,"href":"https:\/\/www.asukkaidenvantaa.fi\/index.php?rest_route=%2Fwp%2Fv2%2Ftags&post=1428"}],"curies":[{"name":"wp","href":"https:\/\/api.w.org\/{rel}","templated":true}]}}